{"id":96730,"date":"2022-08-04T17:09:28","date_gmt":"2022-08-04T20:09:28","guid":{"rendered":"https:\/\/tvtecjundiai.com.br\/news\/?p=96730"},"modified":"2022-08-04T17:09:32","modified_gmt":"2022-08-04T20:09:32","slug":"agosto-dourado-usuarios-da-assistencia-social-visitam-o-mundo-das-criancas","status":"publish","type":"post","link":"https:\/\/tvtecjundiai.com.br\/news\/2022\/08\/04\/agosto-dourado-usuarios-da-assistencia-social-visitam-o-mundo-das-criancas\/","title":{"rendered":"Agosto Dourado: usu\u00e1rios da Assist\u00eancia Social visitam o Mundo das Crian\u00e7as"},"content":{"rendered":"\n<p>Na manh\u00e3 desta quinta-feira (04), Luciana Aparecida esteve pela primeira vez no Mundo das Crian\u00e7as com seus dois filhos, Breno (2 anos e 4 meses) e Julia Gabriele (9 anos), que j\u00e1 visitou o local outras vezes. Junto com outros cerca de 25 atendidos pelo Centro de Refer\u00eancia de Assist\u00eancia Social (Cras) Leste, a fam\u00edlia foi ao local em visita organizada pela Unidade de Gest\u00e3o de Assist\u00eancia e Desenvolvimento Social (UGADS) em alus\u00e3o ao Agosto Dourado, que incentiva as boas pr\u00e1ticas para a Inf\u00e2ncia e a amamenta\u00e7\u00e3o, al\u00e9m do incentivo \u00e0s brincadeiras ao ar livre entre as fam\u00edlias e suas crian\u00e7as.<\/p>\n\n\n\n<p>Al\u00e9m de acompanhar os filhos enquanto exploravam e brincavam, Luciana aproveitou a sombra das primaveras floridas sobre um pergolado na zona de Lazer Livre para amamentar o filho. \u201cGostei muito daqui, achei tudo lindo. Aproveitei o espa\u00e7o entre uma brincadeira e outra para amamentar. Todos os meus filhos foram amamentados at\u00e9 os 3 anos de idade, acho importante para a sa\u00fade deles\u201d, comenta Luciana, moradora do Caxambu e que \u00e9 atendida pelo Cras, recebe benef\u00edcios sociais e a visita\u00e7\u00e3o do programa Crian\u00e7a Feliz.<\/p>\n\n\n\n<figure class=\"wp-block-image\"><img decoding=\"async\" src=\"https:\/\/jundiai.sp.gov.br\/noticias\/wp-content\/uploads\/sites\/32\/2022\/08\/mundo-das-criancas-agosto-dourado-ugads-criancas-atendidas-pelo-cras-sao-camilo_fm_-89.jpg\" alt=\"Mulher amamentando um filho, com uma filha ao lado, sentados em banco de madeira, sob a sombra de \u00e1rvores e com rede ao fundo\" class=\"wp-image-298445\" \/><figcaption>Luciana, Breno e Julia: passeio ao Mundo das Crian\u00e7as rendeu momentos prazerosos em fam\u00edlia<\/figcaption><\/figure>\n\n\n\n<p>Durante toda a visita, as crian\u00e7as conheceram o Foguete, a Casa na \u00c1rvore e se refrescaram no chafariz, acompanhadas por seus cuidadores e pelos monitores do local.<\/p>\n\n\n\n<p>Segundo a gestora da UGADS, Maria Brant, a proposta integra as iniciativas intersetoriais da Prefeitura. \u201cPor meio do programa Cidade das Crian\u00e7as, em parceria com diversas Unidades da Prefeitura, a UGADS tem promovido estas visitas de seus usu\u00e1rios a equipamentos p\u00fablicos municipais, como o Mundo e a F\u00e1brica das Inf\u00e2ncias Japy. Al\u00e9m de incentivar o pertencimento e apropria\u00e7\u00e3o desses espa\u00e7os, incentivamos a cria\u00e7\u00e3o de repert\u00f3rio e as trocas de saberes das crian\u00e7as com seus cuidadores\u201d.<\/p>\n\n\n\n<p>Todos os Cras da cidade ser\u00e3o contemplados com os passeios, que ir\u00e3o acontecer todas as quintas-feiras do m\u00eas de agosto, j\u00e1 com inscri\u00e7\u00f5es encerradas. As visitas ser\u00e3o no per\u00edodo da manh\u00e3 e da tarde.<\/p>\n\n\n\n<figure class=\"wp-block-image\"><a href=\"https:\/\/jundiai.sp.gov.br\/noticias\/wp-content\/uploads\/sites\/32\/2022\/08\/mundo-das-criancas-agosto-dourado-ugads-criancas-atendidas-pelo-cras-sao-camilo_fm_-93.jpg\"><img decoding=\"async\" src=\"https:\/\/jundiai.sp.gov.br\/noticias\/wp-content\/uploads\/sites\/32\/2022\/08\/mundo-das-criancas-agosto-dourado-ugads-criancas-atendidas-pelo-cras-sao-camilo_fm_-93.jpg\" alt=\"Um menino e uma menina brincando, andando sobre brinquedo de madeira com cordas, com gramado verde ao fundo\" class=\"wp-image-298448\" \/><\/a><figcaption>Ao longo de agosto UGADS ir\u00e1 promover o mesmo passeio para todos os Cras do Munic\u00edpio<br><\/figcaption><\/figure>\n\n\n\n<p><strong>Agosto Dourado<\/strong><br>Proposta pela Organiza\u00e7\u00e3o Mundial de Sa\u00fade (OMS) para o incentivo \u00e0 amamenta\u00e7\u00e3o, o Agosto Dourado no Munic\u00edpio integra as a\u00e7\u00f5es de diversas Unidades de Gest\u00e3o da Prefeitura, por meio do programa municipal Cidade das Crian\u00e7as. Integra tamb\u00e9m o exitoso e j\u00e1 premiado internacionalmente programa estadual S\u00e3o Paulo pela Primeir\u00edssima Inf\u00e2ncia, em parceria com os munic\u00edpios da Regi\u00e3o Metropolitana de Jundia\u00ed (RMJ).\u00a0<a href=\"https:\/\/jundiai.sp.gov.br\/noticias\/2022\/08\/02\/agosto-dourado-do-bebe-da-infancia-e-do-brincar-livre\/\">A inaugura\u00e7\u00e3o oficial da programa\u00e7\u00e3o, que integra tamb\u00e9m a Semana do Beb\u00ea e a Semana Mundial do Aleitamento Materno foi realizada na \u00faltima segunda-feira (01), no Teatro Polytheama<\/a>.<\/p>\n\n\n\n<p><strong><em>(Fonte\/Imagem: Prefeitura de Jundia\u00ed)<\/em><\/strong><\/p>\n","protected":false},"excerpt":{"rendered":"<p>Todos os Cras da cidade ser\u00e3o contemplados com os passeios.<\/p>\n","protected":false},"author":27,"featured_media":96731,"comment_status":"closed","ping_status":"0","sticky":false,"template":"","format":"standard","meta":{"footnotes":""},"categories":[8356],"tags":[],"class_list":["post-96730","post","type-post","status-publish","format-standard","has-post-thumbnail","hentry","category-jundiai"],"_links":{"self":[{"href":"https:\/\/tvtecjundiai.com.br\/news\/wp-json\/wp\/v2\/posts\/96730","targetHints":{"allow":["GET"]}}],"collection":[{"href":"https:\/\/tvtecjundiai.com.br\/news\/wp-json\/wp\/v2\/posts"}],"about":[{"href":"https:\/\/tvtecjundiai.com.br\/news\/wp-json\/wp\/v2\/types\/post"}],"author":[{"embeddable":true,"href":"https:\/\/tvtecjundiai.com.br\/news\/wp-json\/wp\/v2\/users\/27"}],"replies":[{"embeddable":true,"href":"https:\/\/tvtecjundiai.com.br\/news\/wp-json\/wp\/v2\/comments?post=96730"}],"version-history":[{"count":1,"href":"https:\/\/tvtecjundiai.com.br\/news\/wp-json\/wp\/v2\/posts\/96730\/revisions"}],"predecessor-version":[{"id":96733,"href":"https:\/\/tvtecjundiai.com.br\/news\/wp-json\/wp\/v2\/posts\/96730\/revisions\/96733"}],"wp:featuredmedia":[{"embeddable":true,"href":"https:\/\/tvtecjundiai.com.br\/news\/wp-json\/wp\/v2\/media\/96731"}],"wp:attachment":[{"href":"https:\/\/tvtecjundiai.com.br\/news\/wp-json\/wp\/v2\/media?parent=96730"}],"wp:term":[{"taxonomy":"category","embeddable":true,"href":"https:\/\/tvtecjundiai.com.br\/news\/wp-json\/wp\/v2\/categories?post=96730"},{"taxonomy":"post_tag","embeddable":true,"href":"https:\/\/tvtecjundiai.com.br\/news\/wp-json\/wp\/v2\/tags?post=96730"}],"curies":[{"name":"wp","href":"https:\/\/api.w.org\/{rel}","templated":true}]}}