{"id":96737,"date":"2022-08-04T17:23:58","date_gmt":"2022-08-04T20:23:58","guid":{"rendered":"https:\/\/tvtecjundiai.com.br\/news\/?p=96737"},"modified":"2022-08-04T17:23:59","modified_gmt":"2022-08-04T20:23:59","slug":"com-2678-de-umidade-relativa-jundiai-segue-em-estado-de-atencao","status":"publish","type":"post","link":"https:\/\/tvtecjundiai.com.br\/news\/2022\/08\/04\/com-2678-de-umidade-relativa-jundiai-segue-em-estado-de-atencao\/","title":{"rendered":"Com 26,78% de umidade relativa, Jundia\u00ed segue em Estado de Aten\u00e7\u00e3o"},"content":{"rendered":"\n<p>A Defesa Civil de Jundia\u00ed informa que o munic\u00edpio segue com a umidade relativa do ar (URA) abaixo da casa dos 30%, o que caracteriza Estado de Aten\u00e7\u00e3o. Na \u00faltima medi\u00e7\u00e3o realizada nesta quinta-feira (4), Jundia\u00ed atingiu, \u00e0s 16h, os \u00edndices ca\u00edram ainda mais em compara\u00e7\u00e3o com a ter\u00e7a-feira (2), chegando \u00e0 marca de 26,78% de URA.<\/p>\n\n\n\n<p>Nos \u00faltimos cinco dias, a umidade relativa do ar em Jundia\u00ed variou entre 23% e 32%. Dessa forma, o munic\u00edpio se encontra em Estado de Aten\u00e7\u00e3o, caracterizado por \u00edndices entre 21% e 29% de Relativa do Ar. No m\u00eas de julho estivemos por cinco dias com a URA no Estado de Aten\u00e7\u00e3o, e neste m\u00eas de agosto estivemos em Aten\u00e7\u00e3o nos dias 1, 2 e hoje, dia 4.<\/p>\n\n\n\n<p>De acordo com a Defesa Civil, esse alerta \u00e9 expedido para quando o \u00edndice de umidade relativa do ar ficar abaixo dos 30%, o que j\u00e1 \u00e9 considerado preocupante, pois o n\u00edvel de observa\u00e7\u00e3o \u00e9 de 30% a 100%. E o ideal recomendo fica entre 40% e 70%.<\/p>\n\n\n\n<p>Quando o percentual cai para menos de 30% \u00e9 considerada uma situa\u00e7\u00e3o de aten\u00e7\u00e3o e os preju\u00edzos para a sa\u00fade se tornam mais evidentes. Sendo assim, a Defesa Civil orienta e recomenda para que as pessoas evitem fazer exerc\u00edcios f\u00edsicos ao ar livre, mantenham-se hidratadas consumindo bastante l\u00edquido e ao abrigo do sol.<\/p>\n\n\n<div class=\"wp-block-image\">\n<figure class=\"aligncenter\"><img decoding=\"async\" src=\"https:\/\/jundiai.sp.gov.br\/noticias\/wp-content\/uploads\/sites\/32\/2015\/09\/sol_P6G-720x466.jpg\" alt=\"Dia de sol, calor e baixa umidade do ar em Jundia\u00ed\" class=\"wp-image-155330\" \/><figcaption>Dia de sol, calor e baixa umidade do ar em Jundia\u00ed<\/figcaption><\/figure>\n<\/div>\n\n\n<p><strong><em>(Fonte\/Imagem: Prefeitura de Jundia\u00ed)<\/em><\/strong><\/p>\n","protected":false},"excerpt":{"rendered":"<p>O munic\u00edpio se encontra em Estado de Aten\u00e7\u00e3o, caracterizado por \u00edndices entre 21% e 29%.<\/p>\n","protected":false},"author":27,"featured_media":96738,"comment_status":"closed","ping_status":"0","sticky":false,"template":"","format":"standard","meta":{"footnotes":""},"categories":[8356],"tags":[],"class_list":["post-96737","post","type-post","status-publish","format-standard","has-post-thumbnail","hentry","category-jundiai"],"_links":{"self":[{"href":"https:\/\/tvtecjundiai.com.br\/news\/wp-json\/wp\/v2\/posts\/96737","targetHints":{"allow":["GET"]}}],"collection":[{"href":"https:\/\/tvtecjundiai.com.br\/news\/wp-json\/wp\/v2\/posts"}],"about":[{"href":"https:\/\/tvtecjundiai.com.br\/news\/wp-json\/wp\/v2\/types\/post"}],"author":[{"embeddable":true,"href":"https:\/\/tvtecjundiai.com.br\/news\/wp-json\/wp\/v2\/users\/27"}],"replies":[{"embeddable":true,"href":"https:\/\/tvtecjundiai.com.br\/news\/wp-json\/wp\/v2\/comments?post=96737"}],"version-history":[{"count":1,"href":"https:\/\/tvtecjundiai.com.br\/news\/wp-json\/wp\/v2\/posts\/96737\/revisions"}],"predecessor-version":[{"id":96739,"href":"https:\/\/tvtecjundiai.com.br\/news\/wp-json\/wp\/v2\/posts\/96737\/revisions\/96739"}],"wp:featuredmedia":[{"embeddable":true,"href":"https:\/\/tvtecjundiai.com.br\/news\/wp-json\/wp\/v2\/media\/96738"}],"wp:attachment":[{"href":"https:\/\/tvtecjundiai.com.br\/news\/wp-json\/wp\/v2\/media?parent=96737"}],"wp:term":[{"taxonomy":"category","embeddable":true,"href":"https:\/\/tvtecjundiai.com.br\/news\/wp-json\/wp\/v2\/categories?post=96737"},{"taxonomy":"post_tag","embeddable":true,"href":"https:\/\/tvtecjundiai.com.br\/news\/wp-json\/wp\/v2\/tags?post=96737"}],"curies":[{"name":"wp","href":"https:\/\/api.w.org\/{rel}","templated":true}]}}