{"id":96740,"date":"2022-08-05T08:47:07","date_gmt":"2022-08-05T11:47:07","guid":{"rendered":"https:\/\/tvtecjundiai.com.br\/news\/?p=96740"},"modified":"2022-08-05T08:47:08","modified_gmt":"2022-08-05T11:47:08","slug":"jo-soares-morre-aos-84-anos-em-sao-paulo","status":"publish","type":"post","link":"https:\/\/tvtecjundiai.com.br\/news\/2022\/08\/05\/jo-soares-morre-aos-84-anos-em-sao-paulo\/","title":{"rendered":"J\u00f4 Soares morre aos 84 anos em S\u00e3o Paulo"},"content":{"rendered":"\n<p>O apresentador, humorista, ator e escritor<strong> J\u00f4 Soares<\/strong> morreu \u00e0s 2h30 desta sexta-feira (5), aos 84 anos, em S\u00e3o Paulo. Considerado um dos maiores humoristas do Brasil, o apresentador estava internado desde 28 de julho no Hospital S\u00edrio-Liban\u00eas, na regi\u00e3o central de S\u00e3o Paulo, onde deu entrada para tratar de uma pneumonia.<\/p>\n\n\n\n<p>A causa da morte n\u00e3o foi divulgada. O enterro e vel\u00f3rio ser\u00e3o reservados \u00e0 fam\u00edlia e aos amigos, em data e local ainda n\u00e3o informados.<\/p>\n\n\n\n<p>O an\u00fancio da morte foi feito por Fl\u00e1via Pedras, ex-mulher de J\u00f4, e confirmada em nota pela assessoria de imprensa do Hospital S\u00edrio-Liban\u00eas.<\/p>\n\n\n\n<p>&#8220;Voc\u00ea \u00e9 orgulho pra todo mundo que compartilhou de alguma forma a vida com voc\u00ea. Agrade\u00e7o aos senhores Tempo e Espa\u00e7o, por terem me dado a sorte de deixar nossas vidas se cruzarem. Obrigada pelas risadas de dar asma, por nossas casas do meu jeito, pelas viagens aos lugares mais chiques e mais mequetrefes, pela quantidade de filmes, que voc\u00ea achava uma sorte eu n\u00e3o lembrar pra ver de novo, e pela quantidade indecente de sorvete que a gente tomou assistindo\u201d, escreveu Fl\u00e1via em uma rede social.<\/p>\n\n\n<div class=\"wp-block-image\">\n<figure class=\"aligncenter size-full\"><img loading=\"lazy\" decoding=\"async\" width=\"618\" height=\"406\" src=\"https:\/\/tvtecjundiai.com.br\/news\/wp-content\/uploads\/sites\/2\/2022\/08\/morre-jo-soares.jpg\" alt=\"\" class=\"wp-image-96741\" srcset=\"https:\/\/tvtecjundiai.com.br\/news\/wp-content\/uploads\/sites\/2\/2022\/08\/morre-jo-soares.jpg 618w, https:\/\/tvtecjundiai.com.br\/news\/wp-content\/uploads\/sites\/2\/2022\/08\/morre-jo-soares-300x197.jpg 300w\" sizes=\"auto, (max-width: 618px) 100vw, 618px\" \/><figcaption>Foto: Celso Tavares\/g1<\/figcaption><\/figure>\n<\/div>\n\n\n<p><strong>Humor como marca registrada<\/strong><\/p>\n\n\n\n<p>Em todas as suas in\u00fameras atividades art\u00edsticas \u2013 entrevistador, ator, escritor, dramaturgo, diretor, roteirista, pintor\u2026 \u2013, J\u00f4 Soares teve o humor como marca registrada. Foi seu ponto de partida e sua assinatura no teatro, na TV, no cinema, nas artes pl\u00e1sticas e na literatura. Ele pr\u00f3prio gostava de admitir isso.<\/p>\n\n\n\n<p>&#8220;Tudo o que fiz, tudo o que fa\u00e7o, sempre tem como base o humor. Desde que nasci, desde sempre&#8221;, afirmou J\u00f4, em depoimento ao site Mem\u00f3ria Globo.<\/p>\n\n\n\n<p>Nos \u00faltimos 25 anos, J\u00f4 ficou conhecido por ser o apresentador de um talk-show famoso do pa\u00eds. Na TV Globo, estrelava o\u00a0<strong>\u201cPrograma do J\u00f4\u201d<\/strong>, exibido de 2000 a 2016.<\/p>\n\n\n\n<p>Considerado pioneiro do stand-up, tamb\u00e9m se destacou por ser um dos principais comediantes da hist\u00f3ria do Brasil, participando de atra\u00e7\u00f5es que fizeram hist\u00f3ria na TV, como \u201cA fam\u00edlia Trapo\u201d (1966), \u201cPlaneta dos homens\u201d (1977) e \u201cViva o Gordo\u201d (1981). Al\u00e9m disso, escreveu livros e atuou em 22 filmes.<\/p>\n\n\n\n<p><em><strong>(Fonte: g1\/Imagem: Celso Tavares\/g1)<\/strong><\/em><\/p>\n","protected":false},"excerpt":{"rendered":"<p>Apresentador estava internado desde o dia 28 de julho no Hospital S\u00edrio Liban\u00eas<\/p>\n","protected":false},"author":30,"featured_media":96741,"comment_status":"closed","ping_status":"0","sticky":false,"template":"","format":"standard","meta":{"footnotes":""},"categories":[2833,3060,1],"tags":[],"class_list":["post-96740","post","type-post","status-publish","format-standard","has-post-thumbnail","hentry","category-cultura","category-geral","category-noticias"],"_links":{"self":[{"href":"https:\/\/tvtecjundiai.com.br\/news\/wp-json\/wp\/v2\/posts\/96740","targetHints":{"allow":["GET"]}}],"collection":[{"href":"https:\/\/tvtecjundiai.com.br\/news\/wp-json\/wp\/v2\/posts"}],"about":[{"href":"https:\/\/tvtecjundiai.com.br\/news\/wp-json\/wp\/v2\/types\/post"}],"author":[{"embeddable":true,"href":"https:\/\/tvtecjundiai.com.br\/news\/wp-json\/wp\/v2\/users\/30"}],"replies":[{"embeddable":true,"href":"https:\/\/tvtecjundiai.com.br\/news\/wp-json\/wp\/v2\/comments?post=96740"}],"version-history":[{"count":1,"href":"https:\/\/tvtecjundiai.com.br\/news\/wp-json\/wp\/v2\/posts\/96740\/revisions"}],"predecessor-version":[{"id":96742,"href":"https:\/\/tvtecjundiai.com.br\/news\/wp-json\/wp\/v2\/posts\/96740\/revisions\/96742"}],"wp:featuredmedia":[{"embeddable":true,"href":"https:\/\/tvtecjundiai.com.br\/news\/wp-json\/wp\/v2\/media\/96741"}],"wp:attachment":[{"href":"https:\/\/tvtecjundiai.com.br\/news\/wp-json\/wp\/v2\/media?parent=96740"}],"wp:term":[{"taxonomy":"category","embeddable":true,"href":"https:\/\/tvtecjundiai.com.br\/news\/wp-json\/wp\/v2\/categories?post=96740"},{"taxonomy":"post_tag","embeddable":true,"href":"https:\/\/tvtecjundiai.com.br\/news\/wp-json\/wp\/v2\/tags?post=96740"}],"curies":[{"name":"wp","href":"https:\/\/api.w.org\/{rel}","templated":true}]}}