{"id":96747,"date":"2022-08-05T08:54:37","date_gmt":"2022-08-05T11:54:37","guid":{"rendered":"https:\/\/tvtecjundiai.com.br\/news\/?p=96747"},"modified":"2022-08-05T08:54:40","modified_gmt":"2022-08-05T11:54:40","slug":"dia-dos-avos-agita-a-programacao-nos-centros-esportivos","status":"publish","type":"post","link":"https:\/\/tvtecjundiai.com.br\/news\/2022\/08\/05\/dia-dos-avos-agita-a-programacao-nos-centros-esportivos\/","title":{"rendered":"Dia dos Av\u00f3s agita a programa\u00e7\u00e3o nos Centros Esportivos"},"content":{"rendered":"\n<p>Valorizar o importante papel dos av\u00f3s no desenvolvimento dos netos, da mesma forma que os idosos precisam conhecer e se adaptar a um mundo novo, com novas tecnologias e mudan\u00e7as de comportamento. Estas formas de rela\u00e7\u00e3o, o conv\u00edvio entre as diferentes faixas et\u00e1rias e como elas se relacionam \u00e9 o conceito da integeracionalidade e que faz parte das atividades em celebra\u00e7\u00e3o ao Dia dos Av\u00f3s, em Jundia\u00ed, Cidade das Crian\u00e7as.<\/p>\n\n\n\n<p>Nesta quinta-feira (4), as atividades aconteceram no CECE Benedito de Lima, enquanto na quarta-feira (3), o CECE Aramis Polli recebeu o p\u00fablico e os educadores esportivos para brincadeiras, pr\u00e1tica de atividades f\u00edsicas e intera\u00e7\u00e3o entre netos e av\u00f3s.<\/p>\n\n\n\n<p>\u201cFoi uma del\u00edcia, participamos de v\u00e1rias brincadeiras da nossa \u00e9poca como bugalha, bolinha de gude, pula corda, jogo da velha etc. Eu e outra senhora ensinamos alguns jogos para outras meninas mais novas e elas simplesmente amaram, ficaram encantadas e n\u00e3o queriam parar de brincar\u201d, relata Nete dos Santos, de 56 anos. \u201cFoi uma manh\u00e3 de lembran\u00e7as agrad\u00e1veis da minha inf\u00e2ncia\u201d, finaliza.<\/p>\n\n\n\n<figure class=\"wp-block-image\"><img decoding=\"async\" src=\"https:\/\/jundiai.sp.gov.br\/noticias\/wp-content\/uploads\/sites\/32\/2022\/08\/avos-2-1280x960.jpg\" alt=\"Netos e Av\u00f3s se divertem com brincadeiras interativas nos Centros Esportivos, usando copos descart\u00e1veis em cima de uma mesa\" class=\"wp-image-298452\" \/><figcaption>Netos e Av\u00f3s se divertem com brincadeiras interativas nos Centros Esportivos<\/figcaption><\/figure>\n\n\n\n<p>Para a Diretora do Departamento Educacional e Participa\u00e7\u00e3o da UGEL, Ana Paula Citelli, o desenvolvimento dessas atividades promovem a melhora da socializa\u00e7\u00e3o e proporcionam momentos de intera\u00e7\u00e3o entre as gera\u00e7\u00f5es. \u201cAl\u00e9m de ser um aspecto motivacional para os servidores pelo envolvimento da equipe de trabalho, o desafio no resgate das brincadeiras e tamb\u00e9m das mem\u00f3rias afetivas\u201d, comenta.<\/p>\n\n\n\n<p>Em converg\u00eancia ao Estatuto do Idoso, a proposta do Dia dos Av\u00f3s \u00e9 norteada pela viabiliza\u00e7\u00e3o de formas alternativas de participa\u00e7\u00e3o, ocupa\u00e7\u00e3o e conv\u00edvio do idoso com as demais gera\u00e7\u00f5es. Desta forma a UGCC\/Assessoria de Pol\u00edticas P\u00fablicas para o Idoso, em parceria com as Unidades de Gest\u00e3o de Esporte e Lazer, Cultura e Assist\u00eancia Social e tamb\u00e9m com o Conselho Municipal dos Direitos da pessoa Idosa (COMDIPI), desenvolveram uma programa\u00e7\u00e3o de atividades para atender \u00e0 esta proposta e sensibiliza\u00e7\u00e3o sobre o tema.<\/p>\n\n\n\n<figure class=\"wp-block-image\"><img decoding=\"async\" src=\"https:\/\/jundiai.sp.gov.br\/noticias\/wp-content\/uploads\/sites\/32\/2022\/08\/avos-1-1280x960.jpg\" alt=\"Av\u00f3s recebem aulas com instru\u00e7\u00e3o para alongamentos\" class=\"wp-image-298453\" \/><figcaption>Av\u00f3s recebem aulas com instru\u00e7\u00e3o para alongamentos<\/figcaption><\/figure>\n\n\n\n<p>A programa\u00e7\u00e3o se encerra nesta sexta-feira (5) com atividades no CECE Pedro Raymundo, localizado na R. Tiradentes, 50 \u2013 Vila Rio Branco.<\/p>\n\n\n\n<p><strong><em>(Fonte\/Imagem: Prefeitura de Jundia\u00ed)<\/em><\/strong><\/p>\n","protected":false},"excerpt":{"rendered":"<p>A programa\u00e7\u00e3o se encerra nesta sexta-feira (5) com atividades no CECE Pedro Raymundo.<\/p>\n","protected":false},"author":27,"featured_media":96748,"comment_status":"closed","ping_status":"0","sticky":false,"template":"","format":"standard","meta":{"footnotes":""},"categories":[8356],"tags":[],"class_list":["post-96747","post","type-post","status-publish","format-standard","has-post-thumbnail","hentry","category-jundiai"],"_links":{"self":[{"href":"https:\/\/tvtecjundiai.com.br\/news\/wp-json\/wp\/v2\/posts\/96747","targetHints":{"allow":["GET"]}}],"collection":[{"href":"https:\/\/tvtecjundiai.com.br\/news\/wp-json\/wp\/v2\/posts"}],"about":[{"href":"https:\/\/tvtecjundiai.com.br\/news\/wp-json\/wp\/v2\/types\/post"}],"author":[{"embeddable":true,"href":"https:\/\/tvtecjundiai.com.br\/news\/wp-json\/wp\/v2\/users\/27"}],"replies":[{"embeddable":true,"href":"https:\/\/tvtecjundiai.com.br\/news\/wp-json\/wp\/v2\/comments?post=96747"}],"version-history":[{"count":1,"href":"https:\/\/tvtecjundiai.com.br\/news\/wp-json\/wp\/v2\/posts\/96747\/revisions"}],"predecessor-version":[{"id":96749,"href":"https:\/\/tvtecjundiai.com.br\/news\/wp-json\/wp\/v2\/posts\/96747\/revisions\/96749"}],"wp:featuredmedia":[{"embeddable":true,"href":"https:\/\/tvtecjundiai.com.br\/news\/wp-json\/wp\/v2\/media\/96748"}],"wp:attachment":[{"href":"https:\/\/tvtecjundiai.com.br\/news\/wp-json\/wp\/v2\/media?parent=96747"}],"wp:term":[{"taxonomy":"category","embeddable":true,"href":"https:\/\/tvtecjundiai.com.br\/news\/wp-json\/wp\/v2\/categories?post=96747"},{"taxonomy":"post_tag","embeddable":true,"href":"https:\/\/tvtecjundiai.com.br\/news\/wp-json\/wp\/v2\/tags?post=96747"}],"curies":[{"name":"wp","href":"https:\/\/api.w.org\/{rel}","templated":true}]}}