{"id":96750,"date":"2022-08-05T09:00:52","date_gmt":"2022-08-05T12:00:52","guid":{"rendered":"https:\/\/tvtecjundiai.com.br\/news\/?p=96750"},"modified":"2022-08-05T09:01:24","modified_gmt":"2022-08-05T12:01:24","slug":"ugagp-recebe-equipe-de-louveira-em-visita-tecnica-para-troca-de-experiencias-na-area-de-gestao-de-pessoas","status":"publish","type":"post","link":"https:\/\/tvtecjundiai.com.br\/news\/2022\/08\/05\/ugagp-recebe-equipe-de-louveira-em-visita-tecnica-para-troca-de-experiencias-na-area-de-gestao-de-pessoas\/","title":{"rendered":"UGAGP recebe equipe de Louveira em visita t\u00e9cnica para troca de experi\u00eancias na \u00e1rea de Gest\u00e3o de Pessoas"},"content":{"rendered":"\n<p>Com foco na aquisi\u00e7\u00e3o de conhecimentos e troca de experi\u00eancias em desenvolvimento de pessoal, foi realizada na tarde de quinta-feira (04), uma reuni\u00e3o com a equipe de servidores da Secretaria de Administra\u00e7\u00e3o do Munic\u00edpio de Louveira.<\/p>\n\n\n\n<p>Ao receber a equipe da cidade vizinha, a Unidade de Gest\u00e3o de Administra\u00e7\u00e3o e Gest\u00e3o de Pessoas (UGAGP) possibilitou que os visitantes se aprofundassem em temas relacionados \u00e0s atividades do Departamento de Desenvolvimento do servidor.<\/p>\n\n\n\n<figure class=\"wp-block-image size-large\"><img loading=\"lazy\" decoding=\"async\" width=\"1200\" height=\"800\" src=\"https:\/\/tvtecjundiai.com.br\/news\/wp-content\/uploads\/sites\/2\/2022\/08\/reuniao_rh-9-1200x800.jpg\" alt=\"\" class=\"wp-image-96752\" srcset=\"https:\/\/tvtecjundiai.com.br\/news\/wp-content\/uploads\/sites\/2\/2022\/08\/reuniao_rh-9-1200x800.jpg 1200w, https:\/\/tvtecjundiai.com.br\/news\/wp-content\/uploads\/sites\/2\/2022\/08\/reuniao_rh-9-300x200.jpg 300w, https:\/\/tvtecjundiai.com.br\/news\/wp-content\/uploads\/sites\/2\/2022\/08\/reuniao_rh-9-768x512.jpg 768w, https:\/\/tvtecjundiai.com.br\/news\/wp-content\/uploads\/sites\/2\/2022\/08\/reuniao_rh-9.jpg 1280w\" sizes=\"auto, (max-width: 1200px) 100vw, 1200px\" \/><figcaption>Encontro foi realizado na Unidade de Gest\u00e3o de Administra\u00e7\u00e3o e Gest\u00e3o de Pessoas (UGAGP)<\/figcaption><\/figure>\n\n\n\n<p>Foi feita uma apresenta\u00e7\u00e3o detalhada sobre as divis\u00f5es que comp\u00f5em o Departamento e o programas que s\u00e3o executados pela Unidade. \u201cPassamos um panorama do que \u00e9 desenvolvido aqui, num bate-papo para que os visitantes possam aproveitar as ideias e implementar as pr\u00e1ticas naquele munic\u00edpio. Ficamos satisfeitos em ter Jundia\u00ed mais uma vez como refer\u00eancia para troca de conhecimento na \u00e1rea de gest\u00e3o \u201d, sinalizou a diretora do Departamento, Sivone Caetano Villela, destacando a visibilidade das a\u00e7\u00f5es desenvolvidas.<\/p>\n\n\n\n<p><em><strong>(Fonte\/Imagem: Prefeitura de Jundia\u00ed)<\/strong><\/em><\/p>\n","protected":false},"excerpt":{"rendered":"<p>Foco da reuni\u00e3o foi a troca de experi\u00eancias em desenvolvimento de pessoal <\/p>\n","protected":false},"author":30,"featured_media":96752,"comment_status":"closed","ping_status":"0","sticky":false,"template":"","format":"standard","meta":{"footnotes":""},"categories":[8357,8356,1],"tags":[],"class_list":["post-96750","post","type-post","status-publish","format-standard","has-post-thumbnail","hentry","category-gestao","category-jundiai","category-noticias"],"_links":{"self":[{"href":"https:\/\/tvtecjundiai.com.br\/news\/wp-json\/wp\/v2\/posts\/96750","targetHints":{"allow":["GET"]}}],"collection":[{"href":"https:\/\/tvtecjundiai.com.br\/news\/wp-json\/wp\/v2\/posts"}],"about":[{"href":"https:\/\/tvtecjundiai.com.br\/news\/wp-json\/wp\/v2\/types\/post"}],"author":[{"embeddable":true,"href":"https:\/\/tvtecjundiai.com.br\/news\/wp-json\/wp\/v2\/users\/30"}],"replies":[{"embeddable":true,"href":"https:\/\/tvtecjundiai.com.br\/news\/wp-json\/wp\/v2\/comments?post=96750"}],"version-history":[{"count":1,"href":"https:\/\/tvtecjundiai.com.br\/news\/wp-json\/wp\/v2\/posts\/96750\/revisions"}],"predecessor-version":[{"id":96755,"href":"https:\/\/tvtecjundiai.com.br\/news\/wp-json\/wp\/v2\/posts\/96750\/revisions\/96755"}],"wp:featuredmedia":[{"embeddable":true,"href":"https:\/\/tvtecjundiai.com.br\/news\/wp-json\/wp\/v2\/media\/96752"}],"wp:attachment":[{"href":"https:\/\/tvtecjundiai.com.br\/news\/wp-json\/wp\/v2\/media?parent=96750"}],"wp:term":[{"taxonomy":"category","embeddable":true,"href":"https:\/\/tvtecjundiai.com.br\/news\/wp-json\/wp\/v2\/categories?post=96750"},{"taxonomy":"post_tag","embeddable":true,"href":"https:\/\/tvtecjundiai.com.br\/news\/wp-json\/wp\/v2\/tags?post=96750"}],"curies":[{"name":"wp","href":"https:\/\/api.w.org\/{rel}","templated":true}]}}