{"id":96756,"date":"2022-08-05T09:19:04","date_gmt":"2022-08-05T12:19:04","guid":{"rendered":"https:\/\/tvtecjundiai.com.br\/news\/?p=96756"},"modified":"2022-08-05T09:19:05","modified_gmt":"2022-08-05T12:19:05","slug":"bazar-beneficente-do-hospital-sao-vicente-acontece-entre-os-dias-8-e-9-de-agosto","status":"publish","type":"post","link":"https:\/\/tvtecjundiai.com.br\/news\/2022\/08\/05\/bazar-beneficente-do-hospital-sao-vicente-acontece-entre-os-dias-8-e-9-de-agosto\/","title":{"rendered":"Bazar Beneficente do Hospital S\u00e3o Vicente acontece entre os dias 8 e 9 de agosto"},"content":{"rendered":"\n<p>O grupo volunt\u00e1rio \u201cVisita Vicente\u201d, do Hospital de Caridade S\u00e3o Vicente de Paulo (HSV), realiza entre os dias 8 e 9 de agosto, o Bazar&nbsp;Solid\u00e1rio&nbsp;do Voluntariado. O mesmo permanece no endere\u00e7o Rua Major Gustavo Adolfo Storck, 26, Vila Virg\u00ednia, em Jundia\u00ed (travessa da Rua do Retiro), no hor\u00e1rio de funcionamento das 8h \u00e0s 16h.&nbsp;<\/p>\n\n\n\n<p>O Bazar conta com os mais diversos itens, desde roupas femininas, masculinas e infantis de variados tamanhos, itens de decora\u00e7\u00e3o, brinquedos, acess\u00f3rios, utens\u00edlios dom\u00e9sticos e muito mais.&nbsp;Os pre\u00e7os variam de R$ 3,00 a R$ 50,00 e o pagamento pode ser feito em dinheiro ou cart\u00e3o de d\u00e9bito.&nbsp;&nbsp;<\/p>\n\n\n\n<p>As pe\u00e7as comercializadas no Bazar s\u00e3o itens doados pela comunidade,\u00a0sendo eles novos e seminovos, e em boas condi\u00e7\u00f5es de uso. Quem se interessar em fazer doa\u00e7\u00f5es, pode levar os itens no mesmo endere\u00e7o onde acontece o Bazar, \u00e0s quartas-feiras, agora em novo hor\u00e1rio, das 13h30 \u00e0s 16h.\u00a0Al\u00e9m de direcionar a verba arrecadada para investimento em melhorias no HSV, o bazar tamb\u00e9m estimula o consumo sustent\u00e1vel.\u00a0Participe!\u00a0<\/p>\n\n\n<div class=\"wp-block-image\">\n<figure class=\"aligncenter size-full\"><img loading=\"lazy\" decoding=\"async\" width=\"698\" height=\"314\" src=\"https:\/\/tvtecjundiai.com.br\/news\/wp-content\/uploads\/sites\/2\/2022\/08\/image-1-1.png\" alt=\"\" class=\"wp-image-96757\" srcset=\"https:\/\/tvtecjundiai.com.br\/news\/wp-content\/uploads\/sites\/2\/2022\/08\/image-1-1.png 698w, https:\/\/tvtecjundiai.com.br\/news\/wp-content\/uploads\/sites\/2\/2022\/08\/image-1-1-300x135.png 300w\" sizes=\"auto, (max-width: 698px) 100vw, 698px\" \/><figcaption><strong>Bazar do Voluntariado acontece nos dias 8 e 9 de agosto\u00a0<\/strong><br><\/figcaption><\/figure>\n<\/div>\n\n\n<p><strong><em>(Fonte\/Imagem: Prefeitura de Jundia\u00ed)<\/em><\/strong><\/p>\n","protected":false},"excerpt":{"rendered":"<p>As pe\u00e7as comercializadas no Bazar s\u00e3o itens doados pela comunidade,\u00a0sendo eles novos e seminovos.<\/p>\n","protected":false},"author":27,"featured_media":96758,"comment_status":"closed","ping_status":"0","sticky":false,"template":"","format":"standard","meta":{"footnotes":""},"categories":[8356],"tags":[],"class_list":["post-96756","post","type-post","status-publish","format-standard","has-post-thumbnail","hentry","category-jundiai"],"_links":{"self":[{"href":"https:\/\/tvtecjundiai.com.br\/news\/wp-json\/wp\/v2\/posts\/96756","targetHints":{"allow":["GET"]}}],"collection":[{"href":"https:\/\/tvtecjundiai.com.br\/news\/wp-json\/wp\/v2\/posts"}],"about":[{"href":"https:\/\/tvtecjundiai.com.br\/news\/wp-json\/wp\/v2\/types\/post"}],"author":[{"embeddable":true,"href":"https:\/\/tvtecjundiai.com.br\/news\/wp-json\/wp\/v2\/users\/27"}],"replies":[{"embeddable":true,"href":"https:\/\/tvtecjundiai.com.br\/news\/wp-json\/wp\/v2\/comments?post=96756"}],"version-history":[{"count":1,"href":"https:\/\/tvtecjundiai.com.br\/news\/wp-json\/wp\/v2\/posts\/96756\/revisions"}],"predecessor-version":[{"id":96759,"href":"https:\/\/tvtecjundiai.com.br\/news\/wp-json\/wp\/v2\/posts\/96756\/revisions\/96759"}],"wp:featuredmedia":[{"embeddable":true,"href":"https:\/\/tvtecjundiai.com.br\/news\/wp-json\/wp\/v2\/media\/96758"}],"wp:attachment":[{"href":"https:\/\/tvtecjundiai.com.br\/news\/wp-json\/wp\/v2\/media?parent=96756"}],"wp:term":[{"taxonomy":"category","embeddable":true,"href":"https:\/\/tvtecjundiai.com.br\/news\/wp-json\/wp\/v2\/categories?post=96756"},{"taxonomy":"post_tag","embeddable":true,"href":"https:\/\/tvtecjundiai.com.br\/news\/wp-json\/wp\/v2\/tags?post=96756"}],"curies":[{"name":"wp","href":"https:\/\/api.w.org\/{rel}","templated":true}]}}