{"id":96763,"date":"2022-08-05T10:35:41","date_gmt":"2022-08-05T13:35:41","guid":{"rendered":"https:\/\/tvtecjundiai.com.br\/news\/?p=96763"},"modified":"2022-08-05T10:35:41","modified_gmt":"2022-08-05T13:35:41","slug":"internautas-recordam-entrevista-de-jo-soares-com-nair-bello-hebe-camargo-e-lolita-rodrigues-e-lamentam-morte-do-apresentador","status":"publish","type":"post","link":"https:\/\/tvtecjundiai.com.br\/news\/2022\/08\/05\/internautas-recordam-entrevista-de-jo-soares-com-nair-bello-hebe-camargo-e-lolita-rodrigues-e-lamentam-morte-do-apresentador\/","title":{"rendered":"Internautas recordam entrevista de J\u00f4 Soares com Nair Bello, Hebe Camargo e Lolita Rodrigues e lamentam morte do apresentador"},"content":{"rendered":"\n<p>Internautas usaram a entrevista ic\u00f4nica de J\u00f4 Soares com as atrizes e amigas Nair Bello, Hebe Camargo e Lolita Rodrigues para lamentar a morte do apresentador.<\/p>\n\n\n\n<p>J\u00f4 Soares morreu na madrugada desta sexta-feira (5). O ator, diretor, escritor e humorista estava internado no Hospital S\u00edrio Liban\u00eas, em S\u00e3o Paulo, desde o dia 28 de julho.<\/p>\n\n\n\n<p>A entrevista com Nair Bello, Hebe Camargo e Lolita Rodrigues foi exibida originalmente em 2000, no &#8220;Programa do J\u00f4&#8221;. Em 2012, ao prestar uma homenagem a Hebe, que morreu naquele ano, J\u00f4 reexibiu as imagens do encontro. <\/p>\n\n\n<div class=\"wp-block-image\">\n<figure class=\"aligncenter size-full\"><img loading=\"lazy\" decoding=\"async\" width=\"624\" height=\"415\" src=\"https:\/\/tvtecjundiai.com.br\/news\/wp-content\/uploads\/sites\/2\/2022\/08\/programa-jo-soares-hebe-lolita-nair.jpg\" alt=\"\" class=\"wp-image-96764\" srcset=\"https:\/\/tvtecjundiai.com.br\/news\/wp-content\/uploads\/sites\/2\/2022\/08\/programa-jo-soares-hebe-lolita-nair.jpg 624w, https:\/\/tvtecjundiai.com.br\/news\/wp-content\/uploads\/sites\/2\/2022\/08\/programa-jo-soares-hebe-lolita-nair-300x200.jpg 300w\" sizes=\"auto, (max-width: 624px) 100vw, 624px\" \/><figcaption>Imagem: TV Globo<\/figcaption><\/figure>\n<\/div>\n\n\n<p>Nas redes, ao recordar o momento, internautas chamaram a entrevista de&nbsp;&#8220;um dos melhores momentos da televis\u00e3o brasileira&#8221; e de &#8220;patrim\u00f4nio hist\u00f3rico&#8221;,&nbsp;al\u00e9m de afirmarem que o apresentador de&nbsp;&#8220;dono da melhor entrevista da TV brasileira&#8221;.<\/p>\n\n\n\n<p>O bom humor e as risadas das atrizes e do apresentador chamam a aten\u00e7\u00e3o ao longo de toda a conversa.<\/p>\n\n\n\n<p>Um dos internautas comentou, nas redes sociais: &#8220;Tor\u00e7o para que o legado do J\u00f4 Soares, bem como daqueles que o acompanham, esteja sempre presente \u00e0s novas gera\u00e7\u00f5es. O beijo do gordo, o carisma e a sua intelig\u00eancia v\u00e3o deixar saudades&#8221;.<\/p>\n\n\n\n<p><strong><em>(Fonte: g1\/Imagem: TV Globo)<\/em><\/strong><\/p>\n","protected":false},"excerpt":{"rendered":"<p>A entrevista com as atrizes e amigas foi exibida originalmente em 2000, no &#8220;Programa do J\u00f4&#8221;<\/p>\n","protected":false},"author":30,"featured_media":96764,"comment_status":"closed","ping_status":"0","sticky":false,"template":"","format":"standard","meta":{"footnotes":""},"categories":[2833,8356,1],"tags":[],"class_list":["post-96763","post","type-post","status-publish","format-standard","has-post-thumbnail","hentry","category-cultura","category-jundiai","category-noticias"],"_links":{"self":[{"href":"https:\/\/tvtecjundiai.com.br\/news\/wp-json\/wp\/v2\/posts\/96763","targetHints":{"allow":["GET"]}}],"collection":[{"href":"https:\/\/tvtecjundiai.com.br\/news\/wp-json\/wp\/v2\/posts"}],"about":[{"href":"https:\/\/tvtecjundiai.com.br\/news\/wp-json\/wp\/v2\/types\/post"}],"author":[{"embeddable":true,"href":"https:\/\/tvtecjundiai.com.br\/news\/wp-json\/wp\/v2\/users\/30"}],"replies":[{"embeddable":true,"href":"https:\/\/tvtecjundiai.com.br\/news\/wp-json\/wp\/v2\/comments?post=96763"}],"version-history":[{"count":1,"href":"https:\/\/tvtecjundiai.com.br\/news\/wp-json\/wp\/v2\/posts\/96763\/revisions"}],"predecessor-version":[{"id":96765,"href":"https:\/\/tvtecjundiai.com.br\/news\/wp-json\/wp\/v2\/posts\/96763\/revisions\/96765"}],"wp:featuredmedia":[{"embeddable":true,"href":"https:\/\/tvtecjundiai.com.br\/news\/wp-json\/wp\/v2\/media\/96764"}],"wp:attachment":[{"href":"https:\/\/tvtecjundiai.com.br\/news\/wp-json\/wp\/v2\/media?parent=96763"}],"wp:term":[{"taxonomy":"category","embeddable":true,"href":"https:\/\/tvtecjundiai.com.br\/news\/wp-json\/wp\/v2\/categories?post=96763"},{"taxonomy":"post_tag","embeddable":true,"href":"https:\/\/tvtecjundiai.com.br\/news\/wp-json\/wp\/v2\/tags?post=96763"}],"curies":[{"name":"wp","href":"https:\/\/api.w.org\/{rel}","templated":true}]}}