{"id":9682,"date":"2018-05-03T09:31:20","date_gmt":"2018-05-03T12:31:20","guid":{"rendered":"https:\/\/tvtecjundiai.com.br\/news\/?p=9682"},"modified":"2018-05-03T09:32:48","modified_gmt":"2018-05-03T12:32:48","slug":"complexo-fepasa-tem-teatro-e-hip-hop-neste-fim-de-semana","status":"publish","type":"post","link":"https:\/\/tvtecjundiai.com.br\/news\/2018\/05\/03\/complexo-fepasa-tem-teatro-e-hip-hop-neste-fim-de-semana\/","title":{"rendered":"Complexo Fepasa tem teatro e hip hop neste fim de semana"},"content":{"rendered":"<div id=\"attachment_9683\" style=\"width: 410px\" class=\"wp-caption alignright\"><a href=\"https:\/\/tvtecjundiai.com.br\/news\/wp-content\/uploads\/sites\/2\/2018\/05\/hip_hop_terminal-vila-arens-207.jpg\"><img loading=\"lazy\" decoding=\"async\" aria-describedby=\"caption-attachment-9683\" class=\"wp-image-9683\" src=\"https:\/\/tvtecjundiai.com.br\/news\/wp-content\/uploads\/sites\/2\/2018\/05\/hip_hop_terminal-vila-arens-207-300x244.jpg\" alt=\"\" width=\"400\" height=\"325\" srcset=\"https:\/\/tvtecjundiai.com.br\/news\/wp-content\/uploads\/sites\/2\/2018\/05\/hip_hop_terminal-vila-arens-207-300x244.jpg 300w, https:\/\/tvtecjundiai.com.br\/news\/wp-content\/uploads\/sites\/2\/2018\/05\/hip_hop_terminal-vila-arens-207-768x624.jpg 768w, https:\/\/tvtecjundiai.com.br\/news\/wp-content\/uploads\/sites\/2\/2018\/05\/hip_hop_terminal-vila-arens-207-1181x960.jpg 1181w, https:\/\/tvtecjundiai.com.br\/news\/wp-content\/uploads\/sites\/2\/2018\/05\/hip_hop_terminal-vila-arens-207.jpg 1240w\" sizes=\"auto, (max-width: 400px) 100vw, 400px\" \/><\/a><p id=\"caption-attachment-9683\" class=\"wp-caption-text\">As atra\u00e7\u00f5es culturais e a agenda cultural completa do Munic\u00edpio podem ser consultadas no Aplicativo Jundia\u00ed<\/p><\/div>\n<p>O Complexo Fepasa recebe duas atra\u00e7\u00f5es culturais gratuitas neste fim de semana. A programa\u00e7\u00e3o come\u00e7a no s\u00e1bado (05), \u00e0s 19h, na Sala Jundia\u00ed, com a estreia do espet\u00e1culo \u201cGordofolia\u201d, do grupo teatral Gatos Gordos, contemplado pela Lei Estadual de Incentivo \u00e0 Cultura Programa de A\u00e7\u00e3o Cultural (ProAC \u2013 SP).<\/p>\n<p>A pe\u00e7a, dirigida por Elena Cer\u00e2ntola e Paulo Cerello, tem classifica\u00e7\u00e3o livre e dura\u00e7\u00e3o de 50 minutos. O texto questiona padr\u00f5es de beleza estabelecidos pelo senso comum e investiga a carga excessiva da press\u00e3o est\u00e9tica sobre o corpo, atrav\u00e9s de cenas que misturam humor e realidade. O texto do espet\u00e1culo \u00e9 uma obra original do grupo e traz as experi\u00eancias da equipe e do elenco, composto por Andr\u00e9 Farias, Lisete Pecoraro e Vivi Masolli.<\/p>\n<p><strong>Mais eventos<\/strong><br \/>\nNo domingo (06), a Sala Jundia\u00ed se transforma em palco para a dan\u00e7a hip hop no evento \u201cTroca de Talentos\u201d. A extensa programa\u00e7\u00e3o vai das 12h \u00e0s 22h, com a participa\u00e7\u00e3o de artistas, cantores e bailarinos de Jundia\u00ed e regi\u00e3o.<\/p>\n<p>O Complexo Fepasa fica na avenida Uni\u00e3o dos Ferrovi\u00e1rios, 1760, Centro. As atra\u00e7\u00f5es culturais e a agenda cultural completa do Munic\u00edpio podem ser consultadas no Aplicativo Jundia\u00ed, que \u00e9 uma ferramenta para facilitar o acesso dos cidad\u00e3os aos servi\u00e7os da Prefeitura e pode ser baixado em qualquer smartphone\u00a0<strong><a href=\"https:\/\/play.google.com\/store\/apps\/details?id=br.gov.sp.cijun.appjun\" target=\"_blank\" rel=\"noopener\">Android<\/a><\/strong>\u00a0ou\u00a0<strong><a href=\"https:\/\/itunes.apple.com\/br\/app\/prefeitura-de-jundiai\/id1211377720\" target=\"_blank\" rel=\"noopener\">iPhone<\/a><\/strong>.<\/p>\n<p><em>Fonte: Prefeitura de Jundia\u00ed\u00a0<\/em><\/p>\n","protected":false},"excerpt":{"rendered":"<p>A programa\u00e7\u00e3o come\u00e7a no s\u00e1bado (05), \u00e0s 19h<\/p>\n","protected":false},"author":10,"featured_media":9683,"comment_status":"closed","ping_status":"closed","sticky":false,"template":"","format":"standard","meta":{"footnotes":""},"categories":[2833],"tags":[84,5,15],"class_list":["post-9682","post","type-post","status-publish","format-standard","has-post-thumbnail","hentry","category-cultura","tag-cultura","tag-jundiai","tag-tvtec"],"_links":{"self":[{"href":"https:\/\/tvtecjundiai.com.br\/news\/wp-json\/wp\/v2\/posts\/9682","targetHints":{"allow":["GET"]}}],"collection":[{"href":"https:\/\/tvtecjundiai.com.br\/news\/wp-json\/wp\/v2\/posts"}],"about":[{"href":"https:\/\/tvtecjundiai.com.br\/news\/wp-json\/wp\/v2\/types\/post"}],"author":[{"embeddable":true,"href":"https:\/\/tvtecjundiai.com.br\/news\/wp-json\/wp\/v2\/users\/10"}],"replies":[{"embeddable":true,"href":"https:\/\/tvtecjundiai.com.br\/news\/wp-json\/wp\/v2\/comments?post=9682"}],"version-history":[{"count":1,"href":"https:\/\/tvtecjundiai.com.br\/news\/wp-json\/wp\/v2\/posts\/9682\/revisions"}],"predecessor-version":[{"id":9684,"href":"https:\/\/tvtecjundiai.com.br\/news\/wp-json\/wp\/v2\/posts\/9682\/revisions\/9684"}],"wp:featuredmedia":[{"embeddable":true,"href":"https:\/\/tvtecjundiai.com.br\/news\/wp-json\/wp\/v2\/media\/9683"}],"wp:attachment":[{"href":"https:\/\/tvtecjundiai.com.br\/news\/wp-json\/wp\/v2\/media?parent=9682"}],"wp:term":[{"taxonomy":"category","embeddable":true,"href":"https:\/\/tvtecjundiai.com.br\/news\/wp-json\/wp\/v2\/categories?post=9682"},{"taxonomy":"post_tag","embeddable":true,"href":"https:\/\/tvtecjundiai.com.br\/news\/wp-json\/wp\/v2\/tags?post=9682"}],"curies":[{"name":"wp","href":"https:\/\/api.w.org\/{rel}","templated":true}]}}