{"id":96830,"date":"2022-08-07T10:29:36","date_gmt":"2022-08-07T13:29:36","guid":{"rendered":"https:\/\/tvtecjundiai.com.br\/news\/?p=96830"},"modified":"2022-08-07T10:29:39","modified_gmt":"2022-08-07T13:29:39","slug":"regiao-da-vila-maringa-tem-mutirao-em-emeb-para-castracao-de-caes-e-gatos","status":"publish","type":"post","link":"https:\/\/tvtecjundiai.com.br\/news\/2022\/08\/07\/regiao-da-vila-maringa-tem-mutirao-em-emeb-para-castracao-de-caes-e-gatos\/","title":{"rendered":"Regi\u00e3o da Vila Maring\u00e1 tem mutir\u00e3o em EMEB para castra\u00e7\u00e3o de c\u00e3es e gatos"},"content":{"rendered":"\n<p><\/p>\n\n\n\n<p>Foi realizado neste s\u00e1bado (6) um mutir\u00e3o de castra\u00e7\u00e3o de c\u00e3es e gatos para moradores da regi\u00e3o da Vila Maring\u00e1. A a\u00e7\u00e3o foi promovida pelo Departamento de Bem-Estar Animal (DEBEA), da Unidade de Gest\u00e3o de Planejamento Urbano e Meio Ambiente (UGPUMA). Tutores que fizeram previamente o agendamento foram atendidos durante o dia todo, na EMEB Owen Zilio, gatos pela manh\u00e3 e c\u00e3es no per\u00edodo da tarde.<\/p>\n\n\n\n<p>Foram agendados 252 animais, sendo 102 gatos e 150 c\u00e3es. \u201cSelecionamos os bairros com maior demanda e a Vila Maring\u00e1 foi um deles, abrangendo a regi\u00e3o. Al\u00e9m de promover o bem-estar animal, a castra\u00e7\u00e3o contribui para evitar o descontrole populacional\u201d, lembrou a veterin\u00e1ria T\u00e2nia Genaro, assessora de pol\u00edticas p\u00fablicas da UGPUMA.<\/p>\n\n\n\n<p>O servi\u00e7o de castra\u00e7\u00e3o promovido nos bairros \u00e9 oferecido gratuitamente, tendo como objetivo descentralizar a a\u00e7\u00e3o, facilitando o acesso aos tutores dos animais. Os interessados fizeram o cadastro pelo site da Prefeitura de Jundia\u00ed ou pelo aplicativo de celular APP Jundia\u00ed, no servi\u00e7o Cadastro de Animais para Castra\u00e7\u00e3o. Foram inscritos machos e f\u00eameas de c\u00e3es e gatos, com idades entre tr\u00eas meses e oito anos e mais de um quilo.&nbsp;<\/p>\n\n\n\n<p>A moradora Paula Oliveira levou duas gatas e tamb\u00e9m seus dois c\u00e3es, das ra\u00e7as Pitbull e Lhasa Apso. \u201c\u00c9 um cuidado e preven\u00e7\u00e3o, sempre pensando no melhor para eles. A Zara j\u00e1 teve quatro filhotes, h\u00e1 cerca de seis meses\u201d.<\/p>\n\n\n\n<figure class=\"wp-block-image\"><img decoding=\"async\" src=\"https:\/\/jundiai.sp.gov.br\/noticias\/wp-content\/uploads\/sites\/32\/2022\/08\/paula.jpg\" alt=\"\" class=\"wp-image-298682\" \/><figcaption>Paula destacou a import\u00e2ncia do mutir\u00e3o de castra\u00e7\u00e3o, que promove o cuidado com os animais de estima\u00e7\u00e3o<\/figcaption><\/figure>\n\n\n\n<p>\u00c9rica Tamires Macedo fez o cadastro de duas gatas e de uma cachorrinha, todas adotadas, lembrando a import\u00e2ncia da posse respons\u00e1vel. \u201c\u00c9 muito triste ver que ainda existe abandono de animais, por isso adotamos os nossos, que nos trazem muita alegria. O mutir\u00e3o gratuito \u00e9 uma grande ajuda\u201d, afirmou.<\/p>\n\n\n\n<figure class=\"wp-block-image\"><img decoding=\"async\" src=\"https:\/\/jundiai.sp.gov.br\/noticias\/wp-content\/uploads\/sites\/32\/2022\/08\/erica.jpg\" alt=\"\" class=\"wp-image-298683\" \/><figcaption>Incentivadora da ado\u00e7\u00e3o de animais, \u00c9rica elogiou a organiza\u00e7\u00e3o e os benef\u00edcios que o mutir\u00e3o traz aos moradores da regi\u00e3o<\/figcaption><\/figure>\n","protected":false},"excerpt":{"rendered":"<p>A a\u00e7\u00e3o foi promovida pelo Departamento de Bem-Estar Animal (DEBEA), da Unidade de Gest\u00e3o de Planejamento Urbano e Meio Ambiente (UGPUMA)<\/p>\n","protected":false},"author":31,"featured_media":96831,"comment_status":"closed","ping_status":"0","sticky":false,"template":"","format":"standard","meta":{"footnotes":""},"categories":[1],"tags":[],"class_list":["post-96830","post","type-post","status-publish","format-standard","has-post-thumbnail","hentry","category-noticias"],"_links":{"self":[{"href":"https:\/\/tvtecjundiai.com.br\/news\/wp-json\/wp\/v2\/posts\/96830","targetHints":{"allow":["GET"]}}],"collection":[{"href":"https:\/\/tvtecjundiai.com.br\/news\/wp-json\/wp\/v2\/posts"}],"about":[{"href":"https:\/\/tvtecjundiai.com.br\/news\/wp-json\/wp\/v2\/types\/post"}],"author":[{"embeddable":true,"href":"https:\/\/tvtecjundiai.com.br\/news\/wp-json\/wp\/v2\/users\/31"}],"replies":[{"embeddable":true,"href":"https:\/\/tvtecjundiai.com.br\/news\/wp-json\/wp\/v2\/comments?post=96830"}],"version-history":[{"count":1,"href":"https:\/\/tvtecjundiai.com.br\/news\/wp-json\/wp\/v2\/posts\/96830\/revisions"}],"predecessor-version":[{"id":96832,"href":"https:\/\/tvtecjundiai.com.br\/news\/wp-json\/wp\/v2\/posts\/96830\/revisions\/96832"}],"wp:featuredmedia":[{"embeddable":true,"href":"https:\/\/tvtecjundiai.com.br\/news\/wp-json\/wp\/v2\/media\/96831"}],"wp:attachment":[{"href":"https:\/\/tvtecjundiai.com.br\/news\/wp-json\/wp\/v2\/media?parent=96830"}],"wp:term":[{"taxonomy":"category","embeddable":true,"href":"https:\/\/tvtecjundiai.com.br\/news\/wp-json\/wp\/v2\/categories?post=96830"},{"taxonomy":"post_tag","embeddable":true,"href":"https:\/\/tvtecjundiai.com.br\/news\/wp-json\/wp\/v2\/tags?post=96830"}],"curies":[{"name":"wp","href":"https:\/\/api.w.org\/{rel}","templated":true}]}}