{"id":96833,"date":"2022-08-07T10:32:12","date_gmt":"2022-08-07T13:32:12","guid":{"rendered":"https:\/\/tvtecjundiai.com.br\/news\/?p=96833"},"modified":"2022-08-07T10:32:15","modified_gmt":"2022-08-07T13:32:15","slug":"ciempi-recebe-exposicao-do-renomado-educador-gandhy-piorski","status":"publish","type":"post","link":"https:\/\/tvtecjundiai.com.br\/news\/2022\/08\/07\/ciempi-recebe-exposicao-do-renomado-educador-gandhy-piorski\/","title":{"rendered":"CIEMPI recebe exposi\u00e7\u00e3o do renomado educador Gandhy Piorski"},"content":{"rendered":"\n<p><\/p>\n\n\n\n<p>Resultado de um estudo de materialidade e educa\u00e7\u00e3o realizado ao longo de mais de dez anos em meios urbanos e rurais do Brasil, os objetos constru\u00eddos por crian\u00e7as a partir de materiais de refugo industrial comp\u00f5em a exposi\u00e7\u00e3o \u201cA crian\u00e7a e a imagina\u00e7\u00e3o da mat\u00e9ria\u201d, do renomado escritor, educador e pesquisador brasileiro Gandhy Piorksi.<\/p>\n\n\n\n<figure class=\"wp-block-image\"><img decoding=\"async\" src=\"https:\/\/jundiai.sp.gov.br\/noticias\/wp-content\/uploads\/sites\/32\/2022\/08\/gandhy-piorski.jpg\" alt=\"\" class=\"wp-image-298690\" \/><figcaption>\u201cToda gera\u00e7\u00e3o traz uma linguagem nova. Precisamos honrar essas consci\u00eancias que trazem novas linguagens do viver\u201d, destacou Gandhy<\/figcaption><\/figure>\n\n\n\n<p>A abertura aconteceu neste s\u00e1bado (6), no Centro Internacional de Estudos, Mem\u00f3rias e Pesquisas da Inf\u00e2ncia (CIEMPI), com a presen\u00e7a de Gandhy e convidados, como a violista Bel Rebello, que fez uma apresenta\u00e7\u00e3o musical.<\/p>\n\n\n\n<p>Gandhy Piorski \u00e9 artista pl\u00e1stico, te\u00f3logo, Mestre em Ci\u00eancias da Religi\u00e3o, pesquisador, consultor do Instituto Alana e autor do livro \u201cBrinquedos de Ch\u00e3o\u201d, que originou o projeto Caixa da Natureza, atividade desenvolvida pela Unidade de Gest\u00e3o de Educa\u00e7\u00e3o (UGE), por meio do programa Escola Inovadora.<\/p>\n\n\n\n<p>A exposi\u00e7\u00e3o ficar\u00e1 aberta para visita\u00e7\u00e3o gratuita do p\u00fablico no per\u00edodo de 9 de agosto a 7 de outubro, de ter\u00e7a a sexta-feira, das 9 \u00e0s 17 horas e aos s\u00e1bados das 9 \u00e0s 13 horas, exceto feriados. O CIEMPI fica na avenida Dr. Cavalcanti, 341, em frente ao Complexo Argos.<\/p>\n\n\n\n<p><strong>A\u00e7\u00f5es com Gandhy Piorski<\/strong><\/p>\n\n\n\n<p>Al\u00e9m da exposi\u00e7\u00e3o, Gandhy e a pesquisadora, pedagoga e Mestre em Ci\u00eancias Sociais da Educa\u00e7\u00e3o Ana Claudia Arruda Leite promover\u00e3o oficinas de brinquedos com crian\u00e7as de Jundia\u00ed.&nbsp; A a\u00e7\u00e3o faz parte do programa educativo da exposi\u00e7\u00e3o e realizar\u00e1 a escuta das crian\u00e7as, considerando suas percep\u00e7\u00f5es na composi\u00e7\u00e3o das pr\u00f3prias produ\u00e7\u00f5es.<\/p>\n\n\n\n<p>Ser\u00e3o quatro oficinas de escuta, sendo tr\u00eas com estudantes de escolas da rede municipal e uma aberta a crian\u00e7as de 5 a 11 anos e seus respons\u00e1veis, de toda a cidade. As vagas para participar desse encontro s\u00e3o limitadas e os interessados podem se inscrever a partir do dia 10 de agosto de 2022, em site a ser divulgado.<\/p>\n\n\n\n<figure class=\"wp-block-image\"><img decoding=\"async\" src=\"https:\/\/jundiai.sp.gov.br\/noticias\/wp-content\/uploads\/sites\/32\/2022\/08\/exposicao-ciempi.jpg\" alt=\"\" class=\"wp-image-298693\" \/><figcaption>A abertura reuniu convidados na manh\u00e3 deste s\u00e1bado, com apresenta\u00e7\u00e3o musical da violista Bel Rebello<\/figcaption><\/figure>\n\n\n\n<figure class=\"wp-block-image\"><img decoding=\"async\" src=\"https:\/\/jundiai.sp.gov.br\/noticias\/wp-content\/uploads\/sites\/32\/2022\/08\/juliana-2-1.jpg\" alt=\"\" class=\"wp-image-298694\" \/><figcaption>Para a coordenadora pedag\u00f3gica Juliana Pimentel Ajala, a exposi\u00e7\u00e3o \u00e9 encantadora e envolvente<\/figcaption><\/figure>\n\n\n\n<p><strong>Viv\u00eancias e novas linguagens<\/strong><\/p>\n\n\n\n<p>A gestora da UGE, Vast\u00ed Marques, abriu a exposi\u00e7\u00e3o destacando a honra de Jundia\u00ed hospedar esse trabalho art\u00edstico emocionalmente envolvido com a inf\u00e2ncia. Ela comentou os tr\u00eas eixos principais de atua\u00e7\u00e3o do Programa Escola Inovadora: ambi\u00eancia escolar, forma\u00e7\u00e3o permanente dos educadores e qualidade de ensino. \u201c\u00c9 uma conex\u00e3o muito importante. Toda vez que pensamos em estrat\u00e9gias para os eixos, pensamos em viv\u00eancias. Precisamos instrumentalizar as crian\u00e7as, dando a elas estrat\u00e9gias, ferramentas e materiais, sendo o educador o mediador do conhecimento\u201d.<\/p>\n\n\n\n<p>\u201cA vida n\u00e3o desiste de mandar o novo para n\u00f3s. Toda gera\u00e7\u00e3o traz uma linguagem nova, por isso precisamos honrar essas consci\u00eancias que trazem novas linguagens do viver. Nosso objetivo \u00e9 provocar as crian\u00e7as com desafios e perguntas, despertando sentimentos profundos, em pe\u00e7as ligadas \u00e0 ideia do tempo, supera\u00e7\u00e3o, contempla\u00e7\u00e3o e espa\u00e7o para o brincar\u201d, enfatizou Gandhy.<\/p>\n\n\n\n<p>C\u00edcera Escoura Bueno, diretora do Departamento de Fomento \u00e0 Leitura e Literatura do CIEMPI, destacou a expectativa em receber grupos de estudantes e a comunidade em geral. \u201cA exposi\u00e7\u00e3o possibilita que as pessoas tenham acesso ao potencial enorme que as crian\u00e7as carregam dentro de si. E o processo de escuta permite observar e captar muito mais do que imaginamos\u201d.<\/p>\n\n\n\n<p>Entre os convidados, a coordenadora pedag\u00f3gica Juliana Pimentel Ajala descreveu a exposi\u00e7\u00e3o como \u201cencantadora e envolvente\u201d, apontando a delicadeza das pe\u00e7as. \u201cComo deve ter sido interessante escutar as crian\u00e7as durante todo esse processo\u201d, relatou.<\/p>\n\n\n\n<p>A coordenadora pedag\u00f3gica do CIEMPI, Arabelle Calciolari, sinalizou a import\u00e2ncia do espa\u00e7o. \u201cEstamos num pr\u00e9dio hist\u00f3rico, trabalhando muito com a mem\u00f3ria, mas recebendo ao mesmo tempo pe\u00e7as modernas e atuais. A uni\u00e3o do novo com o antigo \u00e9 emocionante\u201d.\u00a0<\/p>\n\n\n\n<p><strong>(Fonte \/ Imagem: Prefeitura de Jundia\u00ed<\/strong>)<\/p>\n","protected":false},"excerpt":{"rendered":"<p>A abertura aconteceu neste s\u00e1bado (6), no Centro Internacional de Estudos, Mem\u00f3rias e Pesquisas da Inf\u00e2ncia (CIEMPI)<\/p>\n","protected":false},"author":31,"featured_media":96834,"comment_status":"closed","ping_status":"0","sticky":false,"template":"","format":"standard","meta":{"footnotes":""},"categories":[1],"tags":[],"class_list":["post-96833","post","type-post","status-publish","format-standard","has-post-thumbnail","hentry","category-noticias"],"_links":{"self":[{"href":"https:\/\/tvtecjundiai.com.br\/news\/wp-json\/wp\/v2\/posts\/96833","targetHints":{"allow":["GET"]}}],"collection":[{"href":"https:\/\/tvtecjundiai.com.br\/news\/wp-json\/wp\/v2\/posts"}],"about":[{"href":"https:\/\/tvtecjundiai.com.br\/news\/wp-json\/wp\/v2\/types\/post"}],"author":[{"embeddable":true,"href":"https:\/\/tvtecjundiai.com.br\/news\/wp-json\/wp\/v2\/users\/31"}],"replies":[{"embeddable":true,"href":"https:\/\/tvtecjundiai.com.br\/news\/wp-json\/wp\/v2\/comments?post=96833"}],"version-history":[{"count":1,"href":"https:\/\/tvtecjundiai.com.br\/news\/wp-json\/wp\/v2\/posts\/96833\/revisions"}],"predecessor-version":[{"id":96835,"href":"https:\/\/tvtecjundiai.com.br\/news\/wp-json\/wp\/v2\/posts\/96833\/revisions\/96835"}],"wp:featuredmedia":[{"embeddable":true,"href":"https:\/\/tvtecjundiai.com.br\/news\/wp-json\/wp\/v2\/media\/96834"}],"wp:attachment":[{"href":"https:\/\/tvtecjundiai.com.br\/news\/wp-json\/wp\/v2\/media?parent=96833"}],"wp:term":[{"taxonomy":"category","embeddable":true,"href":"https:\/\/tvtecjundiai.com.br\/news\/wp-json\/wp\/v2\/categories?post=96833"},{"taxonomy":"post_tag","embeddable":true,"href":"https:\/\/tvtecjundiai.com.br\/news\/wp-json\/wp\/v2\/tags?post=96833"}],"curies":[{"name":"wp","href":"https:\/\/api.w.org\/{rel}","templated":true}]}}