{"id":97104,"date":"2022-08-15T08:25:00","date_gmt":"2022-08-15T11:25:00","guid":{"rendered":"https:\/\/tvtecjundiai.com.br\/news\/?p=97104"},"modified":"2022-08-12T16:29:34","modified_gmt":"2022-08-12T19:29:34","slug":"tvtec-ensina-como-criar-um-site-para-sua-marca-em-novo-curso-gratuito","status":"publish","type":"post","link":"https:\/\/tvtecjundiai.com.br\/news\/2022\/08\/15\/tvtec-ensina-como-criar-um-site-para-sua-marca-em-novo-curso-gratuito\/","title":{"rendered":"TVTEC ensina como criar um site para sua marca em novo curso gratuito"},"content":{"rendered":"\n<p>Na quarta semana de inscri\u00e7\u00f5es gratuitas da Escola de Inova\u00e7\u00e3o, Coisas e Neg\u00f3cios, a Prefeitura de Jundia\u00ed e a TVTEC ir\u00e3o ofertar seis cursos r\u00e1pidos nos eixos do empreendedorismo, economia criativa, m\u00eddias digitais e audiovisual. S\u00e3o eles: <em>WhatsApp Business<\/em>, <em>Divulgue seu neg\u00f3cio com Pinterest<\/em>, <em>Edi\u00e7\u00e3o de \u00e1udio para Podcast<\/em>, <em>Fotografia digital<\/em> e os novos, <em>Est\u00fadio de Cria\u00e7\u00e3o: Gerencie Facebook e Instagram<\/em> e <em>Cria\u00e7\u00e3o de sites no WordPress<\/em>.<\/p>\n\n\n\n<p>A primeira novidade vai facilitar a vida dos criadores de conte\u00fados para as redes sociais. \u201cO Est\u00fadio de Cria\u00e7\u00e3o \u00e9 uma plataforma do Facebook utilizada para gerenciar publica\u00e7\u00f5es de p\u00e1ginas do Facebook e contas do Instagram. Ela permite criar posts para as duas redes sociais que podem ser publicados instantaneamente ou agendados.\u201d, \u00e9 o que explica Fabi Pincinato, professora do <em>Est\u00fadio de Cria\u00e7\u00e3o: Gerencie Facebook e Instagram<\/em>.<\/p>\n\n\n\n<figure class=\"wp-block-image size-large\"><img loading=\"lazy\" decoding=\"async\" width=\"1200\" height=\"900\" src=\"https:\/\/tvtecjundiai.com.br\/news\/wp-content\/uploads\/sites\/2\/2022\/08\/IMG_5848-1200x900.jpg\" alt=\"\" class=\"wp-image-97105\" srcset=\"https:\/\/tvtecjundiai.com.br\/news\/wp-content\/uploads\/sites\/2\/2022\/08\/IMG_5848-1200x900.jpg 1200w, https:\/\/tvtecjundiai.com.br\/news\/wp-content\/uploads\/sites\/2\/2022\/08\/IMG_5848-300x225.jpg 300w, https:\/\/tvtecjundiai.com.br\/news\/wp-content\/uploads\/sites\/2\/2022\/08\/IMG_5848-768x576.jpg 768w, https:\/\/tvtecjundiai.com.br\/news\/wp-content\/uploads\/sites\/2\/2022\/08\/IMG_5848.jpg 1280w\" sizes=\"auto, (max-width: 1200px) 100vw, 1200px\" \/><figcaption>&#8220;Est\u00fadio de Cria\u00e7\u00e3o: Gerencie Facebook e Instagram&#8221; e &#8220;Cria\u00e7\u00e3o de sites no WordPress&#8221; s\u00e3o as duas novidades da semana na Escola de Inova\u00e7\u00e3o, Coisas e Neg\u00f3cios<\/figcaption><\/figure>\n\n\n\n<p>Para quem deseja criar um ambiente exclusivo para sua marca, a segunda novidade, <em>Cria\u00e7\u00e3o de sites no WordPress<\/em>, promete ajudar empreendedores a marcar territ\u00f3rio no meio virtual. O professor M\u00e1rcio Pincinato adianta algumas dicas sobre o que um bom site deve apresentar: \u201c\u00c9 preciso estar atento em alguns detalhes, como: ser responsivo; ter boa usabilidade, layout e design; trazer as principais informa\u00e7\u00f5es; integra\u00e7\u00e3o com o neg\u00f3cio e facilidade de contato. Ao longo de 9 horas, vamos construir um site literalmente do zero, usando a plataforma WordPress e o construtor de sites Elementor de forma totalmente gratuita\u201d.<\/p>\n\n\n\n<p>As inscri\u00e7\u00f5es abrem na pr\u00f3xima quarta-feira (17), ao meio-dia, no <a href=\"https:\/\/tvtecjundiai.com.br\/inscricoes-cursos-jundiai\/\">site da TVTEC Jundia\u00ed<\/a>. A participa\u00e7\u00e3o \u00e9 aberta ao p\u00fablico geral e tem idade m\u00ednima de 16 anos. Interessados podem se inscrever em mais de um curso na semana, desde que os dias e hor\u00e1rios n\u00e3o coincidam.<strong> <\/strong>Confira a programa\u00e7\u00e3o:<\/p>\n\n\n\n<p><strong>WHATSAPP BUSINESS<\/strong><br>Professor: Fabiano Pereira<br>Modalidade: <strong>online<\/strong><br>Dias: <strong>22\/08<\/strong><br>Hor\u00e1rio: <strong>19h \u00e0s 22h<\/strong><\/p>\n\n\n\n<p><strong>DIVULGUE SEU NEG\u00d3CIO NO PINTEREST<\/strong><br>Professora: Mariana Batista<br>Modalidade: <strong>presencial<\/strong><br>Dias: <strong>23\/08<\/strong><br>Hor\u00e1rio: <strong>09h \u00e0s 12h<\/strong><\/p>\n\n\n\n<p><strong>EST\u00daDIO DE CRIA\u00c7\u00c3O: GERENCIE FACEBOOK E INSTAGRAM<\/strong><br>Professora: Fabiana Pincinato<br>Modalidade: <strong>presencial<\/strong><br>Dias: <strong>23\/08<\/strong><br>Hor\u00e1rio: <strong>19h \u00e0s 22h<\/strong><\/p>\n\n\n\n<p><strong>CRIA\u00c7\u00c3O DE SITES NO WORDPRESS<\/strong><br>Professor: M\u00e1rcio Pincinato<br>Modalidade: <strong>online<\/strong><br>Dias: <strong>23, 24 e 25\/08<\/strong><br>Hor\u00e1rio: <strong>19h \u00e0s 22h<\/strong><\/p>\n\n\n\n<p><strong>EDI\u00c7\u00c3O DE \u00c1UDIO PARA PODCAST<\/strong><br>Professor: Kalico Sprocatte<br>Modalidade: <strong>online<\/strong><br>Dias: <strong>29 e 31\/08<\/strong><br>Hor\u00e1rio: <strong>19h \u00e0s 22h<\/strong><\/p>\n\n\n\n<p><strong>FOTOGRAFIA DIGITAL<\/strong><br>Professor: Lucas Casale<br>Modalidade:<strong> online<\/strong><br>Dias: <strong>01\/09<\/strong><br>Hor\u00e1rio: <strong>19h \u00e0s 22h<\/strong><\/p>\n","protected":false},"excerpt":{"rendered":"<p>Inscri\u00e7\u00f5es para seis cursos ofertados pela Prefeitura de Jundia\u00ed abrem nesta quarta (17)<\/p>\n","protected":false},"author":17,"featured_media":97105,"comment_status":"closed","ping_status":"0","sticky":false,"template":"","format":"standard","meta":{"footnotes":""},"categories":[8356,1],"tags":[],"class_list":["post-97104","post","type-post","status-publish","format-standard","has-post-thumbnail","hentry","category-jundiai","category-noticias"],"_links":{"self":[{"href":"https:\/\/tvtecjundiai.com.br\/news\/wp-json\/wp\/v2\/posts\/97104","targetHints":{"allow":["GET"]}}],"collection":[{"href":"https:\/\/tvtecjundiai.com.br\/news\/wp-json\/wp\/v2\/posts"}],"about":[{"href":"https:\/\/tvtecjundiai.com.br\/news\/wp-json\/wp\/v2\/types\/post"}],"author":[{"embeddable":true,"href":"https:\/\/tvtecjundiai.com.br\/news\/wp-json\/wp\/v2\/users\/17"}],"replies":[{"embeddable":true,"href":"https:\/\/tvtecjundiai.com.br\/news\/wp-json\/wp\/v2\/comments?post=97104"}],"version-history":[{"count":1,"href":"https:\/\/tvtecjundiai.com.br\/news\/wp-json\/wp\/v2\/posts\/97104\/revisions"}],"predecessor-version":[{"id":97106,"href":"https:\/\/tvtecjundiai.com.br\/news\/wp-json\/wp\/v2\/posts\/97104\/revisions\/97106"}],"wp:featuredmedia":[{"embeddable":true,"href":"https:\/\/tvtecjundiai.com.br\/news\/wp-json\/wp\/v2\/media\/97105"}],"wp:attachment":[{"href":"https:\/\/tvtecjundiai.com.br\/news\/wp-json\/wp\/v2\/media?parent=97104"}],"wp:term":[{"taxonomy":"category","embeddable":true,"href":"https:\/\/tvtecjundiai.com.br\/news\/wp-json\/wp\/v2\/categories?post=97104"},{"taxonomy":"post_tag","embeddable":true,"href":"https:\/\/tvtecjundiai.com.br\/news\/wp-json\/wp\/v2\/tags?post=97104"}],"curies":[{"name":"wp","href":"https:\/\/api.w.org\/{rel}","templated":true}]}}