{"id":97123,"date":"2022-08-13T16:17:27","date_gmt":"2022-08-13T19:17:27","guid":{"rendered":"https:\/\/tvtecjundiai.com.br\/news\/?p=97123"},"modified":"2022-08-13T16:17:31","modified_gmt":"2022-08-13T19:17:31","slug":"cerimonia-oficializa-posse-de-dom-arnaldo-como-novo-bispo-diocesano-de-jundiai","status":"publish","type":"post","link":"https:\/\/tvtecjundiai.com.br\/news\/2022\/08\/13\/cerimonia-oficializa-posse-de-dom-arnaldo-como-novo-bispo-diocesano-de-jundiai\/","title":{"rendered":"Cerim\u00f4nia oficializa posse de Dom Arnaldo como novo Bispo Diocesano de Jundia\u00ed"},"content":{"rendered":"\n<p>Foi realizada na manh\u00e3 deste s\u00e1bado (13) a Solene Celebra\u00e7\u00e3o Eucar\u00edstica que marcou o in\u00edcio da Miss\u00e3o Episcopal de Dom Arnaldo Cavalheiro Neto como 6\u00b0 Bispo Diocesano de Jundia\u00ed. A cerim\u00f4nia foi realizada na Par\u00f3quia Cristo Redentor, localizada na Vila Cristo, que ficou lotada de padres, bispos de todo o estado e devotos.<\/p>\n\n\n\n<p>Dom Arnaldo substitui o bispo Dom Vicente, que ficou 12 anos \u00e0 frente da Diocese de Jundia\u00ed, e deixou o cargo neste ano, ao completar os 75 anos de idade. O prefeito Luiz Fernando Machado participou da celebra\u00e7\u00e3o, assim como o vice-prefeito Gustavo Martinelli, e demais autoridades da regi\u00e3o.<\/p>\n\n\n\n<p>Dom Vicente tamb\u00e9m esteve presente e a chegada de Dom Arnaldo teve todo o percurso transmitido ao vivo nos tel\u00f5es da par\u00f3quia. Ambos entraram juntos rumo ao altar e o Evangelho teve o amor como tema principal da missa comandada pela novo bispo jundiaiense.<\/p>\n\n\n\n<figure class=\"wp-block-image\"><img decoding=\"async\" src=\"https:\/\/jundiai.sp.gov.br\/noticias\/wp-content\/uploads\/sites\/32\/2022\/08\/posse_novo_bispo_dom_arnaldo-336.jpg\" alt=\"Luiz Fernando recebe e cumprimenta o novo bispo jundiaiense, Dom Arnaldo\" class=\"wp-image-299255\" \/><figcaption>Luiz Fernando recebe o novo bispo jundiaiense, Dom Arnaldo<\/figcaption><\/figure>\n\n\n\n<p>\u201cFico muito feliz em ver tantos irm\u00e3os presentes aqui hoje. Inicio essa miss\u00e3o sabendo que o amor presente nesta causa \u00e9 divino e extraordin\u00e1rio. Que nosso amor fraterno seja o s\u00edmbolo desta uni\u00e3o que concretizamos hoje. Que fa\u00e7amos a revolu\u00e7\u00e3o do amor e possamos nos dedicar totalmente ao plano diocesano\u201d, comentou.<\/p>\n\n\n\n<p>Luiz Fernando representou as autoridades presentes e iniciou sua fala dirigindo-se ao bispo em\u00e9rito Dom Vicente. \u201cAgora podemos trat\u00e1-lo como um vov\u00f4, que cuida, mas n\u00e3o tem mais tantas obriga\u00e7\u00f5es como antes\u201d, brincou o prefeito de Jundia\u00ed.<\/p>\n\n\n\n<p>Depois, a palavra foi direcionada ao novo bispo, Dom Arnaldo. \u201cEstamos todos emocionados e felizes em acolh\u00ea-lo na nossa diocese. Se formos bons individualmente, seremos coletivamente melhores e alcan\u00e7aremos nossos objetivos. Nossa luta \u00e9 para que a Jundia\u00ed de amanh\u00e3 seja melhor que a de hoje e que os problemas sejam outros, pois os atuais foram resolvidos. Seja muito bem-vindo\u201d, finalizou.<\/p>\n\n\n\n<figure class=\"wp-block-image\"><img decoding=\"async\" src=\"https:\/\/jundiai.sp.gov.br\/noticias\/wp-content\/uploads\/sites\/32\/2022\/08\/posse_novo_bispo_dom_arnaldo-1150.jpg\" alt=\"Luiz Fernando Machado discursa durante a cerim\u00f4nia\" class=\"wp-image-299256\" \/><figcaption>Luiz Fernando Machado discursa durante a cerim\u00f4nia<\/figcaption><\/figure>\n\n\n\n<p><strong>Dom Arnaldo<\/strong><\/p>\n\n\n\n<p>Natural de S\u00e3o Paulo, dom Arnaldo, nasceu em 11 de abril de 1967. Estudou Filosofia na Faculdade Salesiana de Filosofia, Ci\u00eancias e Letras na UNISAL, em Lorena (SP), e Teologia no Instituto Teol\u00f3gico \u201cRainha dos Ap\u00f3stolos\u201d, em Mar\u00edlia (SP). Frequentou cursos de dire\u00e7\u00e3o espiritual no Institute for Spiritual Leadership em Chicago, nos Estados Unidos, e de capelania hospitalar no Mater Misericordiae Hospital em Dublin, na Irlanda. Al\u00e9m disso, obteve a licenciatura em Pastoral Counseling na Loyola University of Chicago.<\/p>\n\n\n\n<p>Dom Arnaldo recebeu a ordena\u00e7\u00e3o sacerdotal em 17 de maio de 1997 e foi incardinado na diocese de Ara\u00e7atuba (SP). Em seu minist\u00e9rio sacerdotal desempenhou as fun\u00e7\u00f5es de p\u00e1roco da par\u00f3quia de S\u00e3o Br\u00e1s, em Birigui (SP); vig\u00e1rio paroquial da par\u00f3quia Saint Roman, em Chicago. Al\u00e9m disso, foi diretor espiritual do Instituto Teol\u00f3gico Rainha dos Ap\u00f3stolos em Mar\u00edlia (SP). Tamb\u00e9m foi p\u00e1roco da par\u00f3quia S\u00e3o Pedro Ap\u00f3stolo, em Gabriel Monteiro (SP), e reitor do Semin\u00e1rio Proped\u00eautico de Ara\u00e7atuba (SP).<\/p>\n\n\n\n<p>Foi nomeado bispo em 4 de maio de 2016 e ordenado em 17 de julho do mesmo ano. Em 25 de julho de 2016, foi nomeado bispo coadjutor de Itapeva (SP). Em 19 de outubro do mesmo ano, nomeado como o sexto bispo desta Igreja particular, que foi criada em 2 de mar\u00e7o de 1968 pelo Papa Paulo VI.<\/p>\n\n\n\n<figure class=\"wp-block-image\"><img decoding=\"async\" src=\"https:\/\/jundiai.sp.gov.br\/noticias\/wp-content\/uploads\/sites\/32\/2022\/08\/posse_novo_bispo_dom_arnaldo-472.jpg\" alt=\"\" class=\"wp-image-299257\" \/><figcaption>Bispo Em\u00e9rito Dom Vicente Costa tamb\u00e9m participou da missa<\/figcaption><\/figure>\n\n\n\n<p><em>(Fonte\/Imagem: Prefeitura de Jundia\u00ed)<\/em><\/p>\n","protected":false},"excerpt":{"rendered":"<p>Dom Arnaldo substitui o bispo Dom Vicente, que ficou 12 anos \u00e0 frente da Diocese de Jundia\u00ed<\/p>\n","protected":false},"author":17,"featured_media":97124,"comment_status":"closed","ping_status":"0","sticky":false,"template":"","format":"standard","meta":{"footnotes":""},"categories":[8356,1],"tags":[],"class_list":["post-97123","post","type-post","status-publish","format-standard","has-post-thumbnail","hentry","category-jundiai","category-noticias"],"_links":{"self":[{"href":"https:\/\/tvtecjundiai.com.br\/news\/wp-json\/wp\/v2\/posts\/97123","targetHints":{"allow":["GET"]}}],"collection":[{"href":"https:\/\/tvtecjundiai.com.br\/news\/wp-json\/wp\/v2\/posts"}],"about":[{"href":"https:\/\/tvtecjundiai.com.br\/news\/wp-json\/wp\/v2\/types\/post"}],"author":[{"embeddable":true,"href":"https:\/\/tvtecjundiai.com.br\/news\/wp-json\/wp\/v2\/users\/17"}],"replies":[{"embeddable":true,"href":"https:\/\/tvtecjundiai.com.br\/news\/wp-json\/wp\/v2\/comments?post=97123"}],"version-history":[{"count":1,"href":"https:\/\/tvtecjundiai.com.br\/news\/wp-json\/wp\/v2\/posts\/97123\/revisions"}],"predecessor-version":[{"id":97125,"href":"https:\/\/tvtecjundiai.com.br\/news\/wp-json\/wp\/v2\/posts\/97123\/revisions\/97125"}],"wp:featuredmedia":[{"embeddable":true,"href":"https:\/\/tvtecjundiai.com.br\/news\/wp-json\/wp\/v2\/media\/97124"}],"wp:attachment":[{"href":"https:\/\/tvtecjundiai.com.br\/news\/wp-json\/wp\/v2\/media?parent=97123"}],"wp:term":[{"taxonomy":"category","embeddable":true,"href":"https:\/\/tvtecjundiai.com.br\/news\/wp-json\/wp\/v2\/categories?post=97123"},{"taxonomy":"post_tag","embeddable":true,"href":"https:\/\/tvtecjundiai.com.br\/news\/wp-json\/wp\/v2\/tags?post=97123"}],"curies":[{"name":"wp","href":"https:\/\/api.w.org\/{rel}","templated":true}]}}