{"id":97151,"date":"2022-08-15T09:12:53","date_gmt":"2022-08-15T12:12:53","guid":{"rendered":"https:\/\/tvtecjundiai.com.br\/news\/?p=97151"},"modified":"2022-08-15T09:12:58","modified_gmt":"2022-08-15T12:12:58","slug":"espaco-jundiai-empreendedora-completa-seis-meses-e-vira-referencia-no-fomento-ao-emprego-negocios-e-inovacao","status":"publish","type":"post","link":"https:\/\/tvtecjundiai.com.br\/news\/2022\/08\/15\/espaco-jundiai-empreendedora-completa-seis-meses-e-vira-referencia-no-fomento-ao-emprego-negocios-e-inovacao\/","title":{"rendered":"Espa\u00e7o Jundia\u00ed Empreendedora completa seis meses e vira refer\u00eancia no fomento ao emprego, neg\u00f3cios e inova\u00e7\u00e3o"},"content":{"rendered":"\n<p>Criar e fomentar empregos e oportunidades de neg\u00f3cios e facilitar a vida do empreendedor e comerciante, al\u00e9m do foco da inova\u00e7\u00e3o. Tudo isso tem sido o foco do Espa\u00e7o Jundia\u00ed Empreendedora, que completa seis meses neste 15 de agosto.<\/p>\n\n\n\n<p>Em seis meses, o Espa\u00e7o realizou mais de 18 mil atendimentos, al\u00e9m do local ter sido sede de 55 processos seletivos de empresas diversas. O local conta com o primeiro coworking p\u00fablico da cidade.<\/p>\n\n\n\n<p>A analista financeira Ma\u00edne de Lima utiliza o coworking para trabalhar. \u201cTrabalho de forma h\u00edbrida e duas vezes por semana vou ao escrit\u00f3rio. Descobri o Espa\u00e7o Jundia\u00ed Empreendedora pela internet e agora venho trabalhar algumas vezes do local. O clima aqui \u00e9 bom, bem prop\u00edcio para desenvolver meu trabalho, a internet tem alta velocidade e facilita muito meu trabalho\u201d, explica.<\/p>\n\n\n\n<figure class=\"wp-block-image\"><img decoding=\"async\" src=\"https:\/\/jundiai.sp.gov.br\/noticias\/wp-content\/uploads\/sites\/32\/2022\/08\/jundiai-empreendedora_fm_-4.jpg\" alt=\"\" class=\"wp-image-299164\" \/><figcaption>Ma\u00edne de Lima utiliza o Espa\u00e7o para trabalhar no coworking<\/figcaption><\/figure>\n\n\n\n<p>Para o advogado Gustavo Bardi Capelli, que sofreu um acidente em 2015, o Espa\u00e7o significou a possibilidade de se recolocar no mercado de trabalho. Foi l\u00e1 que ele teve aux\u00edlio para seu curr\u00edculo ser analisado, cadastrado nas plataformas digitais e agendamento de entrevistas com poss\u00edveis empregadores.<\/p>\n\n\n\n<p>\u201cO atendimento aqui foi muito bom e j\u00e1 fiz algumas entrevistas depois que me ajudaram a cadastrar o curr\u00edculo. At\u00e9 o meu laudo, eles me ajudaram a cadastrar. O suporte que foi me dado aqui foi muito bom\u201d, explica Gustavo.<\/p>\n\n\n\n<p>O laudo m\u00e9dico para PcD \u00e9 um documento que ajuda a comprovar a defici\u00eancia de uma pessoa. Ele \u00e9 essencial para quem \u00e9 contratado por empresas que adotam a lei de cotas para PcDs<\/p>\n\n\n\n<figure class=\"wp-block-image\"><img decoding=\"async\" src=\"https:\/\/jundiai.sp.gov.br\/noticias\/wp-content\/uploads\/sites\/32\/2022\/08\/jundiai-empreendedora_fm_-20.jpg\" alt=\"\" class=\"wp-image-299166\" \/><figcaption>Atendimento personalizado encaminhou Gustavo para entrevistas de emprego<\/figcaption><\/figure>\n\n\n\n<p>Para o prefeito Luiz Fernando Machado, o Espa\u00e7o Jundia\u00ed Empreendedora cumpre bem o seu papel nestes seis meses. \u201cNossa gest\u00e3o entende a import\u00e2ncia de valorizar a gera\u00e7\u00e3o de emprego e estimular o empreendedorismo. O Espa\u00e7o Jundia\u00ed Empreendedora une o empreendedor, o poder p\u00fablico, a governan\u00e7a e os trabalhadores, em uma ferramenta para estimular a gera\u00e7\u00e3o de emprego, renda e neg\u00f3cios para a cidade. Este espa\u00e7o j\u00e1 \u00e9 um aglutinador e fomentador de tudo isso\u201d, explica o prefeito Luiz Fernando Machado.<\/p>\n\n\n\n<p>Segundo o gestor da UGDECT, Cristiano Lopes, o saldo \u00e9 positivo. \u201cO Espa\u00e7o \u00e9 um fomentador dos neg\u00f3cios e do emprego, al\u00e9m da inova\u00e7\u00e3o. O trabalho desenvolvido tem contribu\u00eddo para a qualifica\u00e7\u00e3o profissional e para a gera\u00e7\u00e3o de emprego, neg\u00f3cios e mais renda na nossa cidade. O Espa\u00e7o j\u00e1 virou refer\u00eancia para outras cidades. O saldo \u00e9 positivo nestes seis meses completados\u201d, explica<\/p>\n\n\n\n<figure class=\"wp-block-image\"><img decoding=\"async\" src=\"https:\/\/jundiai.sp.gov.br\/noticias\/wp-content\/uploads\/sites\/32\/2022\/08\/jundiai-empreendedora_fm_-36.jpg\" alt=\"\" class=\"wp-image-299168\" \/><figcaption>Espa\u00e7o j\u00e1 sediou 55 processos seletivos de empresas diversas da cidade<\/figcaption><\/figure>\n\n\n\n<p>Segundo o diretor do Departamento de Fomento ao Com\u00e9rcio e Servi\u00e7os da UGDECT, Enrico Arkchimor Milamonti, o espa\u00e7o est\u00e1 \u00e0 disposi\u00e7\u00e3o de todos. \u201cTemos feitos parcerias com empresas que utilizam nosso Espa\u00e7o para realiza\u00e7\u00e3o de processos seletivos e vamos fomentar isso, al\u00e9m de continuarmos atuando na empregabilidade e na capacita\u00e7\u00e3o profissional\u201d.<\/p>\n\n\n\n<p><strong>INOVA\u00c7\u00c3O<\/strong><\/p>\n\n\n\n<p>A partir de setembro, uma startup estar\u00e1 incubada no local. ela foi selecionada ap\u00f3s o&nbsp; 1\u00ba \u2018Hackathon \u2013 Solu\u00e7\u00f5es para Com\u00e9rcio e Servi\u00e7os realizado no pr\u00f3prio Espa\u00e7o neste final de semana.<\/p>\n\n\n\n<p>No Espa\u00e7o, a startup vencedora vai ajudar as empresas de com\u00e9rcio e de servi\u00e7os que comp\u00f5em o roteiro tur\u00edstico de Jundia\u00ed.<\/p>\n\n\n\n<p><strong>SERVI\u00c7OS<\/strong><\/p>\n\n\n\n<p>O Espa\u00e7o Jundia\u00ed Empreendedora oferece diferentes servi\u00e7os como o Posto de Atendimento ao Trabalhador (PAT), Banco do Povo, Sebrae Aqui, DAE, Seguro Desemprego, Vigil\u00e2ncia Sanit\u00e1ria, Balc\u00e3o do Empreendedor, Exporta + Jundia\u00ed \u2013 orienta\u00e7\u00e3o para importa\u00e7\u00e3o e exporta\u00e7\u00e3o, atendimento para pessoas com defici\u00eancia \u2013 emprego e recoloca\u00e7\u00e3o profissional, orienta\u00e7\u00e3o ao produtor rural, feirante, artes\u00e3o e turismo, startups \u2013 orienta\u00e7\u00e3o para aderir ao Campus Jundia\u00ed e tamb\u00e9m contar\u00e1 com \u00e1rea de \u2018coworking\u2019, incubadora de startups, salas de recrutamento e entrevista para empresas, capacita\u00e7\u00e3o de m\u00e3o de obra, entre outros.<\/p>\n\n\n\n<p>Com modelo inovador de agendamento de atendimentos todo on-line, o local \u00e9 dividido em quatro ambientes: Coworking, Atendimento, Sala de Entrevistas e Sala de Treinamento. Todos atendimentos s\u00e3o feitos por meio de agendamento.<\/p>\n\n\n\n<p>O Espa\u00e7o Jundia\u00ed Empreendedora fica na Avenida Ant\u00f4nio Frederico Ozanan, 6000 \u2013 Maxi Shopping Piso G3 Ala Norte. O telefone \u00e9 o 4582-8585.<\/p>\n\n\n\n<p><em>(Fonte\/Imagem: Prefeitura de Jundia\u00ed)<\/em><\/p>\n","protected":false},"excerpt":{"rendered":"<p>Em seis meses, foram realizados mais de 18 mil atendimentos, al\u00e9m de 55 processos seletivos de empresas diversas.<\/p>\n","protected":false},"author":17,"featured_media":97152,"comment_status":"closed","ping_status":"0","sticky":false,"template":"","format":"standard","meta":{"footnotes":""},"categories":[8356,1],"tags":[],"class_list":["post-97151","post","type-post","status-publish","format-standard","has-post-thumbnail","hentry","category-jundiai","category-noticias"],"_links":{"self":[{"href":"https:\/\/tvtecjundiai.com.br\/news\/wp-json\/wp\/v2\/posts\/97151","targetHints":{"allow":["GET"]}}],"collection":[{"href":"https:\/\/tvtecjundiai.com.br\/news\/wp-json\/wp\/v2\/posts"}],"about":[{"href":"https:\/\/tvtecjundiai.com.br\/news\/wp-json\/wp\/v2\/types\/post"}],"author":[{"embeddable":true,"href":"https:\/\/tvtecjundiai.com.br\/news\/wp-json\/wp\/v2\/users\/17"}],"replies":[{"embeddable":true,"href":"https:\/\/tvtecjundiai.com.br\/news\/wp-json\/wp\/v2\/comments?post=97151"}],"version-history":[{"count":1,"href":"https:\/\/tvtecjundiai.com.br\/news\/wp-json\/wp\/v2\/posts\/97151\/revisions"}],"predecessor-version":[{"id":97153,"href":"https:\/\/tvtecjundiai.com.br\/news\/wp-json\/wp\/v2\/posts\/97151\/revisions\/97153"}],"wp:featuredmedia":[{"embeddable":true,"href":"https:\/\/tvtecjundiai.com.br\/news\/wp-json\/wp\/v2\/media\/97152"}],"wp:attachment":[{"href":"https:\/\/tvtecjundiai.com.br\/news\/wp-json\/wp\/v2\/media?parent=97151"}],"wp:term":[{"taxonomy":"category","embeddable":true,"href":"https:\/\/tvtecjundiai.com.br\/news\/wp-json\/wp\/v2\/categories?post=97151"},{"taxonomy":"post_tag","embeddable":true,"href":"https:\/\/tvtecjundiai.com.br\/news\/wp-json\/wp\/v2\/tags?post=97151"}],"curies":[{"name":"wp","href":"https:\/\/api.w.org\/{rel}","templated":true}]}}