{"id":97158,"date":"2022-08-15T12:53:46","date_gmt":"2022-08-15T15:53:46","guid":{"rendered":"https:\/\/tvtecjundiai.com.br\/news\/?p=97158"},"modified":"2022-08-16T08:38:18","modified_gmt":"2022-08-16T11:38:18","slug":"jardim-novo-horizonte-recebe-a-primeira-fase-do-parque-do-cerrado","status":"publish","type":"post","link":"https:\/\/tvtecjundiai.com.br\/news\/2022\/08\/15\/jardim-novo-horizonte-recebe-a-primeira-fase-do-parque-do-cerrado\/","title":{"rendered":"Jardim Novo Horizonte recebe a primeira fase do Parque do Cerrado"},"content":{"rendered":"\n<p>Uma nova \u00e1rea de preserva\u00e7\u00e3o ambiental, com espa\u00e7o de lazer destinado a todas as fam\u00edlias, est\u00e1 tomando forma no Jardim Novo Horizonte. O Parque do Cerrado est\u00e1 localizado na rua Eunice Cavalcante de Souza Queiroz. Os equipamentos de lazer, implantados na primeira fase, j\u00e1 est\u00e3o prontos e a ilumina\u00e7\u00e3o ser\u00e1 instalada at\u00e9 o final do m\u00eas de agosto. Na segunda etapa, o local receber\u00e1 a constru\u00e7\u00e3o de um centro de educa\u00e7\u00e3o ambiental voltado \u00e0 preserva\u00e7\u00e3o do remanescente do cerrado preservado no local.<\/p>\n\n\n\n<p><br>\u201cA exemplo de outros bairros da cidade, o Jardim Novo Horizonte passa a contar com uma \u00e1rea de lazer para toda a fam\u00edlia, pr\u00f3ximo das suas casas. Al\u00e9m disso, vamos aliar o projeto \u00e0 preserva\u00e7\u00e3o do meio ambiente\u201d, esclareceu o prefeito Luiz Fernando Machado.<\/p>\n\n\n\n<figure class=\"wp-block-image\"><img decoding=\"async\" src=\"https:\/\/jundiai.sp.gov.br\/noticias\/wp-content\/uploads\/sites\/32\/2022\/08\/img-20220815-wa0011.jpg\" alt=\"\" class=\"wp-image-299273\" \/><figcaption>Espa\u00e7o de lazer para a popula\u00e7\u00e3o ter\u00e1, na segunda fase, \u00e1rea de desenvolvimento educacional e prote\u00e7\u00e3o ambiental<\/figcaption><\/figure>\n\n\n\n<p><br>A \u00e1rea j\u00e1 conta com uma pra\u00e7a com pista de skate, pista para caminhada, academia ao ar livre, espa\u00e7o arborizado, bosque e, tamb\u00e9m ter\u00e1 uma quadra poliesportiva. O local tem ainda um ecoponto para descarte de res\u00edduos. Ainda ser\u00e3o instaladas 14 lumin\u00e1rias para que o espa\u00e7o possa ser utilizado pelas fam\u00edlias tamb\u00e9m no per\u00edodo noturno. O investimento nesta primeira fase foi de R$ 301 mil, com recursos do Minist\u00e9rio das Cidades, repassado por meio da Caixa Econ\u00f4mica Federal.<\/p>\n\n\n\n<p><br>O gestor de Governo e Finan\u00e7as, Jos\u00e9 Antonio Parimoschi, comenta que o investimento no local tem por objetivo qualificar um espa\u00e7o p\u00fablico nobre, que poder\u00e1 ser usado pelos moradores e que tamb\u00e9m ganhar\u00e1, em breve, um centro de educa\u00e7\u00e3o ambiental. Esse parque ir\u00e1 valorizar o bairro e propiciar melhoria na qualidade de vida aos moradores. \u201cQuando planejamos a cidade, levamos em considera\u00e7\u00e3o as principais demandas dos moradores dos bairros e procuramos utilizar \u00e1reas p\u00fablicas que estavam vazias ou sem qualquer uso pela comunidade\u201d, ressalta.<\/p>\n\n\n\n<figure class=\"wp-block-image\"><img decoding=\"async\" src=\"https:\/\/jundiai.sp.gov.br\/noticias\/wp-content\/uploads\/sites\/32\/2022\/08\/img-20220815-wa0012.jpg\" alt=\"\" class=\"wp-image-299271\" \/><figcaption>\u00c1rea est\u00e1 com a primeira fase quase conclu\u00edda<\/figcaption><\/figure>\n\n\n\n<p><br><strong>Segunda fase<br><\/strong>Na pr\u00f3xima etapa, o projeto prev\u00ea a constru\u00e7\u00e3o de uma sede administrativa, banheiros, portaria e espa\u00e7o para o desenvolvimento de a\u00e7\u00f5es de educa\u00e7\u00e3o e preserva\u00e7\u00e3o ambiental.<br>\u201cA \u00e1rea destinada para o Parque do Cerrado tem uma ampla \u00e1rea verde com fragmentos naturais de cerrado, compondo mais um espa\u00e7o de qualidade para que popula\u00e7\u00e3o possa usufruir com toda a fam\u00edlia\u201d, explica o gestor de Infraestrutura e Servi\u00e7os P\u00fablicos (UGISP) Adilson Rosa.<\/p>\n\n\n\n<p><em>(Fonte\/Imagem: Prefeitura de Jundia\u00ed)<\/em><\/p>\n","protected":false},"excerpt":{"rendered":"<p>Equipamentos de lazer j\u00e1 est\u00e3o prontos e a ilumina\u00e7\u00e3o ser\u00e1 instalada at\u00e9 o final do m\u00eas <\/p>\n","protected":false},"author":17,"featured_media":97159,"comment_status":"closed","ping_status":"0","sticky":false,"template":"","format":"standard","meta":{"footnotes":""},"categories":[29,8356,8354,1],"tags":[],"class_list":["post-97158","post","type-post","status-publish","format-standard","has-post-thumbnail","hentry","category-destaque","category-jundiai","category-lazer","category-noticias"],"_links":{"self":[{"href":"https:\/\/tvtecjundiai.com.br\/news\/wp-json\/wp\/v2\/posts\/97158","targetHints":{"allow":["GET"]}}],"collection":[{"href":"https:\/\/tvtecjundiai.com.br\/news\/wp-json\/wp\/v2\/posts"}],"about":[{"href":"https:\/\/tvtecjundiai.com.br\/news\/wp-json\/wp\/v2\/types\/post"}],"author":[{"embeddable":true,"href":"https:\/\/tvtecjundiai.com.br\/news\/wp-json\/wp\/v2\/users\/17"}],"replies":[{"embeddable":true,"href":"https:\/\/tvtecjundiai.com.br\/news\/wp-json\/wp\/v2\/comments?post=97158"}],"version-history":[{"count":1,"href":"https:\/\/tvtecjundiai.com.br\/news\/wp-json\/wp\/v2\/posts\/97158\/revisions"}],"predecessor-version":[{"id":97160,"href":"https:\/\/tvtecjundiai.com.br\/news\/wp-json\/wp\/v2\/posts\/97158\/revisions\/97160"}],"wp:featuredmedia":[{"embeddable":true,"href":"https:\/\/tvtecjundiai.com.br\/news\/wp-json\/wp\/v2\/media\/97159"}],"wp:attachment":[{"href":"https:\/\/tvtecjundiai.com.br\/news\/wp-json\/wp\/v2\/media?parent=97158"}],"wp:term":[{"taxonomy":"category","embeddable":true,"href":"https:\/\/tvtecjundiai.com.br\/news\/wp-json\/wp\/v2\/categories?post=97158"},{"taxonomy":"post_tag","embeddable":true,"href":"https:\/\/tvtecjundiai.com.br\/news\/wp-json\/wp\/v2\/tags?post=97158"}],"curies":[{"name":"wp","href":"https:\/\/api.w.org\/{rel}","templated":true}]}}