{"id":97171,"date":"2022-08-16T11:15:01","date_gmt":"2022-08-16T14:15:01","guid":{"rendered":"https:\/\/tvtecjundiai.com.br\/news\/?p=97171"},"modified":"2022-08-16T11:19:17","modified_gmt":"2022-08-16T14:19:17","slug":"hospital-sao-vicente-realiza-1-encontro-multidisciplinar","status":"publish","type":"post","link":"https:\/\/tvtecjundiai.com.br\/news\/2022\/08\/16\/hospital-sao-vicente-realiza-1-encontro-multidisciplinar\/","title":{"rendered":"Hospital S\u00e3o Vicente realiza 1\u00b0 Encontro Multidisciplinar em setembro"},"content":{"rendered":"\n<p>Refer\u00eancia para profissionais de sa\u00fade de todo o pa\u00eds, o Hospital de Caridade S\u00e3o Vicente de Paulo (HSV) possui papel importante na educa\u00e7\u00e3o e desenvolvimento de estudantes das mais diversas \u00e1reas assistenciais. Por meio de sua atua\u00e7\u00e3o de excel\u00eancia, as equipes da institui\u00e7\u00e3o, certificada como hospital de ensino, buscam reunir e compartilhar experi\u00eancias que agreguem em outros servi\u00e7os da regi\u00e3o, al\u00e9m de preparar profissionais em forma\u00e7\u00e3o para a rotina hospitalar de alta complexidade. Pensando nisso, no m\u00eas de setembro a unidade promove o 1\u00ba Encontro Multidisciplinar de sua hist\u00f3ria, com o tema \u201cCompartilhando Saberes\u201d.<\/p>\n\n\n\n<p>O evento ser\u00e1 realizado no dia 17 de setembro, das 8h \u00e0s 13h, e contar\u00e1 com palestras ministradas pela equipe m\u00e9dica, de enfermagem, fisioterapia, farm\u00e1cia, nutri\u00e7\u00e3o e psicologia. Entre os temas das aulas est\u00e3o o trabalho da equipe multidisciplinar na Unidade de Terapia Intensiva (UTI), assist\u00eancia da enfermagem, altera\u00e7\u00e3o corporal e mobiliza\u00e7\u00e3o do paciente cr\u00edtico, assist\u00eancia farmac\u00eautica, entre outros. A a\u00e7\u00e3o conta com o patroc\u00ednio da Fresenius Medical Care, companhia l\u00edder mundial em produtos e servi\u00e7os de di\u00e1lise e da multinacional Crist\u00e1lia, o mais importante laborat\u00f3rio no mercado em anest\u00e9sicos e narcoanalg\u00e9sicos.<\/p>\n\n\n\n<p>Com programa\u00e7\u00e3o para o p\u00fablico externo, as palestras ser\u00e3o realizadas no Anfiteatro da Faculdade UniAnchieta, localizado na Av. Odila Azalim, 575 \u2013 Vila Nova Jundian\u00f3polis, Jundia\u00ed \u2013 SP. A taxa de inscri\u00e7\u00e3o \u00e9 a doa\u00e7\u00e3o de um pacote de fraldas geri\u00e1tricas G ou GG em prol de pacientes internados no hospital.<\/p>\n\n\n\n<p>Inscreva-se e participe!<\/p>\n\n\n<div class=\"wp-block-image\">\n<figure class=\"aligncenter size-full\"><img loading=\"lazy\" decoding=\"async\" width=\"661\" height=\"934\" src=\"https:\/\/tvtecjundiai.com.br\/news\/wp-content\/uploads\/sites\/2\/2022\/08\/image004.png\" alt=\"\" class=\"wp-image-97172\" srcset=\"https:\/\/tvtecjundiai.com.br\/news\/wp-content\/uploads\/sites\/2\/2022\/08\/image004.png 661w, https:\/\/tvtecjundiai.com.br\/news\/wp-content\/uploads\/sites\/2\/2022\/08\/image004-300x424.png 300w\" sizes=\"auto, (max-width: 661px) 100vw, 661px\" \/><\/figure>\n<\/div>\n\n\n<p><strong><em>(Fonte\/Imagem: Hospital S\u00e3o Vicente)<\/em><\/strong><\/p>\n","protected":false},"excerpt":{"rendered":"<p>O evento acontece no dia 17 de setembro e contar\u00e1 com palestras ministradas pela equipe do Hospital.<\/p>\n","protected":false},"author":27,"featured_media":72263,"comment_status":"closed","ping_status":"0","sticky":false,"template":"","format":"standard","meta":{"footnotes":""},"categories":[8356],"tags":[],"class_list":["post-97171","post","type-post","status-publish","format-standard","has-post-thumbnail","hentry","category-jundiai"],"_links":{"self":[{"href":"https:\/\/tvtecjundiai.com.br\/news\/wp-json\/wp\/v2\/posts\/97171","targetHints":{"allow":["GET"]}}],"collection":[{"href":"https:\/\/tvtecjundiai.com.br\/news\/wp-json\/wp\/v2\/posts"}],"about":[{"href":"https:\/\/tvtecjundiai.com.br\/news\/wp-json\/wp\/v2\/types\/post"}],"author":[{"embeddable":true,"href":"https:\/\/tvtecjundiai.com.br\/news\/wp-json\/wp\/v2\/users\/27"}],"replies":[{"embeddable":true,"href":"https:\/\/tvtecjundiai.com.br\/news\/wp-json\/wp\/v2\/comments?post=97171"}],"version-history":[{"count":2,"href":"https:\/\/tvtecjundiai.com.br\/news\/wp-json\/wp\/v2\/posts\/97171\/revisions"}],"predecessor-version":[{"id":97174,"href":"https:\/\/tvtecjundiai.com.br\/news\/wp-json\/wp\/v2\/posts\/97171\/revisions\/97174"}],"wp:featuredmedia":[{"embeddable":true,"href":"https:\/\/tvtecjundiai.com.br\/news\/wp-json\/wp\/v2\/media\/72263"}],"wp:attachment":[{"href":"https:\/\/tvtecjundiai.com.br\/news\/wp-json\/wp\/v2\/media?parent=97171"}],"wp:term":[{"taxonomy":"category","embeddable":true,"href":"https:\/\/tvtecjundiai.com.br\/news\/wp-json\/wp\/v2\/categories?post=97171"},{"taxonomy":"post_tag","embeddable":true,"href":"https:\/\/tvtecjundiai.com.br\/news\/wp-json\/wp\/v2\/tags?post=97171"}],"curies":[{"name":"wp","href":"https:\/\/api.w.org\/{rel}","templated":true}]}}