{"id":97181,"date":"2022-08-16T13:19:07","date_gmt":"2022-08-16T16:19:07","guid":{"rendered":"https:\/\/tvtecjundiai.com.br\/news\/?p=97181"},"modified":"2022-08-16T13:19:12","modified_gmt":"2022-08-16T16:19:12","slug":"cultura-abre-inscricoes-para-oficina-gratuita-de-musicalizacao-infantil-na-fabrica-das-infancias-japy","status":"publish","type":"post","link":"https:\/\/tvtecjundiai.com.br\/news\/2022\/08\/16\/cultura-abre-inscricoes-para-oficina-gratuita-de-musicalizacao-infantil-na-fabrica-das-infancias-japy\/","title":{"rendered":"Cultura abre inscri\u00e7\u00f5es para oficina gratuita de musicaliza\u00e7\u00e3o infantil na F\u00e1brica das Inf\u00e2ncias Japy"},"content":{"rendered":"\n<p>Buscando ampliar as a\u00e7\u00f5es do <strong>Programa Municipal Cidade das Crian\u00e7as<\/strong>, a Unidade de Gest\u00e3o de Cultura (UGC) abre inscri\u00e7\u00f5es gratuitas para a Oficina de Musicaliza\u00e7\u00e3o Infantil (pr\u00e9-Coral), na F\u00e1brica das Inf\u00e2ncias Japy. Ser\u00e3o 20 vagas para crian\u00e7as dos cinco aos seis anos, e as inscri\u00e7\u00f5es v\u00e3o de 16 de agosto at\u00e9 abre, a partir desta ter\u00e7a-feira (16), e estendendo-se at\u00e9 o dia 9 de setembro.<\/p>\n\n\n\n<figure class=\"wp-block-image size-large\"><img loading=\"lazy\" decoding=\"async\" width=\"1200\" height=\"800\" src=\"https:\/\/tvtecjundiai.com.br\/news\/wp-content\/uploads\/sites\/2\/2022\/08\/ensaio-coral-cidade-das-criancas-vila-esperanca-47-1200x800.jpg\" alt=\"\" class=\"wp-image-97182\" srcset=\"https:\/\/tvtecjundiai.com.br\/news\/wp-content\/uploads\/sites\/2\/2022\/08\/ensaio-coral-cidade-das-criancas-vila-esperanca-47-1200x800.jpg 1200w, https:\/\/tvtecjundiai.com.br\/news\/wp-content\/uploads\/sites\/2\/2022\/08\/ensaio-coral-cidade-das-criancas-vila-esperanca-47-300x200.jpg 300w, https:\/\/tvtecjundiai.com.br\/news\/wp-content\/uploads\/sites\/2\/2022\/08\/ensaio-coral-cidade-das-criancas-vila-esperanca-47-768x512.jpg 768w, https:\/\/tvtecjundiai.com.br\/news\/wp-content\/uploads\/sites\/2\/2022\/08\/ensaio-coral-cidade-das-criancas-vila-esperanca-47.jpg 1280w\" sizes=\"auto, (max-width: 1200px) 100vw, 1200px\" \/><figcaption>As atividades ser\u00e3o diversificadas durante os encontros semanais da oficina<\/figcaption><\/figure>\n\n\n\n<p>Sob o comando da maestrina Vast\u00ed Atique, os encontros acontecer\u00e3o sempre \u00e0s quartas-feiras, das 16h30 \u00e0s 17h30, com in\u00edcio previsto para o dia 14 de setembro. A proposta de trabalho, segundo o gestor de Cultura Marcelo Peroni, \u00e9 promover o ensino musical de qualidade, contribuindo para a forma\u00e7\u00e3o sociocultural das crian\u00e7as da comunidade jundiaiense.<\/p>\n\n\n\n<p>As atividades ser\u00e3o desenvolvidas por meio de jogos e brincadeiras musicais, exercitando a concentra\u00e7\u00e3o, mem\u00f3ria, o trabalho em grupo, o respeito ao pr\u00f3ximo, a criatividade e muitas outras atividades que ajudar\u00e3o as crian\u00e7as a se tornarem adultos mais completos e felizes.<\/p>\n\n\n\n<p>Pais e cuidadores interessados em inscrever suas crian\u00e7as podem fazer isso somente pelo formul\u00e1rio disponibilizado na\u00a0<a rel=\"noreferrer noopener\" href=\"https:\/\/docs.google.com\/forms\/d\/1qY5r93GPH_1zg_f2DDY90MwEQbSSO5Dq5ARZyPj4RkI\/viewform?edit_requested=true\" target=\"_blank\">internet<\/a>.<\/p>\n\n\n\n<p><em><strong>(Fonte\/Imagem: Prefeitura de Jundia\u00ed)<\/strong><\/em><\/p>\n","protected":false},"excerpt":{"rendered":"<p>A oficina conta com 20 vagas para crian\u00e7as dos cinco aos seis anos<\/p>\n","protected":false},"author":30,"featured_media":97182,"comment_status":"closed","ping_status":"0","sticky":false,"template":"","format":"standard","meta":{"footnotes":""},"categories":[2833,8356,1],"tags":[],"class_list":["post-97181","post","type-post","status-publish","format-standard","has-post-thumbnail","hentry","category-cultura","category-jundiai","category-noticias"],"_links":{"self":[{"href":"https:\/\/tvtecjundiai.com.br\/news\/wp-json\/wp\/v2\/posts\/97181","targetHints":{"allow":["GET"]}}],"collection":[{"href":"https:\/\/tvtecjundiai.com.br\/news\/wp-json\/wp\/v2\/posts"}],"about":[{"href":"https:\/\/tvtecjundiai.com.br\/news\/wp-json\/wp\/v2\/types\/post"}],"author":[{"embeddable":true,"href":"https:\/\/tvtecjundiai.com.br\/news\/wp-json\/wp\/v2\/users\/30"}],"replies":[{"embeddable":true,"href":"https:\/\/tvtecjundiai.com.br\/news\/wp-json\/wp\/v2\/comments?post=97181"}],"version-history":[{"count":1,"href":"https:\/\/tvtecjundiai.com.br\/news\/wp-json\/wp\/v2\/posts\/97181\/revisions"}],"predecessor-version":[{"id":97183,"href":"https:\/\/tvtecjundiai.com.br\/news\/wp-json\/wp\/v2\/posts\/97181\/revisions\/97183"}],"wp:featuredmedia":[{"embeddable":true,"href":"https:\/\/tvtecjundiai.com.br\/news\/wp-json\/wp\/v2\/media\/97182"}],"wp:attachment":[{"href":"https:\/\/tvtecjundiai.com.br\/news\/wp-json\/wp\/v2\/media?parent=97181"}],"wp:term":[{"taxonomy":"category","embeddable":true,"href":"https:\/\/tvtecjundiai.com.br\/news\/wp-json\/wp\/v2\/categories?post=97181"},{"taxonomy":"post_tag","embeddable":true,"href":"https:\/\/tvtecjundiai.com.br\/news\/wp-json\/wp\/v2\/tags?post=97181"}],"curies":[{"name":"wp","href":"https:\/\/api.w.org\/{rel}","templated":true}]}}