{"id":97201,"date":"2022-08-16T16:29:29","date_gmt":"2022-08-16T19:29:29","guid":{"rendered":"https:\/\/tvtecjundiai.com.br\/news\/?p=97201"},"modified":"2022-08-16T16:29:30","modified_gmt":"2022-08-16T19:29:30","slug":"maxi-shopping-jundiai-recebe-feira-do-livro-da-livraria-leitura","status":"publish","type":"post","link":"https:\/\/tvtecjundiai.com.br\/news\/2022\/08\/16\/maxi-shopping-jundiai-recebe-feira-do-livro-da-livraria-leitura\/","title":{"rendered":"Maxi Shopping Jundia\u00ed recebe Feira do Livro da Livraria Leitura"},"content":{"rendered":"\n<p>Com o objetivo de estimular o h\u00e1bito da leitura, principalmente nos jovens, a Feira do Livro-Livraria Leitura vem repleta de novidades, com o melhor da literatura para adultos, trazendo lan\u00e7amentos, cl\u00e1ssicos, mais vendidos, enfim, os mais variados g\u00eaneros para todos os gostos, al\u00e9m da literatura infantil e infanto-juvenil para que todos possam conhecer, manusear e adquirir os livros de sua prefer\u00eancia.<\/p>\n\n\n\n<figure class=\"wp-block-image size-large\"><img loading=\"lazy\" decoding=\"async\" width=\"960\" height=\"960\" src=\"https:\/\/tvtecjundiai.com.br\/news\/wp-content\/uploads\/sites\/2\/2022\/08\/Maxi-Feira-do-Livro-Livraria-Leitura-1-2022-960x960.jpg\" alt=\"\" class=\"wp-image-97202\" srcset=\"https:\/\/tvtecjundiai.com.br\/news\/wp-content\/uploads\/sites\/2\/2022\/08\/Maxi-Feira-do-Livro-Livraria-Leitura-1-2022-960x960.jpg 960w, https:\/\/tvtecjundiai.com.br\/news\/wp-content\/uploads\/sites\/2\/2022\/08\/Maxi-Feira-do-Livro-Livraria-Leitura-1-2022-300x300.jpg 300w, https:\/\/tvtecjundiai.com.br\/news\/wp-content\/uploads\/sites\/2\/2022\/08\/Maxi-Feira-do-Livro-Livraria-Leitura-1-2022-100x100.jpg 100w, https:\/\/tvtecjundiai.com.br\/news\/wp-content\/uploads\/sites\/2\/2022\/08\/Maxi-Feira-do-Livro-Livraria-Leitura-1-2022-768x768.jpg 768w, https:\/\/tvtecjundiai.com.br\/news\/wp-content\/uploads\/sites\/2\/2022\/08\/Maxi-Feira-do-Livro-Livraria-Leitura-1-2022.jpg 1080w\" sizes=\"auto, (max-width: 960px) 100vw, 960px\" \/><\/figure>\n\n\n\n<p>At\u00e9 o dia 11 de setembro, a Feira acontece de segunda a s\u00e1bado, das 10h \u00e0s 21h50, e aos domingos, das 14h \u00e0s 20h, na Pra\u00e7a das Carpas do Maxi Shopping Jundia\u00ed. Importante ressaltar que toda semana tem reposi\u00e7\u00e3o de novidades e mais vendidos e que este ano a Feira \u00e9 em parceria com a Editora Ciranda Cultural, que fornece uma grande variedade de livros, desde os de colorir, sonoros e cl\u00e1ssicos, com pre\u00e7os bastante acess\u00edveis.<\/p>\n\n\n\n<p>No local, os visitantes encontram exemplares que variam de R$ 10,00 a R$ 100,00. S\u00e3o muitas as op\u00e7\u00f5es de pagamento: dinheiro; d\u00e9bito; cr\u00e9dito (em at\u00e9 6 vezes sem juros \u2013 parcelamento acima de R$ 50,00); e PIX (atrav\u00e9s da m\u00e1quina de cart\u00e3o).<\/p>\n\n\n\n<p>Venha viajar no mundo fant\u00e1stico da leitura no Maxi Shopping Jundia\u00ed.<\/p>\n\n\n\n<figure class=\"wp-block-image size-large\"><img loading=\"lazy\" decoding=\"async\" width=\"960\" height=\"960\" src=\"https:\/\/tvtecjundiai.com.br\/news\/wp-content\/uploads\/sites\/2\/2022\/08\/Maxi-Feira-do-Livro-Livraria-Leitura-3-2022-960x960.jpg\" alt=\"\" class=\"wp-image-97203\" srcset=\"https:\/\/tvtecjundiai.com.br\/news\/wp-content\/uploads\/sites\/2\/2022\/08\/Maxi-Feira-do-Livro-Livraria-Leitura-3-2022-960x960.jpg 960w, https:\/\/tvtecjundiai.com.br\/news\/wp-content\/uploads\/sites\/2\/2022\/08\/Maxi-Feira-do-Livro-Livraria-Leitura-3-2022-300x300.jpg 300w, https:\/\/tvtecjundiai.com.br\/news\/wp-content\/uploads\/sites\/2\/2022\/08\/Maxi-Feira-do-Livro-Livraria-Leitura-3-2022-100x100.jpg 100w, https:\/\/tvtecjundiai.com.br\/news\/wp-content\/uploads\/sites\/2\/2022\/08\/Maxi-Feira-do-Livro-Livraria-Leitura-3-2022-768x768.jpg 768w, https:\/\/tvtecjundiai.com.br\/news\/wp-content\/uploads\/sites\/2\/2022\/08\/Maxi-Feira-do-Livro-Livraria-Leitura-3-2022.jpg 1080w\" sizes=\"auto, (max-width: 960px) 100vw, 960px\" \/><\/figure>\n\n\n\n<p><strong>Servi\u00e7o:<\/strong><br><strong><u>Evento<\/u><\/strong><strong>: Feira de Livros \u2013 Livraria Leitura<\/strong><br><strong><u>Per\u00edodo:<\/u><\/strong><strong>&nbsp;At\u00e9 11 de setembro 2022<\/strong><br><strong><u>Dias e hor\u00e1rios<\/u><\/strong><strong>: de segunda a s\u00e1bado, das 10h \u00e0s 21h50; e domingo, das 14h \u00e0s 20h<\/strong><br><strong><u>Local:<\/u><\/strong><strong>&nbsp;Pra\u00e7a das Carpas do Maxi Shopping Jundia\u00ed<\/strong><br><strong><u>Endere\u00e7o:<\/u><\/strong><strong>&nbsp;Av. Ant\u00f4nio Frederico Ozanam, n\u00ba 6000 \u2013 Vila Rio Branco &#8211; Jundia\u00ed<\/strong><br><strong><u>Entrada Franca<\/u><\/strong><\/p>\n","protected":false},"excerpt":{"rendered":"<p>At\u00e9 o dia 11 de setembro, a Feira ter\u00e1  toda semana reposi\u00e7\u00e3o de novidades e mais vendidos.<\/p>\n","protected":false},"author":27,"featured_media":97204,"comment_status":"closed","ping_status":"0","sticky":false,"template":"","format":"standard","meta":{"footnotes":""},"categories":[8356],"tags":[],"class_list":["post-97201","post","type-post","status-publish","format-standard","has-post-thumbnail","hentry","category-jundiai"],"_links":{"self":[{"href":"https:\/\/tvtecjundiai.com.br\/news\/wp-json\/wp\/v2\/posts\/97201","targetHints":{"allow":["GET"]}}],"collection":[{"href":"https:\/\/tvtecjundiai.com.br\/news\/wp-json\/wp\/v2\/posts"}],"about":[{"href":"https:\/\/tvtecjundiai.com.br\/news\/wp-json\/wp\/v2\/types\/post"}],"author":[{"embeddable":true,"href":"https:\/\/tvtecjundiai.com.br\/news\/wp-json\/wp\/v2\/users\/27"}],"replies":[{"embeddable":true,"href":"https:\/\/tvtecjundiai.com.br\/news\/wp-json\/wp\/v2\/comments?post=97201"}],"version-history":[{"count":1,"href":"https:\/\/tvtecjundiai.com.br\/news\/wp-json\/wp\/v2\/posts\/97201\/revisions"}],"predecessor-version":[{"id":97205,"href":"https:\/\/tvtecjundiai.com.br\/news\/wp-json\/wp\/v2\/posts\/97201\/revisions\/97205"}],"wp:featuredmedia":[{"embeddable":true,"href":"https:\/\/tvtecjundiai.com.br\/news\/wp-json\/wp\/v2\/media\/97204"}],"wp:attachment":[{"href":"https:\/\/tvtecjundiai.com.br\/news\/wp-json\/wp\/v2\/media?parent=97201"}],"wp:term":[{"taxonomy":"category","embeddable":true,"href":"https:\/\/tvtecjundiai.com.br\/news\/wp-json\/wp\/v2\/categories?post=97201"},{"taxonomy":"post_tag","embeddable":true,"href":"https:\/\/tvtecjundiai.com.br\/news\/wp-json\/wp\/v2\/tags?post=97201"}],"curies":[{"name":"wp","href":"https:\/\/api.w.org\/{rel}","templated":true}]}}