{"id":97212,"date":"2022-08-16T17:49:18","date_gmt":"2022-08-16T20:49:18","guid":{"rendered":"https:\/\/tvtecjundiai.com.br\/news\/?p=97212"},"modified":"2022-08-16T17:49:23","modified_gmt":"2022-08-16T20:49:23","slug":"jundiai-amplia-dose-adicional-contra-a-covid-19-para-pessoas-com-35-anos-ou-mais","status":"publish","type":"post","link":"https:\/\/tvtecjundiai.com.br\/news\/2022\/08\/16\/jundiai-amplia-dose-adicional-contra-a-covid-19-para-pessoas-com-35-anos-ou-mais\/","title":{"rendered":"Jundia\u00ed amplia dose adicional contra a COVID-19 para pessoas com 35 anos ou mais"},"content":{"rendered":"\n<p>A partir dessa quarta-feira (17), pessoas com no m\u00ednimo 35 anos poder\u00e3o tomar a quarta dose da vacina contra a COVID-19. A imuniza\u00e7\u00e3o acontecer\u00e1 entre 8h e 16h30, no Polo de Vacina\u00e7\u00e3o da Cidade Administrativa (antiga Creche do Idoso), que fica pr\u00f3ximo ao Terminal da Vila Hortol\u00e2ndia, na avenida Alexandre Ludke, 780.<\/p>\n\n\n\n<p>Para receber a quarta dose \u00e9 necess\u00e1rio ter tomado a terceira dose h\u00e1 pelo menos 4 meses \u2013 122 dias. Vale ressaltar que pessoas com mais de 40 anos continuam aptas a receber a imuniza\u00e7\u00e3o. Al\u00e9m disso, a aplica\u00e7\u00e3o das doses anteriores segue normalmente para o p\u00fablico a partir dos 5 anos de idade.<\/p>\n\n\n\n<p>\u201cO local vai funcionar, a princ\u00edpio, por 3 meses. A escolha do espa\u00e7o da antiga Creche do Idoso foi feita por se tratar de um ponto estrat\u00e9gico com localiza\u00e7\u00e3o privilegiada e f\u00e1cil acesso. A popula\u00e7\u00e3o pode chegar de \u00f4nibus e tem estacionamento para quem vem de carro\u201d, disse a coordenadora da Vigil\u00e2ncia Epidemiol\u00f3gica, da Unidade de Gest\u00e3o de Promo\u00e7\u00e3o da Sa\u00fade (UGPS), Maria do Carmo Possidente.<\/p>\n\n\n\n<figure class=\"wp-block-image size-large\"><img loading=\"lazy\" decoding=\"async\" width=\"1200\" height=\"800\" src=\"https:\/\/tvtecjundiai.com.br\/news\/wp-content\/uploads\/sites\/2\/2022\/08\/super-vacinacao_fm_-4-1200x800.jpg\" alt=\"\" class=\"wp-image-97213\" srcset=\"https:\/\/tvtecjundiai.com.br\/news\/wp-content\/uploads\/sites\/2\/2022\/08\/super-vacinacao_fm_-4-1200x800.jpg 1200w, https:\/\/tvtecjundiai.com.br\/news\/wp-content\/uploads\/sites\/2\/2022\/08\/super-vacinacao_fm_-4-300x200.jpg 300w, https:\/\/tvtecjundiai.com.br\/news\/wp-content\/uploads\/sites\/2\/2022\/08\/super-vacinacao_fm_-4-768x512.jpg 768w, https:\/\/tvtecjundiai.com.br\/news\/wp-content\/uploads\/sites\/2\/2022\/08\/super-vacinacao_fm_-4.jpg 1280w\" sizes=\"auto, (max-width: 1200px) 100vw, 1200px\" \/><\/figure>\n\n\n\n<p><strong>Influenza<br><\/strong>Al\u00e9m da imuniza\u00e7\u00e3o contra a COVID-19, haver\u00e1 vacina\u00e7\u00e3o contra o v\u00edrus Influenza para pessoas a partir dos 6 meses de vida. Ser\u00e3o ofertadas vacinas at\u00e9 o t\u00e9rmino do estoque do munic\u00edpio.<\/p>\n\n\n\n<p><strong>UBSs<\/strong><br>No pr\u00f3ximo s\u00e1bado (20), a vacina\u00e7\u00e3o se estende \u00e0s UBS Hortol\u00e2ndia, UBS Anhangaba\u00fa, UBS Rami, Nova UBS Jardim do Lago, Cl\u00ednica da Fam\u00edlia do Almerinda Chaves, UBS Tulipas, UBS Col\u00f4nia e Nova UBS Jundia\u00ed Mirim, das 8h30 \u00e0s 11h30 e das 13h \u00e0s 15h30; e na UBS Ivoturucaia e UBS Santa Gertrudes, das 8h \u00e0s 12h.<\/p>\n\n\n\n<p><strong><em>(Fonte\/Imagem: Prefeitura de Jundia\u00ed)<\/em><\/strong><\/p>\n","protected":false},"excerpt":{"rendered":"<p>A imuniza\u00e7\u00e3o acontecer\u00e1 entre 8h e 16h30, no Polo de Vacina\u00e7\u00e3o da Cidade Administrativa (antiga Creche do Idoso).<\/p>\n","protected":false},"author":27,"featured_media":97214,"comment_status":"closed","ping_status":"0","sticky":false,"template":"","format":"standard","meta":{"footnotes":""},"categories":[8356,8355],"tags":[],"class_list":["post-97212","post","type-post","status-publish","format-standard","has-post-thumbnail","hentry","category-jundiai","category-saude-3"],"_links":{"self":[{"href":"https:\/\/tvtecjundiai.com.br\/news\/wp-json\/wp\/v2\/posts\/97212","targetHints":{"allow":["GET"]}}],"collection":[{"href":"https:\/\/tvtecjundiai.com.br\/news\/wp-json\/wp\/v2\/posts"}],"about":[{"href":"https:\/\/tvtecjundiai.com.br\/news\/wp-json\/wp\/v2\/types\/post"}],"author":[{"embeddable":true,"href":"https:\/\/tvtecjundiai.com.br\/news\/wp-json\/wp\/v2\/users\/27"}],"replies":[{"embeddable":true,"href":"https:\/\/tvtecjundiai.com.br\/news\/wp-json\/wp\/v2\/comments?post=97212"}],"version-history":[{"count":1,"href":"https:\/\/tvtecjundiai.com.br\/news\/wp-json\/wp\/v2\/posts\/97212\/revisions"}],"predecessor-version":[{"id":97215,"href":"https:\/\/tvtecjundiai.com.br\/news\/wp-json\/wp\/v2\/posts\/97212\/revisions\/97215"}],"wp:featuredmedia":[{"embeddable":true,"href":"https:\/\/tvtecjundiai.com.br\/news\/wp-json\/wp\/v2\/media\/97214"}],"wp:attachment":[{"href":"https:\/\/tvtecjundiai.com.br\/news\/wp-json\/wp\/v2\/media?parent=97212"}],"wp:term":[{"taxonomy":"category","embeddable":true,"href":"https:\/\/tvtecjundiai.com.br\/news\/wp-json\/wp\/v2\/categories?post=97212"},{"taxonomy":"post_tag","embeddable":true,"href":"https:\/\/tvtecjundiai.com.br\/news\/wp-json\/wp\/v2\/tags?post=97212"}],"curies":[{"name":"wp","href":"https:\/\/api.w.org\/{rel}","templated":true}]}}