{"id":97216,"date":"2022-08-17T09:26:59","date_gmt":"2022-08-17T12:26:59","guid":{"rendered":"https:\/\/tvtecjundiai.com.br\/news\/?p=97216"},"modified":"2022-08-17T09:27:59","modified_gmt":"2022-08-17T12:27:59","slug":"guardas-municipais-fazem-vaquinha-e-presenteiam-ambulante-com-carrinho-de-lanches","status":"publish","type":"post","link":"https:\/\/tvtecjundiai.com.br\/news\/2022\/08\/17\/guardas-municipais-fazem-vaquinha-e-presenteiam-ambulante-com-carrinho-de-lanches\/","title":{"rendered":"Guardas municipais fazem vaquinha e presenteiam ambulante com carrinho de lanches"},"content":{"rendered":"\n<p>Da tristeza de perder \u201cseu ganha p\u00e3o\u201d, a alegria de receber um equipamento novo. Foi assim que Vivaldo Santos da Silva, de 38 anos, viveu nos \u00faltimos dias, depois de ter seu carrinho de cachorro quente furtado de sua resid\u00eancia, no Centro de Jundia\u00ed.<\/p>\n\n\n\n<p>Na madrugada do dia 7 de agosto, Vivaldo guardou seu carrinho como de costume na rua do Ros\u00e1rio, ap\u00f3s uma longa noite de trabalho.\u00a0Ao amanhecer, ele foi informado do arrombamento do port\u00e3o e do furto do carrinho.<\/p>\n\n\n\n<p>Os guardas que atuam no Centro de Controle Operacional notaram pelas c\u00e2meras de monitoramento que dois indiv\u00edduos estavam empurrando um carrinho na rua Dr Torres Neves, sentido a Ponte S\u00e3o Jo\u00e3o.<\/p>\n\n\n\n<p>Minutos depois o carrinho de lanches foi visto pelas equipes da GMJ na rua Jos\u00e9 Maria Whitaker, j\u00e1 todo cortado para vendas em ferro velho.<\/p>\n\n\n\n<p>Sensibilizados, guardas municipais arrecadaram uma quantia em dinheiro e compraram um novo carrinho de lanches para Vivaldo. A entrega ocorreu na sede da Guarda Municipal, com direito a agradecimentos e ora\u00e7\u00f5es.<\/p>\n\n\n<div class=\"wp-block-image\">\n<figure class=\"aligncenter size-full is-resized\"><img loading=\"lazy\" decoding=\"async\" src=\"https:\/\/tvtecjundiai.com.br\/news\/wp-content\/uploads\/sites\/2\/2022\/08\/doacao-gmj-jundiai.jpg\" alt=\"\" class=\"wp-image-97217\" width=\"704\" height=\"444\" srcset=\"https:\/\/tvtecjundiai.com.br\/news\/wp-content\/uploads\/sites\/2\/2022\/08\/doacao-gmj-jundiai.jpg 842w, https:\/\/tvtecjundiai.com.br\/news\/wp-content\/uploads\/sites\/2\/2022\/08\/doacao-gmj-jundiai-300x190.jpg 300w, https:\/\/tvtecjundiai.com.br\/news\/wp-content\/uploads\/sites\/2\/2022\/08\/doacao-gmj-jundiai-768x485.jpg 768w\" sizes=\"auto, (max-width: 704px) 100vw, 704px\" \/><\/figure>\n<\/div>\n\n\n<p>\u201cSou grato \u00e0 Guarda Municipal. Em cinco anos como ambulante, foi com certeza a maior emo\u00e7\u00e3o que tive\u201d, disse Vivaldo, que fez quest\u00e3o de orar pelos guardas.<\/p>\n\n\n\n<p>Antes de receber seu novo equipamento, ele foi recepcionado pela gestora, coronel Carla Basson, e conheceu as instala\u00e7\u00f5es da Unidade de Seguran\u00e7a.<\/p>\n\n\n\n<p>\u201cTemos uma Guarda Municipal fant\u00e1stica, que se arrisca todos os dias em prol da popula\u00e7\u00e3o e, ao mesmo tempo, com um cora\u00e7\u00e3o gigantesco para trazer de volta a alegria ao senhor Vivaldo\u201d, disse a gestora.<\/p>\n\n\n\n<p><strong><em>(Fonte\/Imagem: Guarda Municipal de Jundia\u00ed)<\/em><\/strong><\/p>\n","protected":false},"excerpt":{"rendered":"<p>Vivaldo Santos da Silva, de 38 anos, ficou emocionado com a atitude dos guardas<\/p>\n","protected":false},"author":30,"featured_media":97217,"comment_status":"closed","ping_status":"0","sticky":false,"template":"","format":"standard","meta":{"footnotes":""},"categories":[8356,1],"tags":[],"class_list":["post-97216","post","type-post","status-publish","format-standard","has-post-thumbnail","hentry","category-jundiai","category-noticias"],"_links":{"self":[{"href":"https:\/\/tvtecjundiai.com.br\/news\/wp-json\/wp\/v2\/posts\/97216","targetHints":{"allow":["GET"]}}],"collection":[{"href":"https:\/\/tvtecjundiai.com.br\/news\/wp-json\/wp\/v2\/posts"}],"about":[{"href":"https:\/\/tvtecjundiai.com.br\/news\/wp-json\/wp\/v2\/types\/post"}],"author":[{"embeddable":true,"href":"https:\/\/tvtecjundiai.com.br\/news\/wp-json\/wp\/v2\/users\/30"}],"replies":[{"embeddable":true,"href":"https:\/\/tvtecjundiai.com.br\/news\/wp-json\/wp\/v2\/comments?post=97216"}],"version-history":[{"count":2,"href":"https:\/\/tvtecjundiai.com.br\/news\/wp-json\/wp\/v2\/posts\/97216\/revisions"}],"predecessor-version":[{"id":97219,"href":"https:\/\/tvtecjundiai.com.br\/news\/wp-json\/wp\/v2\/posts\/97216\/revisions\/97219"}],"wp:featuredmedia":[{"embeddable":true,"href":"https:\/\/tvtecjundiai.com.br\/news\/wp-json\/wp\/v2\/media\/97217"}],"wp:attachment":[{"href":"https:\/\/tvtecjundiai.com.br\/news\/wp-json\/wp\/v2\/media?parent=97216"}],"wp:term":[{"taxonomy":"category","embeddable":true,"href":"https:\/\/tvtecjundiai.com.br\/news\/wp-json\/wp\/v2\/categories?post=97216"},{"taxonomy":"post_tag","embeddable":true,"href":"https:\/\/tvtecjundiai.com.br\/news\/wp-json\/wp\/v2\/tags?post=97216"}],"curies":[{"name":"wp","href":"https:\/\/api.w.org\/{rel}","templated":true}]}}