{"id":97220,"date":"2022-08-17T10:12:49","date_gmt":"2022-08-17T13:12:49","guid":{"rendered":"https:\/\/tvtecjundiai.com.br\/news\/?p=97220"},"modified":"2022-08-17T10:13:05","modified_gmt":"2022-08-17T13:13:05","slug":"projeto-guri-esta-com-inscricoes-abertas-ate-31-de-agosto-em-jundiai","status":"publish","type":"post","link":"https:\/\/tvtecjundiai.com.br\/news\/2022\/08\/17\/projeto-guri-esta-com-inscricoes-abertas-ate-31-de-agosto-em-jundiai\/","title":{"rendered":"Projeto Guri est\u00e1 com inscri\u00e7\u00f5es abertas at\u00e9 31 de agosto em Jundia\u00ed"},"content":{"rendered":"\n<p>O&nbsp;<strong>Projeto Guri<\/strong>, programa de educa\u00e7\u00e3o musical e inclus\u00e3o sociocultural da Secretaria de Cultura e Economia Criativa do Governo do Estado de S\u00e3o Paulo, est\u00e1 aceitando matr\u00edculas at\u00e9 o dia 31 de agosto, para o segundo semestre de 2022 no Polo de Jundia\u00ed. As vagas s\u00e3o para crian\u00e7as, adolescentes e jovens de seis a 18 anos incompletos.<\/p>\n\n\n\n<p>O projeto atende gratuitamente mais de 60 mil crian\u00e7as em todo o estado. Em Jundia\u00ed, s\u00e3o oferecidas aulas para os cursos de clarinete, contrabaixo ac\u00fastico, coral infantil, coral juvenil, obo\u00e9, euf\u00f4nio, flauta transversal, inicia\u00e7\u00e3o musical, percuss\u00e3o, saxofone, trombone, trompa, trompete, tuba, viola, violino e violoncelo.<\/p>\n\n\n<div class=\"wp-block-image\">\n<figure class=\"aligncenter size-full is-resized\"><img loading=\"lazy\" decoding=\"async\" src=\"https:\/\/tvtecjundiai.com.br\/news\/wp-content\/uploads\/sites\/2\/2022\/08\/Alunos-do-Projeto-Guri-3-768x512-1.jpg\" alt=\"\" class=\"wp-image-97221\" width=\"640\" height=\"427\" srcset=\"https:\/\/tvtecjundiai.com.br\/news\/wp-content\/uploads\/sites\/2\/2022\/08\/Alunos-do-Projeto-Guri-3-768x512-1.jpg 768w, https:\/\/tvtecjundiai.com.br\/news\/wp-content\/uploads\/sites\/2\/2022\/08\/Alunos-do-Projeto-Guri-3-768x512-1-300x200.jpg 300w\" sizes=\"auto, (max-width: 640px) 100vw, 640px\" \/><\/figure>\n<\/div>\n\n\n<p>O objetivo dos cursos \u00e9 proporcionar oportunidades de crescimento cultural e inclus\u00e3o social por meio de uma educa\u00e7\u00e3o musical de qualidade, apoiada por um trabalho social efetivo realizado nos 384 polos de ensino do Projeto Guri em todo o estado.<\/p>\n\n\n\n<p>O <strong>Polo de Jundia\u00ed fica na rua Bar\u00e3o de Jundia\u00ed, 148, no Centro. <\/strong>N\u00e3o \u00e9 necess\u00e1rio conhecimentos pr\u00e9vios ou instrumento para participar, j\u00e1 que a unidade j\u00e1 possui os instrumentos para que os alunos possam praticar.<\/p>\n\n\n\n<p><strong>E-mail:<\/strong>&nbsp;polo.jundiai@gurionline.com.br<br><strong>Funcionamento:<\/strong>&nbsp;segunda a sexta-feira, das 8h \u00e0s 11h; e das 13h30 \u00e0s 18h<\/p>\n\n\n\n<p><strong>Documentos para matr\u00edcula<\/strong><\/p>\n\n\n\n<ul class=\"wp-block-list\"><li>RG ou certid\u00e3o de nascimento do candidato<\/li><li>RG do respons\u00e1vel<\/li><li>Comprovante de matr\u00edcula no ensino regular<\/li><li>Comprovante de endere\u00e7o<\/li><\/ul>\n\n\n\n<p>Ap\u00f3s a matr\u00edcula, o respons\u00e1vel deve acessar&nbsp;o&nbsp;<strong>Portal do Aluno<\/strong>&nbsp;e anexar os documentos solicitados. O preenchimento do&nbsp;Question\u00e1rio Social&nbsp;tamb\u00e9m \u00e9 parte integrante do processo de ingresso.<\/p>\n\n\n\n<p>Para mais informa\u00e7\u00f5es, acesse o site:&nbsp;<a href=\"http:\/\/www.projetoguri.org.br\/\">http:\/\/www.projetoguri.org.br<\/a><\/p>\n\n\n\n<p><em><strong>(Fonte: TVTEC Jundia\u00ed\/Imagem: Secretaria de Cultura e Economia Criativa do Estado de SP)<\/strong><\/em><\/p>\n","protected":false},"excerpt":{"rendered":"<p>Vagas s\u00e3o para crian\u00e7as, adolescentes e jovens de seis a 18 anos incompletos<\/p>\n","protected":false},"author":30,"featured_media":97221,"comment_status":"closed","ping_status":"0","sticky":false,"template":"","format":"standard","meta":{"footnotes":""},"categories":[2833,29,8356,1],"tags":[],"class_list":["post-97220","post","type-post","status-publish","format-standard","has-post-thumbnail","hentry","category-cultura","category-destaque","category-jundiai","category-noticias"],"_links":{"self":[{"href":"https:\/\/tvtecjundiai.com.br\/news\/wp-json\/wp\/v2\/posts\/97220","targetHints":{"allow":["GET"]}}],"collection":[{"href":"https:\/\/tvtecjundiai.com.br\/news\/wp-json\/wp\/v2\/posts"}],"about":[{"href":"https:\/\/tvtecjundiai.com.br\/news\/wp-json\/wp\/v2\/types\/post"}],"author":[{"embeddable":true,"href":"https:\/\/tvtecjundiai.com.br\/news\/wp-json\/wp\/v2\/users\/30"}],"replies":[{"embeddable":true,"href":"https:\/\/tvtecjundiai.com.br\/news\/wp-json\/wp\/v2\/comments?post=97220"}],"version-history":[{"count":2,"href":"https:\/\/tvtecjundiai.com.br\/news\/wp-json\/wp\/v2\/posts\/97220\/revisions"}],"predecessor-version":[{"id":97223,"href":"https:\/\/tvtecjundiai.com.br\/news\/wp-json\/wp\/v2\/posts\/97220\/revisions\/97223"}],"wp:featuredmedia":[{"embeddable":true,"href":"https:\/\/tvtecjundiai.com.br\/news\/wp-json\/wp\/v2\/media\/97221"}],"wp:attachment":[{"href":"https:\/\/tvtecjundiai.com.br\/news\/wp-json\/wp\/v2\/media?parent=97220"}],"wp:term":[{"taxonomy":"category","embeddable":true,"href":"https:\/\/tvtecjundiai.com.br\/news\/wp-json\/wp\/v2\/categories?post=97220"},{"taxonomy":"post_tag","embeddable":true,"href":"https:\/\/tvtecjundiai.com.br\/news\/wp-json\/wp\/v2\/tags?post=97220"}],"curies":[{"name":"wp","href":"https:\/\/api.w.org\/{rel}","templated":true}]}}