{"id":97224,"date":"2022-08-17T11:29:59","date_gmt":"2022-08-17T14:29:59","guid":{"rendered":"https:\/\/tvtecjundiai.com.br\/news\/?p=97224"},"modified":"2022-08-17T11:33:41","modified_gmt":"2022-08-17T14:33:41","slug":"jundiaiense-claudio-ribeiro-vence-por-nocaute-e-ganha-contrato-com-o-ufc","status":"publish","type":"post","link":"https:\/\/tvtecjundiai.com.br\/news\/2022\/08\/17\/jundiaiense-claudio-ribeiro-vence-por-nocaute-e-ganha-contrato-com-o-ufc\/","title":{"rendered":"Jundiaiense Claudio Ribeiro vence por nocaute e ganha contrato com o UFC"},"content":{"rendered":"\n<p>Com dois brasileiros em a\u00e7\u00e3o no card do epis\u00f3dio desta semana do Contender Series, em Las Vegas (EUA), coube ao jundiaiense Claudio Ribeiro conquistar n\u00e3o apenas uma bela vit\u00f3ria, mas tamb\u00e9m o desejado contrato com o UFC. Para isso, o atleta aplicou um nocaute impressionante em apenas 25 segundos de combate.<\/p>\n\n\n\n<p>Foi tempo suficiente para, inclusive, fazer Dana White, presidente do evento, levantar da cadeira tamanha a sua empolga\u00e7\u00e3o com o desfecho do combate.<\/p>\n\n\n\n<p>&#8220;Meu Deus&#8221;, gritou o cartola na beirada do ringue assim que o cruzado de esquerda levou o mexicano Ivan Valenzuela ao solo sem poder de rea\u00e7\u00e3o.<\/p>\n\n\n<div class=\"wp-block-image\">\n<figure class=\"aligncenter size-full is-resized\"><img loading=\"lazy\" decoding=\"async\" src=\"https:\/\/tvtecjundiai.com.br\/news\/wp-content\/uploads\/sites\/2\/2022\/08\/claudio-ribeiro-ufc.jpg\" alt=\"\" class=\"wp-image-97225\" width=\"436\" height=\"597\" srcset=\"https:\/\/tvtecjundiai.com.br\/news\/wp-content\/uploads\/sites\/2\/2022\/08\/claudio-ribeiro-ufc.jpg 494w, https:\/\/tvtecjundiai.com.br\/news\/wp-content\/uploads\/sites\/2\/2022\/08\/claudio-ribeiro-ufc-300x411.jpg 300w\" sizes=\"auto, (max-width: 436px) 100vw, 436px\" \/><figcaption>Foto: UFC<\/figcaption><\/figure>\n<\/div>\n\n\n<p>O ataque brutal foi conectado logo ap\u00f3s Valenzuela tentar acert\u00e1-lo com um golpe girat\u00f3rio, o que tornou o impacto do cruzado ainda mais vis\u00edvel e contundente. Melhor para Claudio, de 30 anos, que anotou sua d\u00e9cima vit\u00f3ria em cartel profissional que conta com dois revezes.<\/p>\n\n\n\n<p>Com o triunfo, o jundiaiense foi um dos cinco atletas que receberam um contrato com a maior organiza\u00e7\u00e3o de MMA ao final do quarto epis\u00f3dio da sexta temporada. Desta forma, todos os vencedores agradaram os promotores do show o suficiente para receberam uma chance no UFC.<\/p>\n\n\n\n<p><strong><em>(Fonte: Ag Fight\/UOL\/Imagem: Divulga\u00e7\u00e3o\/UFC)<\/em><\/strong><\/p>\n","protected":false},"excerpt":{"rendered":"<p>Em apenas 25 segundos de combate, atleta aplicou nocaute impressionante<\/p>\n","protected":false},"author":30,"featured_media":97226,"comment_status":"closed","ping_status":"0","sticky":false,"template":"","format":"standard","meta":{"footnotes":""},"categories":[2827,8356,1],"tags":[],"class_list":["post-97224","post","type-post","status-publish","format-standard","has-post-thumbnail","hentry","category-esportes-e-lazer","category-jundiai","category-noticias"],"_links":{"self":[{"href":"https:\/\/tvtecjundiai.com.br\/news\/wp-json\/wp\/v2\/posts\/97224","targetHints":{"allow":["GET"]}}],"collection":[{"href":"https:\/\/tvtecjundiai.com.br\/news\/wp-json\/wp\/v2\/posts"}],"about":[{"href":"https:\/\/tvtecjundiai.com.br\/news\/wp-json\/wp\/v2\/types\/post"}],"author":[{"embeddable":true,"href":"https:\/\/tvtecjundiai.com.br\/news\/wp-json\/wp\/v2\/users\/30"}],"replies":[{"embeddable":true,"href":"https:\/\/tvtecjundiai.com.br\/news\/wp-json\/wp\/v2\/comments?post=97224"}],"version-history":[{"count":2,"href":"https:\/\/tvtecjundiai.com.br\/news\/wp-json\/wp\/v2\/posts\/97224\/revisions"}],"predecessor-version":[{"id":97228,"href":"https:\/\/tvtecjundiai.com.br\/news\/wp-json\/wp\/v2\/posts\/97224\/revisions\/97228"}],"wp:featuredmedia":[{"embeddable":true,"href":"https:\/\/tvtecjundiai.com.br\/news\/wp-json\/wp\/v2\/media\/97226"}],"wp:attachment":[{"href":"https:\/\/tvtecjundiai.com.br\/news\/wp-json\/wp\/v2\/media?parent=97224"}],"wp:term":[{"taxonomy":"category","embeddable":true,"href":"https:\/\/tvtecjundiai.com.br\/news\/wp-json\/wp\/v2\/categories?post=97224"},{"taxonomy":"post_tag","embeddable":true,"href":"https:\/\/tvtecjundiai.com.br\/news\/wp-json\/wp\/v2\/tags?post=97224"}],"curies":[{"name":"wp","href":"https:\/\/api.w.org\/{rel}","templated":true}]}}