{"id":97270,"date":"2022-08-18T12:14:55","date_gmt":"2022-08-18T15:14:55","guid":{"rendered":"https:\/\/tvtecjundiai.com.br\/news\/?p=97270"},"modified":"2022-08-18T12:14:56","modified_gmt":"2022-08-18T15:14:56","slug":"sexta-no-museu-desta-sexta-19-tera-apresentacoes-musicais-diversificadas-gratuitas","status":"publish","type":"post","link":"https:\/\/tvtecjundiai.com.br\/news\/2022\/08\/18\/sexta-no-museu-desta-sexta-19-tera-apresentacoes-musicais-diversificadas-gratuitas\/","title":{"rendered":"\u201cSexta no Museu\u201d desta sexta (19) ter\u00e1 apresenta\u00e7\u00f5es musicais diversificadas gratuitas"},"content":{"rendered":"\n<p>Com uma programa\u00e7\u00e3o diversificada, a Unidade de Gest\u00e3o de Cultura (UGC) reservou para esta sexta-feira (19) mais uma edi\u00e7\u00e3o da a\u00e7\u00e3o \u201cSexta no Museu\u201d. Com entrada gratuita, o p\u00fablico poder\u00e1 conferir, das 16h \u00e0s 19h, as apresenta\u00e7\u00f5es no Museu Hist\u00f3rico e Cultural \u2013 Solar do Bar\u00e3o de artistas contemplados em editais lan\u00e7ados pela Unidade, como o CulturaMais.<\/p>\n\n\n\n<p>A abertura da programa\u00e7\u00e3o na Sala Jahyr Accioly de Souza, \u00e0s 16h, fica por conta da apresenta\u00e7\u00e3o da cantora e compositora jundiaiense Ana D\u2019Abreu, que em seu primeiro show ac\u00fastico, traz seus singles lan\u00e7ados e futuros projetos.<\/p>\n\n\n\n<p>Acompanhada de um viol\u00e3o, Ana cantar\u00e1 m\u00fasicas autorais que falam sobre assuntos diversos de sua trajet\u00f3ria, como relacionamentos, feminismo e amor pr\u00f3prio, al\u00e9m de alguns covers que inspiram a carreira da artista.<\/p>\n\n\n\n<figure class=\"wp-block-image\"><img decoding=\"async\" src=\"https:\/\/jundiai.sp.gov.br\/noticias\/wp-content\/uploads\/sites\/32\/2022\/08\/sextamuseu1.jpeg\" alt=\"\" class=\"wp-image-299434\" \/><figcaption><strong>Ana D\u2019 Abreu<\/strong><\/figcaption><\/figure>\n\n\n\n<p>Em seu roteiro sucessos como \u201cCastelos\u201d, \u201cGrita\u201d, \u201cEcos\u201d, \u201cTodas as regras que eu quebrei\u201d, \u201cToo much information\u201d, \u201cN\u00e3o me leve a mal\u201d, \u201cLove me back to love\u201d, \u201cEssa m\u00fasica (n\u00e3o) \u00e9 pra voc\u00ea\u201d e covers de \u201cPenhasco\u201d (Lu\u00edsa Sonza), \u201cGood 4 u\u201d (Olivia Rodrigo) e \u201cComo Nossos Pais\u201d (Belchior).<\/p>\n\n\n\n<p>\u00c0s 17h, o Duo Olam Ein Sof, traz a m\u00fasica medieval francesa com a apresenta\u00e7\u00e3o de \u201cTroubadours e Trouver\u00e8s\u201d can\u00e7\u00f5es medievais francesas dos s\u00e9culos XII e XIII, compostas pelos trobadours (trovadores do sul da Fran\u00e7a), pelos trouv\u00e8res (trovadores do norte da Fran\u00e7a) e m\u00fasicas instrumentais que tamb\u00e9m est\u00e3o registradas nos manuscritos da \u00e9poca.<\/p>\n\n\n\n<p>As can\u00e7\u00f5es est\u00e3o em occitano, proven\u00e7al, franc\u00eas medieval, latim e utilizar\u00e3o r\u00e9plicas de instrumentos de \u00e9poca como c\u00edtola, guittern, rabeca medieval, gaita de fole e percuss\u00f5es diversas (tejoleta, adufe, castanhola, tambor).<\/p>\n\n\n\n<figure class=\"wp-block-image is-resized\"><img loading=\"lazy\" decoding=\"async\" src=\"https:\/\/jundiai.sp.gov.br\/noticias\/wp-content\/uploads\/sites\/32\/2022\/08\/sextamuseu2.jpg\" alt=\"\" class=\"wp-image-299435\" width=\"840\" height=\"559\" \/><figcaption><strong>Duo Olam Ein Sof<\/strong><\/figcaption><\/figure>\n\n\n\n<p>No encerramento da programa\u00e7\u00e3o, \u00e0s 18h, ser\u00e1 a vez da apresenta\u00e7\u00e3o da cantora Shelly Simon, acompanhada do seu trio ac\u00fastico, formado pelos m\u00fasicos Thiago Louren\u00e7o, pianista; Pedro Ivo, baterista e percussionista e Samuka Pisse, violinista e guitarrista. Na apresenta\u00e7\u00e3o do \u201cThis is Shelly Simon\u201d, sucessos da m\u00fasica nacional e estrangeira garantir\u00e3o um passeio pelos ritmos como Jazz, Blues, Bossa Nova, Samba, Rock e outros.<\/p>\n\n\n\n<p>A participa\u00e7\u00e3o do p\u00fablico ser\u00e1 por ordem de chegada ao local, com limite m\u00e1ximo de 50 participantes. O Museu fica na rua Bar\u00e3o de Jundia\u00ed, 762 \u2013 Centro. Mais informa\u00e7\u00f5es pelos telefones 4589-6800 e 4521-6259.<\/p>\n\n\n<div class=\"wp-block-image\">\n<figure class=\"aligncenter\"><img decoding=\"async\" src=\"https:\/\/jundiai.sp.gov.br\/noticias\/wp-content\/uploads\/sites\/32\/2022\/08\/sextamuseu3-640x960.jpeg\" alt=\"\" class=\"wp-image-299433\" \/><figcaption><strong>Shelly Simon<\/strong><\/figcaption><\/figure>\n<\/div>\n\n\n<p><strong><em>(Fonte\/Imagem: Prefeitura de Jundia\u00ed\/ Divulga\u00e7\u00e3o)<\/em><\/strong><\/p>\n\n\n\n<p><\/p>\n","protected":false},"excerpt":{"rendered":"<p>Com entrada gratuita, o p\u00fablico poder\u00e1 conferir, das 16h \u00e0s 19h, as apresenta\u00e7\u00f5es no Museu.<\/p>\n","protected":false},"author":27,"featured_media":86582,"comment_status":"closed","ping_status":"0","sticky":false,"template":"","format":"standard","meta":{"footnotes":""},"categories":[8356],"tags":[],"class_list":["post-97270","post","type-post","status-publish","format-standard","has-post-thumbnail","hentry","category-jundiai"],"_links":{"self":[{"href":"https:\/\/tvtecjundiai.com.br\/news\/wp-json\/wp\/v2\/posts\/97270","targetHints":{"allow":["GET"]}}],"collection":[{"href":"https:\/\/tvtecjundiai.com.br\/news\/wp-json\/wp\/v2\/posts"}],"about":[{"href":"https:\/\/tvtecjundiai.com.br\/news\/wp-json\/wp\/v2\/types\/post"}],"author":[{"embeddable":true,"href":"https:\/\/tvtecjundiai.com.br\/news\/wp-json\/wp\/v2\/users\/27"}],"replies":[{"embeddable":true,"href":"https:\/\/tvtecjundiai.com.br\/news\/wp-json\/wp\/v2\/comments?post=97270"}],"version-history":[{"count":1,"href":"https:\/\/tvtecjundiai.com.br\/news\/wp-json\/wp\/v2\/posts\/97270\/revisions"}],"predecessor-version":[{"id":97271,"href":"https:\/\/tvtecjundiai.com.br\/news\/wp-json\/wp\/v2\/posts\/97270\/revisions\/97271"}],"wp:featuredmedia":[{"embeddable":true,"href":"https:\/\/tvtecjundiai.com.br\/news\/wp-json\/wp\/v2\/media\/86582"}],"wp:attachment":[{"href":"https:\/\/tvtecjundiai.com.br\/news\/wp-json\/wp\/v2\/media?parent=97270"}],"wp:term":[{"taxonomy":"category","embeddable":true,"href":"https:\/\/tvtecjundiai.com.br\/news\/wp-json\/wp\/v2\/categories?post=97270"},{"taxonomy":"post_tag","embeddable":true,"href":"https:\/\/tvtecjundiai.com.br\/news\/wp-json\/wp\/v2\/tags?post=97270"}],"curies":[{"name":"wp","href":"https:\/\/api.w.org\/{rel}","templated":true}]}}