{"id":97275,"date":"2022-08-18T13:35:24","date_gmt":"2022-08-18T16:35:24","guid":{"rendered":"https:\/\/tvtecjundiai.com.br\/news\/?p=97275"},"modified":"2022-08-19T10:08:45","modified_gmt":"2022-08-19T13:08:45","slug":"jundiai-recebe-cinema-itinerante-gratuito-de-23-a-25-de-agosto","status":"publish","type":"post","link":"https:\/\/tvtecjundiai.com.br\/news\/2022\/08\/18\/jundiai-recebe-cinema-itinerante-gratuito-de-23-a-25-de-agosto\/","title":{"rendered":"Jundia\u00ed recebe cinema itinerante gratuito de 23 a 25 de agosto"},"content":{"rendered":"\n<p>A partir da pr\u00f3xima ter\u00e7a-feira (23)<strong>,<\/strong> Jundia\u00ed recebe o <strong>cinema itinerante gratuito do projeto Cine em Cena Brasil, <\/strong>que conta com o apoio do Instituto CCR, no trecho da CCR AutoBan. A programa\u00e7\u00e3o segue at\u00e9 quinta-feira (25) e inclui filmes nacionais e internacionais para o p\u00fablico de todas as idades.&nbsp;&nbsp;<\/p>\n\n\n\n<p>A sala itinerante ficar\u00e1 montada no<strong> <\/strong>Complexo Fepasa, localizado na Avenida Uni\u00e3o dos Ferrovi\u00e1rios, 1760.&nbsp;Similar a um cinema convencional, a sala possui 200 lugares, cadeiras com encosto e assentos com almofadas, ar condicionado, tela de 26m<sup>2<\/sup>, sistema de som 5.1 e proje\u00e7\u00e3o digital.&nbsp;<\/p>\n\n\n\n<p>Durante os tr\u00eas dias, ser\u00e3o exibidas 12 sess\u00f5es gratuitas e n\u00e3o \u00e9 necess\u00e1ria a apresenta\u00e7\u00e3o de ticket de acesso. \u201cO cinema tem capacidade para 200 lugares, portanto \u00e9 importante ficar atento ao hor\u00e1rio das sess\u00f5es, pois o acesso \u00e9 por ordem de chegada e teremos tamb\u00e9m a participa\u00e7\u00e3o das escolas municipais e estaduais\u201d, ressalta Edson Souza, um dos s\u00f3cios da Ibiraj\u00e1 Produ\u00e7\u00f5es, empresa que coordena o projeto.&nbsp;<\/p>\n\n\n<div class=\"wp-block-image\">\n<figure class=\"aligncenter size-full is-resized\"><img loading=\"lazy\" decoding=\"async\" src=\"https:\/\/tvtecjundiai.com.br\/news\/wp-content\/uploads\/sites\/2\/2022\/08\/cine-em-cena.jpg\" alt=\"\" class=\"wp-image-97276\" width=\"735\" height=\"504\" srcset=\"https:\/\/tvtecjundiai.com.br\/news\/wp-content\/uploads\/sites\/2\/2022\/08\/cine-em-cena.jpg 974w, https:\/\/tvtecjundiai.com.br\/news\/wp-content\/uploads\/sites\/2\/2022\/08\/cine-em-cena-300x206.jpg 300w, https:\/\/tvtecjundiai.com.br\/news\/wp-content\/uploads\/sites\/2\/2022\/08\/cine-em-cena-768x527.jpg 768w\" sizes=\"auto, (max-width: 735px) 100vw, 735px\" \/><\/figure>\n<\/div>\n\n\n<p>Jundia\u00ed marca a volta do projeto Cine em Cena Brasil, ap\u00f3s paralisa\u00e7\u00e3o de mais de dois anos, devido ao per\u00edodo de lockdown e da pandemia da COVID-19. \u201cEstamos muito contentes por voltar com o projeto que j\u00e1 alcan\u00e7ou mais de 222 mil espectadores, nos mais long\u00ednquos cantos do pa\u00eds. E esperamos continuar levando alegria e divers\u00e3o a todos os amantes da s\u00e9tima arte e pra quem n\u00e3o tem condi\u00e7\u00f5es financeiras de frequentar uma sala comercial\u201d, ressalta Souza.&nbsp;<\/p>\n\n\n\n<p>Em 2022, o cinema itinerante ainda passar\u00e1 pelas cidades de Campinas, Hortol\u00e2ndia, Capela do Alto, Alambari, Tatu\u00ed, Sorocaba e S\u00e3o Roque.&nbsp;<\/p>\n\n\n\n<p>A iniciativa \u00e9 apresentada pelo Minist\u00e9rio do Turismo, Instituto CCR, no trecho da CCR AutoBan, atrav\u00e9s da Lei de Incentivo \u00e0 Cultura. Al\u00e9m disso, o projeto tamb\u00e9m conta com o apoio da Prefeitura Municipal de Jundia\u00ed.<\/p>\n\n\n\n<p><strong>Programa\u00e7\u00e3o<\/strong><\/p>\n\n\n\n<p><strong>23\/08 \u2013 Ter\u00e7a<\/strong><\/p>\n\n\n\n<ul class=\"wp-block-list\"><li>8h \u2013 Hist\u00f3ria antes de uma Hist\u00f3ria (Livre) \u2013 Dura\u00e7\u00e3o: 1h20min<\/li><li>9h30 \u2013 Raya e o \u00faltimo Drag\u00e3o (Livre) \u2013 Dura\u00e7\u00e3o: 1h47min<\/li><li>13h \u2013 Hist\u00f3ria antes de uma Hist\u00f3ria (Livre) \u2013 Dura\u00e7\u00e3o: 1h20min<\/li><li>14h30 &#8211; Homem Aranha \u2013 Sem volta para casa (12 anos) \u2013 Dura\u00e7\u00e3o: 2h30min<\/li><\/ul>\n\n\n\n<p><strong>24\/08 \u2013 Quarta<\/strong><\/p>\n\n\n\n<ul class=\"wp-block-list\"><li>8h \u2013 Hist\u00f3ria antes de uma Hist\u00f3ria (Livre)<\/li><li>9h30 \u2013 Raya e o \u00faltimo Drag\u00e3o (Livre)<\/li><li>13h \u2013 Hist\u00f3ria antes de uma Hist\u00f3ria (Livre)<\/li><li>14h30 &#8211; Homem Aranha \u2013 Sem volta para casa (12 anos)<\/li><\/ul>\n\n\n\n<p><strong>25\/08 \u2013 Quinta<\/strong><\/p>\n\n\n\n<ul class=\"wp-block-list\"><li>7h30 \u2013 Homem Aranha \u2013 Sem volta para casa (12 anos) \u2013 Dura\u00e7\u00e3o: 2h30min<\/li><li>10h15 \u2013 Hist\u00f3ria antes de uma Hist\u00f3ria (Livre) \u2013 1h20min<\/li><li>13h30 \u2013 Raya e o \u00faltimo Drag\u00e3o (Livre) \u2013 1h47min<\/li><li>16h \u2013 Um Crime entre n\u00f3s \u2013 Document\u00e1rio (14 anos) &#8211; Dura\u00e7\u00e3o: 59min<\/li><\/ul>\n\n\n\n<p><strong><em>(Fonte\/Imagem: Cine em Cena Brasil)<\/em><\/strong><\/p>\n","protected":false},"excerpt":{"rendered":"<p>A sala itinerante com 200 lugares ficar\u00e1 montada no Complexo Fepasa<\/p>\n","protected":false},"author":30,"featured_media":97276,"comment_status":"closed","ping_status":"0","sticky":false,"template":"","format":"standard","meta":{"footnotes":""},"categories":[2833,29,8356,8354,1],"tags":[],"class_list":["post-97275","post","type-post","status-publish","format-standard","has-post-thumbnail","hentry","category-cultura","category-destaque","category-jundiai","category-lazer","category-noticias"],"_links":{"self":[{"href":"https:\/\/tvtecjundiai.com.br\/news\/wp-json\/wp\/v2\/posts\/97275","targetHints":{"allow":["GET"]}}],"collection":[{"href":"https:\/\/tvtecjundiai.com.br\/news\/wp-json\/wp\/v2\/posts"}],"about":[{"href":"https:\/\/tvtecjundiai.com.br\/news\/wp-json\/wp\/v2\/types\/post"}],"author":[{"embeddable":true,"href":"https:\/\/tvtecjundiai.com.br\/news\/wp-json\/wp\/v2\/users\/30"}],"replies":[{"embeddable":true,"href":"https:\/\/tvtecjundiai.com.br\/news\/wp-json\/wp\/v2\/comments?post=97275"}],"version-history":[{"count":2,"href":"https:\/\/tvtecjundiai.com.br\/news\/wp-json\/wp\/v2\/posts\/97275\/revisions"}],"predecessor-version":[{"id":97310,"href":"https:\/\/tvtecjundiai.com.br\/news\/wp-json\/wp\/v2\/posts\/97275\/revisions\/97310"}],"wp:featuredmedia":[{"embeddable":true,"href":"https:\/\/tvtecjundiai.com.br\/news\/wp-json\/wp\/v2\/media\/97276"}],"wp:attachment":[{"href":"https:\/\/tvtecjundiai.com.br\/news\/wp-json\/wp\/v2\/media?parent=97275"}],"wp:term":[{"taxonomy":"category","embeddable":true,"href":"https:\/\/tvtecjundiai.com.br\/news\/wp-json\/wp\/v2\/categories?post=97275"},{"taxonomy":"post_tag","embeddable":true,"href":"https:\/\/tvtecjundiai.com.br\/news\/wp-json\/wp\/v2\/tags?post=97275"}],"curies":[{"name":"wp","href":"https:\/\/api.w.org\/{rel}","templated":true}]}}