{"id":97294,"date":"2022-08-18T18:10:00","date_gmt":"2022-08-18T21:10:00","guid":{"rendered":"https:\/\/tvtecjundiai.com.br\/news\/?p=97294"},"modified":"2022-08-19T08:46:52","modified_gmt":"2022-08-19T11:46:52","slug":"previsao-de-queda-na-temperatura-durante-a-madrugada-retoma-operacao-noites-frias","status":"publish","type":"post","link":"https:\/\/tvtecjundiai.com.br\/news\/2022\/08\/18\/previsao-de-queda-na-temperatura-durante-a-madrugada-retoma-operacao-noites-frias\/","title":{"rendered":"Previs\u00e3o de queda na temperatura durante a madrugada retoma Opera\u00e7\u00e3o Noites Frias"},"content":{"rendered":"\n<p>Apesar das temperaturas amenas, a Unidade de Gest\u00e3o de Assist\u00eancia e Desenvolvimento Social (UGADS) retomou na tarde desta quinta-feira (18) a Opera\u00e7\u00e3o Noites Frias, uma vez que a previs\u00e3o de temperatura m\u00ednima para a madrugada \u00e9 de 11\u00b0C e h\u00e1 alerta emitido pela Defesa Civil tamb\u00e9m sobre a chegada de chuvas fortes.<\/p>\n\n\n\n<p>\u201cAo longo do dia, tanto quem veio espontaneamente ao Centro Pop quanto quem foi encaminhado para o servi\u00e7o por meio das equipes do Servi\u00e7o Especializado de Abordagem Social (SEAS) j\u00e1 recebeu o atendimento t\u00e9cnico e foi sendo encaminhado para as vagas nos abrigos, com o objetivo de dinamizar o atendimento e garantir a preserva\u00e7\u00e3o da vida dos acolhidos\u201d, explicou a assessora da UGADS Renata Mangieri.<\/p>\n\n\n\n<figure class=\"wp-block-image size-large\"><img loading=\"lazy\" decoding=\"async\" width=\"1200\" height=\"800\" src=\"https:\/\/tvtecjundiai.com.br\/news\/wp-content\/uploads\/sites\/2\/2022\/08\/noites_frias_centro_pop-15-1200x800.jpg\" alt=\"\" class=\"wp-image-97295\" srcset=\"https:\/\/tvtecjundiai.com.br\/news\/wp-content\/uploads\/sites\/2\/2022\/08\/noites_frias_centro_pop-15-1200x800.jpg 1200w, https:\/\/tvtecjundiai.com.br\/news\/wp-content\/uploads\/sites\/2\/2022\/08\/noites_frias_centro_pop-15-300x200.jpg 300w, https:\/\/tvtecjundiai.com.br\/news\/wp-content\/uploads\/sites\/2\/2022\/08\/noites_frias_centro_pop-15-768x512.jpg 768w, https:\/\/tvtecjundiai.com.br\/news\/wp-content\/uploads\/sites\/2\/2022\/08\/noites_frias_centro_pop-15.jpg 1280w\" sizes=\"auto, (max-width: 1200px) 100vw, 1200px\" \/><figcaption>Quem deu entrada no Centro Pop j\u00e1 foi encaminhado ao longo do dia para as vagas nos abrigos<\/figcaption><\/figure>\n\n\n\n<p>Al\u00e9m do aumento do n\u00famero de vagas para acolhimento nos abrigos municipais, durante a Opera\u00e7\u00e3o Noites Frias tamb\u00e9m as equipes de busca-ativa e atendimento de chamados recebem refor\u00e7os de pessoal, com aumento de ve\u00edculos tanto do SEAS quanto do Centro Pop nas ruas.<\/p>\n\n\n\n<p>Este ano a Opera\u00e7\u00e3o Noites Frias foi iniciada em abril e acionada por 57 noites descont\u00ednuas, totalizando mais de 3600 abordagens e mais de 2500 acolhimentos (pernoites).<\/p>\n\n\n\n<p>Quem aceita o acolhimento \u00e9 direcionado ao abrigo, inclusive se acompanhado de animal de estima\u00e7\u00e3o, onde recebe, al\u00e9m do pernoite, alimenta\u00e7\u00e3o, roupa, espa\u00e7o para higiene pessoal e atendimento t\u00e9cnico. J\u00e1 para quem recusa o acolhimento, as equipes disponibilizam tamb\u00e9m cobertores, luvas, gorros e meias para a prote\u00e7\u00e3o contra o frio.<\/p>\n\n\n\n<p>Sempre que algu\u00e9m identificar pessoa em situa\u00e7\u00e3o de rua pode acionar o Servi\u00e7o Especializado de Abordagem Social (SEAS) pelo telefone (11) 98531-0146, que atende 24 horas.<\/p>\n\n\n\n<p><strong><em>(Fonte\/Imagem: Prefeitura de Jundia\u00ed)<\/em><\/strong><\/p>\n","protected":false},"excerpt":{"rendered":"<p>Este ano a opera\u00e7\u00e3o j\u00e1 totaliza mais de 3600 abordagens e mais de 2500 acolhimentos (pernoites)<\/p>\n","protected":false},"author":30,"featured_media":97295,"comment_status":"closed","ping_status":"0","sticky":false,"template":"","format":"standard","meta":{"footnotes":""},"categories":[8392,8356,1],"tags":[],"class_list":["post-97294","post","type-post","status-publish","format-standard","has-post-thumbnail","hentry","category-assistencia-social","category-jundiai","category-noticias"],"_links":{"self":[{"href":"https:\/\/tvtecjundiai.com.br\/news\/wp-json\/wp\/v2\/posts\/97294","targetHints":{"allow":["GET"]}}],"collection":[{"href":"https:\/\/tvtecjundiai.com.br\/news\/wp-json\/wp\/v2\/posts"}],"about":[{"href":"https:\/\/tvtecjundiai.com.br\/news\/wp-json\/wp\/v2\/types\/post"}],"author":[{"embeddable":true,"href":"https:\/\/tvtecjundiai.com.br\/news\/wp-json\/wp\/v2\/users\/30"}],"replies":[{"embeddable":true,"href":"https:\/\/tvtecjundiai.com.br\/news\/wp-json\/wp\/v2\/comments?post=97294"}],"version-history":[{"count":1,"href":"https:\/\/tvtecjundiai.com.br\/news\/wp-json\/wp\/v2\/posts\/97294\/revisions"}],"predecessor-version":[{"id":97296,"href":"https:\/\/tvtecjundiai.com.br\/news\/wp-json\/wp\/v2\/posts\/97294\/revisions\/97296"}],"wp:featuredmedia":[{"embeddable":true,"href":"https:\/\/tvtecjundiai.com.br\/news\/wp-json\/wp\/v2\/media\/97295"}],"wp:attachment":[{"href":"https:\/\/tvtecjundiai.com.br\/news\/wp-json\/wp\/v2\/media?parent=97294"}],"wp:term":[{"taxonomy":"category","embeddable":true,"href":"https:\/\/tvtecjundiai.com.br\/news\/wp-json\/wp\/v2\/categories?post=97294"},{"taxonomy":"post_tag","embeddable":true,"href":"https:\/\/tvtecjundiai.com.br\/news\/wp-json\/wp\/v2\/tags?post=97294"}],"curies":[{"name":"wp","href":"https:\/\/api.w.org\/{rel}","templated":true}]}}