{"id":97297,"date":"2022-08-19T08:53:21","date_gmt":"2022-08-19T11:53:21","guid":{"rendered":"https:\/\/tvtecjundiai.com.br\/news\/?p=97297"},"modified":"2022-08-19T08:53:26","modified_gmt":"2022-08-19T11:53:26","slug":"varias-atracoes-gratuitas-movimentam-a-fabrica-das-infancias-japy-no-fim-de-semana","status":"publish","type":"post","link":"https:\/\/tvtecjundiai.com.br\/news\/2022\/08\/19\/varias-atracoes-gratuitas-movimentam-a-fabrica-das-infancias-japy-no-fim-de-semana\/","title":{"rendered":"V\u00e1rias atra\u00e7\u00f5es gratuitas movimentam a F\u00e1brica das Inf\u00e2ncias Japy no fim de semana"},"content":{"rendered":"\n<p>A Unidade de Gest\u00e3o de Cultura (UGC), programou para este final de semana, mais uma rodada de atividades gratuitas na F\u00e1brica das Inf\u00e2ncias Japy para a garotada. No s\u00e1bado (20), a partir das 10h30, crian\u00e7as de 4 a 10 anos poder\u00e3o acompanhar a apresenta\u00e7\u00e3o da \u201cArt no Ar \u2013 Dan\u00e7a e Circo\u201d, com o espet\u00e1culo \u201cFAYS \u2013 a Vida das Fadas.<\/p>\n\n\n\n<p>Quatro acrobatas se dividem em cena para mostrar a beleza da vida das fadas, em um mundo m\u00e1gico em que todos voam, encantados pelos poderes do p\u00f3 de pirlimpimpim, tudo embalado por m\u00fasicas celtas e muita magia, e apresenta\u00e7\u00f5es de Tecido Acrob\u00e1tico e acrobacias de solo.<\/p>\n\n\n\n<p>No domingo (21), tamb\u00e9m \u00e0s 10h30, a musicista Telma Costa apresenta \u201cCan\u00e7\u00f5es e Parlendas\u201d. Acompanhada de viol\u00e3o interpreta can\u00e7\u00f5es do folclore infantil, e junto com o ator Ulisses Vertuan, intercalam m\u00fasicas e parlendas com utiliza\u00e7\u00e3o de fantoches. Um espet\u00e1culo recomendado para crian\u00e7as de 4 a 10 anos.<\/p>\n\n\n\n<figure class=\"wp-block-image size-full\"><img loading=\"lazy\" decoding=\"async\" width=\"983\" height=\"250\" src=\"https:\/\/tvtecjundiai.com.br\/news\/wp-content\/uploads\/sites\/2\/2022\/08\/fabrica-das-infancias-japy-jundiai.jpg\" alt=\"\" class=\"wp-image-97298\" srcset=\"https:\/\/tvtecjundiai.com.br\/news\/wp-content\/uploads\/sites\/2\/2022\/08\/fabrica-das-infancias-japy-jundiai.jpg 983w, https:\/\/tvtecjundiai.com.br\/news\/wp-content\/uploads\/sites\/2\/2022\/08\/fabrica-das-infancias-japy-jundiai-300x76.jpg 300w, https:\/\/tvtecjundiai.com.br\/news\/wp-content\/uploads\/sites\/2\/2022\/08\/fabrica-das-infancias-japy-jundiai-768x195.jpg 768w\" sizes=\"auto, (max-width: 983px) 100vw, 983px\" \/><\/figure>\n\n\n\n<p>E na sequ\u00eancia, \u00e0s 11h, a core\u00f3grafa Paula Agnello, apresenta \u201cFeliz, alegre e forte\u201d, resultado do seu trabalho baseado nos estudos de \u201c Baby Fusion\u201d, uma proposta que transforma a maternidade e a paternidade em m\u00fasica e dan\u00e7a, por meio de uma metodologia de dan\u00e7a e movimentos corporais que podem ser vivenciados na gesta\u00e7\u00e3o e at\u00e9 os 12 meses dos beb\u00eas.<\/p>\n\n\n\n<p>\u201cFeliz, alegre e Forte\u201d \u00e9 uma apresenta\u00e7\u00e3o art\u00edstica de m\u00e3es, pais e beb\u00eas cheia de amor e conex\u00e3o com pais dan\u00e7ando com os seus beb\u00eas nos carregadores \u201csling\u201d e mochilas ergon\u00f4micas.<\/p>\n\n\n\n<figure class=\"wp-block-image size-large\"><img loading=\"lazy\" decoding=\"async\" width=\"1200\" height=\"801\" src=\"https:\/\/tvtecjundiai.com.br\/news\/wp-content\/uploads\/sites\/2\/2022\/08\/instagrimm_fabrica_das_infancias_japy-469-1200x801.jpg\" alt=\"\" class=\"wp-image-97299\" srcset=\"https:\/\/tvtecjundiai.com.br\/news\/wp-content\/uploads\/sites\/2\/2022\/08\/instagrimm_fabrica_das_infancias_japy-469-1200x801.jpg 1200w, https:\/\/tvtecjundiai.com.br\/news\/wp-content\/uploads\/sites\/2\/2022\/08\/instagrimm_fabrica_das_infancias_japy-469-300x200.jpg 300w, https:\/\/tvtecjundiai.com.br\/news\/wp-content\/uploads\/sites\/2\/2022\/08\/instagrimm_fabrica_das_infancias_japy-469-768x512.jpg 768w, https:\/\/tvtecjundiai.com.br\/news\/wp-content\/uploads\/sites\/2\/2022\/08\/instagrimm_fabrica_das_infancias_japy-469.jpg 1280w\" sizes=\"auto, (max-width: 1200px) 100vw, 1200px\" \/><\/figure>\n\n\n\n<p><strong>A F\u00e1brica<\/strong><br>Localizada na rua Lacerda Franco, 175, na Vila Arens, al\u00e9m de sede do Comit\u00ea das Crian\u00e7as, a F\u00e1brica integra as a\u00e7\u00f5es do programa municipal Cidade das Crian\u00e7as, da Rede Urban95, do professor Francesco Tonucci, da Funda\u00e7\u00e3o Bernard Van Leer e do Instituto Alana. Trata-se de um espa\u00e7o voltado \u00e0 experimenta\u00e7\u00e3o art\u00edstica, formativa, criativa e reflexiva sobre as brincadeiras e as inf\u00e2ncias.<\/p>\n\n\n\n<p>Com entrada gratuita, o espa\u00e7o fica aberto de ter\u00e7a a sexta-feira, das 9h \u00e0s 17h; e aos s\u00e1bados, domingos e feriados, das 9h \u00e0s 13h. A entrada de visitantes ser\u00e1 permitida somente at\u00e9 30 minutos antes do hor\u00e1rio de fechamento. \u00c0s segundas-feiras, o espa\u00e7o permanece fechado para manuten\u00e7\u00f5es de rotina e limpeza em geral.<\/p>\n\n\n\n<p><strong><em>(Fonte\/Imagens: Prefeitura de Jundia\u00ed e Divulga\u00e7\u00e3o)<\/em><\/strong><\/p>\n","protected":false},"excerpt":{"rendered":"<p>Programa\u00e7\u00e3o para as crian\u00e7as inclui apresenta\u00e7\u00e3o circense, m\u00fasica e dan\u00e7a<\/p>\n","protected":false},"author":30,"featured_media":97299,"comment_status":"closed","ping_status":"0","sticky":false,"template":"","format":"standard","meta":{"footnotes":""},"categories":[2833,8356,8354,1],"tags":[],"class_list":["post-97297","post","type-post","status-publish","format-standard","has-post-thumbnail","hentry","category-cultura","category-jundiai","category-lazer","category-noticias"],"_links":{"self":[{"href":"https:\/\/tvtecjundiai.com.br\/news\/wp-json\/wp\/v2\/posts\/97297","targetHints":{"allow":["GET"]}}],"collection":[{"href":"https:\/\/tvtecjundiai.com.br\/news\/wp-json\/wp\/v2\/posts"}],"about":[{"href":"https:\/\/tvtecjundiai.com.br\/news\/wp-json\/wp\/v2\/types\/post"}],"author":[{"embeddable":true,"href":"https:\/\/tvtecjundiai.com.br\/news\/wp-json\/wp\/v2\/users\/30"}],"replies":[{"embeddable":true,"href":"https:\/\/tvtecjundiai.com.br\/news\/wp-json\/wp\/v2\/comments?post=97297"}],"version-history":[{"count":1,"href":"https:\/\/tvtecjundiai.com.br\/news\/wp-json\/wp\/v2\/posts\/97297\/revisions"}],"predecessor-version":[{"id":97300,"href":"https:\/\/tvtecjundiai.com.br\/news\/wp-json\/wp\/v2\/posts\/97297\/revisions\/97300"}],"wp:featuredmedia":[{"embeddable":true,"href":"https:\/\/tvtecjundiai.com.br\/news\/wp-json\/wp\/v2\/media\/97299"}],"wp:attachment":[{"href":"https:\/\/tvtecjundiai.com.br\/news\/wp-json\/wp\/v2\/media?parent=97297"}],"wp:term":[{"taxonomy":"category","embeddable":true,"href":"https:\/\/tvtecjundiai.com.br\/news\/wp-json\/wp\/v2\/categories?post=97297"},{"taxonomy":"post_tag","embeddable":true,"href":"https:\/\/tvtecjundiai.com.br\/news\/wp-json\/wp\/v2\/tags?post=97297"}],"curies":[{"name":"wp","href":"https:\/\/api.w.org\/{rel}","templated":true}]}}