{"id":97314,"date":"2022-08-19T12:27:51","date_gmt":"2022-08-19T15:27:51","guid":{"rendered":"https:\/\/tvtecjundiai.com.br\/news\/?p=97314"},"modified":"2022-08-19T12:27:56","modified_gmt":"2022-08-19T15:27:56","slug":"covid-19-criancas-entre-3-e-4-anos-com-comorbidades-comecam-a-ser-vacinadas-no-sabado-20","status":"publish","type":"post","link":"https:\/\/tvtecjundiai.com.br\/news\/2022\/08\/19\/covid-19-criancas-entre-3-e-4-anos-com-comorbidades-comecam-a-ser-vacinadas-no-sabado-20\/","title":{"rendered":"COVID-19: Crian\u00e7as entre 3 e 4 anos com comorbidades come\u00e7am a ser vacinadas no s\u00e1bado (20)"},"content":{"rendered":"\n<p>Com o encaminhamento de pequeno lote de doses de vacinas Coronavac para a aplica\u00e7\u00e3o em Crian\u00e7as de 3 e 4 anos para Jundia\u00ed \u2013 especificamente para aquelas com comorbidades, defici\u00eancias ou ind\u00edgenas -, pela Secretaria de Estado da Sa\u00fade, a aplica\u00e7\u00e3o para este grupo ser\u00e1 iniciada neste s\u00e1bado (20), no Dia D de Multivacina\u00e7\u00e3o, que em Jundia\u00ed contar\u00e1 com algumas Unidades B\u00e1sicas de Sa\u00fade (UBSs) abertas para o atendimento a todos os interessados e p\u00fablicos.<\/p>\n\n\n\n<p>De acordo com a enfermeira e coordenadora da Vigil\u00e2ncia Epidemiol\u00f3gica de Jundia\u00ed (VE), Maria do Carmo Possidente, a cidade conta com cerca de 800 doses para aplica\u00e7\u00e3o em primeira dose. \u201cA vacina\u00e7\u00e3o para as crian\u00e7as entre 3 e 4 anos come\u00e7a de maneira escolonada, conforme determina os \u00f3rg\u00e3os Estadual e Fedeal, para os p\u00fablicos com defici\u00eancias, comorbidades ou ind\u00edgena, da mesma forma que foi realizada em outras fases. Para receber a aplica\u00e7\u00e3o, basta apresentar a carteira de vacina\u00e7\u00e3o documentos que comprovem a condi\u00e7\u00e3o, podendo ser receitas, prescri\u00e7\u00f5es m\u00e9dicas ou exames\u201d, detalha.<\/p>\n\n\n\n<figure class=\"wp-block-image\"><img decoding=\"async\" src=\"https:\/\/jundiai.sp.gov.br\/noticias\/wp-content\/uploads\/sites\/32\/2022\/08\/vacinacao_infantil_ubs_caxambu-150.jpg\" alt=\"\" class=\"wp-image-299550\" \/><figcaption>Vacina\u00e7\u00e3o para crian\u00e7as entre 3 e 4 anos ser\u00e1 feita com doses de Coronavac<\/figcaption><\/figure>\n\n\n\n<p>A vacina\u00e7\u00e3o neste s\u00e1bado (20) ser\u00e1 realizada:<\/p>\n\n\n\n<p><strong>Das 8h30 \u00e0s 11h30 e das 13h \u00e0s 15h30:<\/strong><br><br>\u2013 UBS Hortol\u00e2ndia (rua Palmira Cervi B\u00e1rbaro, 91);<br>\u2013 UBS Anhangaba\u00fa (Rua Hans Staden, 40);<br>\u2013 UBS Rami (rua Cica, 1345);<br>\u2013 Nova UBS Jardim do Lago (rua Leonita Faber Ladeira, 1358);<br>\u2013 Cl\u00ednica da Fam\u00edlia do Almerinda Chaves (rua Jos\u00e9 Ribeiro Barbosa, 20);<br>\u2013 Nova UBS Tulipas (rua Ana Congani Bocal\u00e3o, 80);<br>\u2013 UBS Col\u00f4nia (rua. Prof\u00aa. Benedita Siqueira de Godoy, 11);<br>\u2013 Nova UBS Jundia\u00ed Mirim (rua Josefa Piccolo, 198, Jardim Bandeiras).<br><br><strong>Das 8h \u00e0s 12h:<\/strong><\/p>\n\n\n\n<p>\u2013 UBS Ivoturucaia (rua Prof\u00aa Valderez A. C. C. Lopes, 210);<br>\u2013 Nova UBS Santa Gertrudes (rua Alice Guimar\u00e3es Pelegrini, 780).<\/p>\n\n\n\n<p>Quem n\u00e3o puder comparecer e levar o filho (a) para a aplica\u00e7\u00e3o neste s\u00e1bado, ter\u00e1 o Polo de Vacina\u00e7\u00e3o da Vila Hortol\u00e2ndia (antiga Creche do Idoso), das 8h \u00e0s 16h30, de segunda a sexta-feira, para fazer a primeira aplica\u00e7\u00e3o contra a COVID-19, levando a mesma documenta\u00e7\u00e3o. De acordo com Maria do Carmo, a centraliza\u00e7\u00e3o na aplica\u00e7\u00e3o se d\u00e1 pela necessidade de otimiza\u00e7\u00e3o das doses. \u201cA distribui\u00e7\u00e3o foi feita de maneira regrada, portanto \u00e9 essencial garantir o uso de todas as 10 doses de cada frasco de Coronavac para a imuniza\u00e7\u00e3o das crian\u00e7as\u201d, explica. Ap\u00f3s a dilui\u00e7\u00e3o e abertura do frasco, as doses devem ser utilizadas em no m\u00e1ximo oito horas.<\/p>\n\n\n\n<p><strong><em>(Fonte\/Imagem: Prefeitura de Jundia\u00ed)<\/em><\/strong><\/p>\n","protected":false},"excerpt":{"rendered":"<p>A aplica\u00e7\u00e3o para este grupo ser\u00e1 iniciada neste s\u00e1bado (20), no Dia D de Multivacina\u00e7\u00e3o.<\/p>\n","protected":false},"author":27,"featured_media":97315,"comment_status":"closed","ping_status":"0","sticky":false,"template":"","format":"standard","meta":{"footnotes":""},"categories":[8356,8355],"tags":[],"class_list":["post-97314","post","type-post","status-publish","format-standard","has-post-thumbnail","hentry","category-jundiai","category-saude-3"],"_links":{"self":[{"href":"https:\/\/tvtecjundiai.com.br\/news\/wp-json\/wp\/v2\/posts\/97314","targetHints":{"allow":["GET"]}}],"collection":[{"href":"https:\/\/tvtecjundiai.com.br\/news\/wp-json\/wp\/v2\/posts"}],"about":[{"href":"https:\/\/tvtecjundiai.com.br\/news\/wp-json\/wp\/v2\/types\/post"}],"author":[{"embeddable":true,"href":"https:\/\/tvtecjundiai.com.br\/news\/wp-json\/wp\/v2\/users\/27"}],"replies":[{"embeddable":true,"href":"https:\/\/tvtecjundiai.com.br\/news\/wp-json\/wp\/v2\/comments?post=97314"}],"version-history":[{"count":1,"href":"https:\/\/tvtecjundiai.com.br\/news\/wp-json\/wp\/v2\/posts\/97314\/revisions"}],"predecessor-version":[{"id":97316,"href":"https:\/\/tvtecjundiai.com.br\/news\/wp-json\/wp\/v2\/posts\/97314\/revisions\/97316"}],"wp:featuredmedia":[{"embeddable":true,"href":"https:\/\/tvtecjundiai.com.br\/news\/wp-json\/wp\/v2\/media\/97315"}],"wp:attachment":[{"href":"https:\/\/tvtecjundiai.com.br\/news\/wp-json\/wp\/v2\/media?parent=97314"}],"wp:term":[{"taxonomy":"category","embeddable":true,"href":"https:\/\/tvtecjundiai.com.br\/news\/wp-json\/wp\/v2\/categories?post=97314"},{"taxonomy":"post_tag","embeddable":true,"href":"https:\/\/tvtecjundiai.com.br\/news\/wp-json\/wp\/v2\/tags?post=97314"}],"curies":[{"name":"wp","href":"https:\/\/api.w.org\/{rel}","templated":true}]}}