{"id":97338,"date":"2022-08-19T15:10:26","date_gmt":"2022-08-19T18:10:26","guid":{"rendered":"https:\/\/tvtecjundiai.com.br\/news\/?p=97338"},"modified":"2022-08-19T15:10:33","modified_gmt":"2022-08-19T18:10:33","slug":"agenda-cultural-confira-a-programacao-do-fim-de-semana-na-cidade","status":"publish","type":"post","link":"https:\/\/tvtecjundiai.com.br\/news\/2022\/08\/19\/agenda-cultural-confira-a-programacao-do-fim-de-semana-na-cidade\/","title":{"rendered":"Agenda Cultural: Confira a programa\u00e7\u00e3o do fim de semana na cidade"},"content":{"rendered":"\n<p>Ainda que a previs\u00e3o do tempo para esse fim de semana em Jundia\u00ed seja de temperaturas bem baixas, s\u00f3 vai ficar em casa quem quiser, pois a Unidade de Gest\u00e3o de Cultura (UGC), programou diversas a\u00e7\u00f5es gratuitas em seus equipamentos culturais para crian\u00e7as, jovens e adultos.<\/p>\n\n\n\n<p>A ordem \u00e9 se agasalhar, convidar familiares e amigos e sair de casa! Confira a programa\u00e7\u00e3o em cada equipamento cultural para esse final de semana:<\/p>\n\n\n\n<figure class=\"wp-block-image size-large\"><img loading=\"lazy\" decoding=\"async\" width=\"1200\" height=\"710\" src=\"https:\/\/tvtecjundiai.com.br\/news\/wp-content\/uploads\/sites\/2\/2022\/08\/108_anos_polytheama_classicos_em_movimento-239-1-1200x710.jpg\" alt=\"\" class=\"wp-image-97341\" srcset=\"https:\/\/tvtecjundiai.com.br\/news\/wp-content\/uploads\/sites\/2\/2022\/08\/108_anos_polytheama_classicos_em_movimento-239-1-1200x710.jpg 1200w, https:\/\/tvtecjundiai.com.br\/news\/wp-content\/uploads\/sites\/2\/2022\/08\/108_anos_polytheama_classicos_em_movimento-239-1-300x177.jpg 300w, https:\/\/tvtecjundiai.com.br\/news\/wp-content\/uploads\/sites\/2\/2022\/08\/108_anos_polytheama_classicos_em_movimento-239-1-768x454.jpg 768w, https:\/\/tvtecjundiai.com.br\/news\/wp-content\/uploads\/sites\/2\/2022\/08\/108_anos_polytheama_classicos_em_movimento-239-1.jpg 1280w\" sizes=\"auto, (max-width: 1200px) 100vw, 1200px\" \/><figcaption>100 anos da Semana de Arte Moderna de S\u00e3o Paulo: OSMJ e Coral Municipal juntos no palco do Polytheama<\/figcaption><\/figure>\n\n\n\n<p><strong>Complexo Fepasa<\/strong><\/p>\n\n\n\n<p>A Sala Jundia\u00ed do Complexo Fepasa recebe neste s\u00e1bado (20), \u00e0s 19h, o show de lan\u00e7amento do \u00e1lbum \u201cNa Volta Que o Mundo D\u00e1\u201d, do cantor Mateus Sartori. Com entrada gratuita e por ordem de chegada, a atra\u00e7\u00e3o vem a Jundia\u00ed por meio do Programa de A\u00e7\u00e3o Cultural (ProAC) da Secretaria Estadual de Cultura e Economia Criativa, com apoio da Unidade de Gest\u00e3o de Cultura.<\/p>\n\n\n\n<p>Ainda no Complexo o p\u00fablico poder\u00e1 visitar a exposi\u00e7\u00e3o \u201cTarcilas \u2013 Mulheres na Arte\u201d, reunindo obras de 10 mulheres artistas visuais \u2013 grafiteiras, ilustradoras, pintoras de parede e tela \u2013 descentralizadas, de Jundia\u00ed, resultado de um projeto realizado de janeiro a mar\u00e7o de 2021, com o apoio da UGC e viabilizado pelo Programa de A\u00e7\u00e3o Cultural \u2013 ProAc \u2013 da Secretaria de Cultura e Economia Criativa do Estado de S\u00e3o Paulo. A curadoria \u00e9 da artista Gislaine Silva (Gi Real), com colabora\u00e7\u00e3o das artistas Paula Pimenta e Andr\u00e9a Mendes, do Coletivo PretaA\u00e7\u00e3o. Em exposi\u00e7\u00e3o as obras das artistas: Beatriz Pastorini, Daniela Shirozono, Fl\u00e1via Prexede, Gabriela Santos de Matos, Marina Germano, Patr\u00edcia Haruno, T\u00e2nia Manacero, Thayara Magalh\u00e3es, Val\u00e9ria Balbin e Viviane Lima.<\/p>\n\n\n\n<p><strong>Biblioteca Municipal Professor Nelson Foot<\/strong><\/p>\n\n\n\n<p>Neste s\u00e1bado (20), \u00e0s 11h, mais uma edi\u00e7\u00e3o do \u201cL\u00ea no Ninho\u201d, atividade voltada para crian\u00e7as de seis meses a quatro anos de idade. A atividade, com dura\u00e7\u00e3o de 60 minutos, \u00e9 promovida pela Unidade de Gest\u00e3o de Cultura (UGC), dentro da proposta de realizar atividades para o p\u00fablico infantojuvenil aos s\u00e1bados, no equipamento cultural.<\/p>\n\n\n\n<figure class=\"wp-block-image size-full\"><img loading=\"lazy\" decoding=\"async\" width=\"992\" height=\"607\" src=\"https:\/\/tvtecjundiai.com.br\/news\/wp-content\/uploads\/sites\/2\/2022\/08\/le_no_ninho_biblioteca-11.jpg\" alt=\"\" class=\"wp-image-97342\" srcset=\"https:\/\/tvtecjundiai.com.br\/news\/wp-content\/uploads\/sites\/2\/2022\/08\/le_no_ninho_biblioteca-11.jpg 992w, https:\/\/tvtecjundiai.com.br\/news\/wp-content\/uploads\/sites\/2\/2022\/08\/le_no_ninho_biblioteca-11-300x184.jpg 300w, https:\/\/tvtecjundiai.com.br\/news\/wp-content\/uploads\/sites\/2\/2022\/08\/le_no_ninho_biblioteca-11-768x470.jpg 768w\" sizes=\"auto, (max-width: 992px) 100vw, 992px\" \/><figcaption>Na Biblioteca o Projeto L\u00ea no Ninho \u00e9 o destaque<\/figcaption><\/figure>\n\n\n\n<p>No Espa\u00e7o Sonia Cintra, a exposi\u00e7\u00e3o \u201cCorinthians Jundiahyense\u201d, onde o visitante vai encontrar, fotos, jornais da \u00e9poca, trof\u00e9us, resultado do trabalho de resgate e pesquisa do jundiaiense apaixonado por futebol, Jos\u00e9 Roberto Fornazza.<\/p>\n\n\n\n<p>E na Galeria Jundia\u00ed a exposi\u00e7\u00e3o \u201cNa Pele da Negra atrav\u00e9s do Olhos\u201d, uma captura que retrata diversos sentimentos vivido no cotidiano da Mulher Negra, com o objetivo de homenagear e ressaltar a cultura afro brasileira. Participam da mostra as artistas: Beatriz Pastorino, Bella Tozini, Let\u00edcia Alves, Paty Miranda, Ros\u00e2ngela Arregol\u00e3o, Silvia Almeida, Stela Carolina, Thais Legal e Vanessa Sanches.<\/p>\n\n\n\n<p><strong>F\u00e1brica das Inf\u00e2ncias Japy<\/strong>\u00a0<\/p>\n\n\n\n<p>No s\u00e1bado (20), a partir das 10h30, crian\u00e7as de 04 a 10 anos poder\u00e3o acompanhar a apresenta\u00e7\u00e3o da \u201cArt no Ar \u2013 Dan\u00e7a e Circo\u201d, com o espet\u00e1culo \u201cFAYS \u2013 a Vida das Fadas&#8221;.<\/p>\n\n\n\n<p>Quatro acrobatas se dividem em cena para mostrar a beleza da vida das Fadas, em um mundo m\u00e1gico em que todos voam, encantados pelos poderes do p\u00f3 de pirlimpimpim, tudo embalado por m\u00fasicas celtas e muita magia, e apresenta\u00e7\u00f5es de Tecido Acrob\u00e1tico e acrobacias de solo.<\/p>\n\n\n\n<figure class=\"wp-block-image size-full\"><img loading=\"lazy\" decoding=\"async\" width=\"985\" height=\"401\" src=\"https:\/\/tvtecjundiai.com.br\/news\/wp-content\/uploads\/sites\/2\/2022\/08\/CULTURA.jpg\" alt=\"\" class=\"wp-image-97343\" srcset=\"https:\/\/tvtecjundiai.com.br\/news\/wp-content\/uploads\/sites\/2\/2022\/08\/CULTURA.jpg 985w, https:\/\/tvtecjundiai.com.br\/news\/wp-content\/uploads\/sites\/2\/2022\/08\/CULTURA-300x122.jpg 300w, https:\/\/tvtecjundiai.com.br\/news\/wp-content\/uploads\/sites\/2\/2022\/08\/CULTURA-768x313.jpg 768w\" sizes=\"auto, (max-width: 985px) 100vw, 985px\" \/><\/figure>\n\n\n\n<p>No domingo (21), tamb\u00e9m \u00e0s 10h30, a musicista Telma Costa apresenta \u201cCan\u00e7\u00f5es e Parlendas\u201d. Acompanhada de viol\u00e3o interpreta can\u00e7\u00f5es do folclore infantil, e junto com o ator Ulisses Vertuan, intercalam m\u00fasicas e parlendas com utiliza\u00e7\u00e3o de fantoches. Um espet\u00e1culo recomendado para crian\u00e7as de 04 a 10 anos.<\/p>\n\n\n\n<p>E na sequ\u00eancia, \u00e0s 11h, a core\u00f3grafa Paula Agnello, apresenta \u201cFeliz, alegre e forte\u201d, resultado do seu trabalho baseado nos estudos de \u201c Baby Fusion\u201d, uma proposta que transforma a maternidade e a paternidade em m\u00fasica e dan\u00e7a, por meio de uma metodologia de dan\u00e7a e movimentos corporais que podem ser vivenciados na gesta\u00e7\u00e3o e at\u00e9 os 12 meses dos beb\u00eas.<\/p>\n\n\n\n<p>\u201cFeliz, alegre e Forte\u201d \u00e9 uma apresenta\u00e7\u00e3o art\u00edstica de m\u00e3es, pais e beb\u00eas cheia de amor e conex\u00e3o com pais dan\u00e7ando com os seus beb\u00eas nos carregadores \u201csling\u201d e mochilas ergon\u00f4micas. Mais informa\u00e7\u00f5es 4521.0971.<\/p>\n\n\n\n<p><strong>Museu Hist\u00f3rico e Cultural de Jundia\u00ed \u2013 Solar do Bar\u00e3o<\/strong>\u00a0<\/p>\n\n\n\n<p>Os jardins do Solar estar\u00e3o abertos para visita\u00e7\u00e3o no s\u00e1bado e domingo (20 e 21), das 10h \u00e0s 17h e a entrada \u00e9 gratuita. Na oportunidade, poder\u00e3o conferir nos jardins as instala\u00e7\u00f5es do programa municipal Cidade das Crian\u00e7as e da campanha \u201cJundia\u00ed P\u00e9 de Inf\u00e2ncia\u201d, com os conceitos da Rede Urban95.<\/p>\n\n\n\n<figure class=\"wp-block-image size-large\"><img loading=\"lazy\" decoding=\"async\" width=\"1200\" height=\"797\" src=\"https:\/\/tvtecjundiai.com.br\/news\/wp-content\/uploads\/sites\/2\/2022\/08\/jardim-solar-do-barao-111-1-1-3-1200x797.jpg\" alt=\"\" class=\"wp-image-97344\" srcset=\"https:\/\/tvtecjundiai.com.br\/news\/wp-content\/uploads\/sites\/2\/2022\/08\/jardim-solar-do-barao-111-1-1-3-1200x797.jpg 1200w, https:\/\/tvtecjundiai.com.br\/news\/wp-content\/uploads\/sites\/2\/2022\/08\/jardim-solar-do-barao-111-1-1-3-300x199.jpg 300w, https:\/\/tvtecjundiai.com.br\/news\/wp-content\/uploads\/sites\/2\/2022\/08\/jardim-solar-do-barao-111-1-1-3-768x510.jpg 768w, https:\/\/tvtecjundiai.com.br\/news\/wp-content\/uploads\/sites\/2\/2022\/08\/jardim-solar-do-barao-111-1-1-3.jpg 1280w\" sizes=\"auto, (max-width: 1200px) 100vw, 1200px\" \/><figcaption>Os Jardins do Solar s\u00e3o sempre uma op\u00e7\u00e3o para o lazer<\/figcaption><\/figure>\n\n\n\n<p>J\u00e1 as salas que comp\u00f5em o Museu permanecem fechadas pois est\u00e3o sendo preparadas para uma nova exposi\u00e7\u00e3o a ser aberta ao p\u00fablico nos pr\u00f3ximos dias. O Museu funciona de ter\u00e7a a domingo, sempre das 10 \u00e0s 17h. Mais informa\u00e7\u00f5es 4521.6259.<\/p>\n\n\n\n<p><strong>Pinacoteca Municipal Di\u00f3genes Duarte Paes<\/strong>\u00a0<\/p>\n\n\n\n<p>O visitante poder\u00e1 conhecer as obras dos artistas Di\u00f3genes Duarte Paes (patrono da Pinacoteca), com suas famosas aquarelas e tamb\u00e9m, as obras dos consagrados artistas Elvio Santiago e Inos Corradin, que comp\u00f5em o acervo permanente da Pinacoteca.<\/p>\n\n\n\n<figure class=\"wp-block-image size-full\"><img loading=\"lazy\" decoding=\"async\" width=\"1160\" height=\"825\" src=\"https:\/\/tvtecjundiai.com.br\/news\/wp-content\/uploads\/sites\/2\/2022\/08\/inos-corradin-4-1160x825-1.jpg\" alt=\"\" class=\"wp-image-97345\" srcset=\"https:\/\/tvtecjundiai.com.br\/news\/wp-content\/uploads\/sites\/2\/2022\/08\/inos-corradin-4-1160x825-1.jpg 1160w, https:\/\/tvtecjundiai.com.br\/news\/wp-content\/uploads\/sites\/2\/2022\/08\/inos-corradin-4-1160x825-1-300x213.jpg 300w, https:\/\/tvtecjundiai.com.br\/news\/wp-content\/uploads\/sites\/2\/2022\/08\/inos-corradin-4-1160x825-1-768x546.jpg 768w\" sizes=\"auto, (max-width: 1160px) 100vw, 1160px\" \/><figcaption>Pinacoteca Municipal tem quadros de Inos Corradin em seu acervo permanente em exposi\u00e7\u00e3o<\/figcaption><\/figure>\n\n\n\n<p>Ainda podem visitar as exposi\u00e7\u00f5es \u201cPaesani\u201d, com as fotos do consagrado fot\u00f3grafo Em\u00eddio Luisi e \u201c O Prazer de Desistir\u201d, do artista visual Nariz Coletivo (Victor Canela), com classifica\u00e7\u00e3o indicativa de 14 anos.<\/p>\n\n\n\n<p><strong>Teatro Polytheama<\/strong><\/p>\n\n\n\n<p>O segundo concerto da temporada 2022 da Orquestra Sinf\u00f4nica Municipal de Jundia\u00ed (OSMJ) est\u00e1 marcado para este s\u00e1bado (20), \u00e0s 20h, no Teatro Polytheama, e faz uma homenagem aos 100 anos da Semana de Arte Moderna de S\u00e3o Paulo, importante movimento art\u00edstico e cultural de vanguarda realizado a partir da capital paulista no in\u00edcio do s\u00e9culo passado.<\/p>\n\n\n\n<p>O concerto contar\u00e1 ainda com a participa\u00e7\u00e3o especial do Coral Municipal de Jundia\u00ed. O programa da noite traz \u201cRaps\u00f3dia Macuna\u00edma\u201d, composta por Daniel Muller e as Bachianas Brasileiras N\u00ba7 e \u201cTrenzinho do Caipira\u201d, do compositor brasileiro Heitor Villa-Lobos. A reg\u00eancia da orquestra e do coral ficam, respectivamente, a cargo de suas diretoras art\u00edsticas, Claudia Feres e Vasti Atique. Entrada gratuita.<\/p>\n\n\n\n<p>No domingo (21), \u00e0s 19h, Danilo Gentili &amp; Gordo do Danilo se apresentam em Jundia\u00ed. Antagonistas na TV e inimigos na realidade, Danilo Gentili e Diguinho Coruja resolvem se juntar em um verdadeiro show ca\u00e7a-n\u00edquel. O espet\u00e1culo \u201cDanilo Gentili &amp; Gordo do Danilo\u201d promete mostrar um lado novo dos comediantes do programa The Noite. Os ingressos podem ser adquiridos na bilheteria do teatro ou na plataforma\u00a0<a rel=\"noreferrer noopener\" href=\"https:\/\/www.sympla.com.br\/\" target=\"_blank\">Sympla.<\/a><\/p>\n\n\n\n<p><strong>Galeria de Artes Fernanda Milani (anexa) ao teatro Polytheama<\/strong>\u00a0<\/p>\n\n\n\n<p>A exposi\u00e7\u00e3o \u201cO Espa\u00e7o que h\u00e1 entre as coisas\u201d, dos artistas visuais Dani Shirozono e Jeff Barbato, com entrada gratuita, pode ser visitada neste s\u00e1bado (20) das 10h \u00e0s13h.<\/p>\n\n\n\n<p><strong>Pracinha da Cultura do Vista Alegre \u2013 antigo CEU das Artes<\/strong><\/p>\n\n\n\n<p>Nesta sexta-feira (19), tem sess\u00e3o de cinema do projeto Super Tela, a partir das 19h, com entrada gratuita. O filme desta semana \u00e9 Mogli: O menino lobo. A entrada \u00e9 por ordem de chegada e s\u00e3o 40 lugares.<\/p>\n\n\n\n<p><em><strong>(Fonte: Prefeitura de Jundia\u00ed\/Imagem: Divulga\u00e7\u00e3o\/Prefeitura de Jundia\u00ed)<\/strong><\/em><\/p>\n","protected":false},"excerpt":{"rendered":"<p>Mesmo com a frente fria, a Unidade de Gest\u00e3o de Cultura preparou diferentes atra\u00e7\u00f5es para toda a fam\u00edlia<\/p>\n","protected":false},"author":30,"featured_media":97342,"comment_status":"closed","ping_status":"0","sticky":false,"template":"","format":"standard","meta":{"footnotes":""},"categories":[2833,8356,8354,1],"tags":[],"class_list":["post-97338","post","type-post","status-publish","format-standard","has-post-thumbnail","hentry","category-cultura","category-jundiai","category-lazer","category-noticias"],"_links":{"self":[{"href":"https:\/\/tvtecjundiai.com.br\/news\/wp-json\/wp\/v2\/posts\/97338","targetHints":{"allow":["GET"]}}],"collection":[{"href":"https:\/\/tvtecjundiai.com.br\/news\/wp-json\/wp\/v2\/posts"}],"about":[{"href":"https:\/\/tvtecjundiai.com.br\/news\/wp-json\/wp\/v2\/types\/post"}],"author":[{"embeddable":true,"href":"https:\/\/tvtecjundiai.com.br\/news\/wp-json\/wp\/v2\/users\/30"}],"replies":[{"embeddable":true,"href":"https:\/\/tvtecjundiai.com.br\/news\/wp-json\/wp\/v2\/comments?post=97338"}],"version-history":[{"count":1,"href":"https:\/\/tvtecjundiai.com.br\/news\/wp-json\/wp\/v2\/posts\/97338\/revisions"}],"predecessor-version":[{"id":97346,"href":"https:\/\/tvtecjundiai.com.br\/news\/wp-json\/wp\/v2\/posts\/97338\/revisions\/97346"}],"wp:featuredmedia":[{"embeddable":true,"href":"https:\/\/tvtecjundiai.com.br\/news\/wp-json\/wp\/v2\/media\/97342"}],"wp:attachment":[{"href":"https:\/\/tvtecjundiai.com.br\/news\/wp-json\/wp\/v2\/media?parent=97338"}],"wp:term":[{"taxonomy":"category","embeddable":true,"href":"https:\/\/tvtecjundiai.com.br\/news\/wp-json\/wp\/v2\/categories?post=97338"},{"taxonomy":"post_tag","embeddable":true,"href":"https:\/\/tvtecjundiai.com.br\/news\/wp-json\/wp\/v2\/tags?post=97338"}],"curies":[{"name":"wp","href":"https:\/\/api.w.org\/{rel}","templated":true}]}}