{"id":97349,"date":"2022-08-22T08:30:00","date_gmt":"2022-08-22T11:30:00","guid":{"rendered":"https:\/\/tvtecjundiai.com.br\/news\/?p=97349"},"modified":"2022-08-19T16:30:24","modified_gmt":"2022-08-19T19:30:24","slug":"crie-o-perfil-da-sua-marca-no-google-com-curso-gratuito-da-tvtec-jundiai","status":"publish","type":"post","link":"https:\/\/tvtecjundiai.com.br\/news\/2022\/08\/22\/crie-o-perfil-da-sua-marca-no-google-com-curso-gratuito-da-tvtec-jundiai\/","title":{"rendered":"Crie o perfil da sua marca no Google com curso gratuito da TVTEC Jundia\u00ed"},"content":{"rendered":"\n<p>Com o mundo digital cada vez mais em alta e o uso da internet para conectar marcas e clientes, ter seu neg\u00f3cio, empresa ou produto no meio virtual \u00e9 essencial para o crescimento e aumento de vendas. Para auxiliar empreendedores e comerciantes, a Prefeitura de Jundia\u00ed e a TVTEC, por meio de sua Escola de Inova\u00e7\u00e3o, Coisas e Neg\u00f3cios oferecem o curso <em>Google meu neg\u00f3cio<\/em>.<\/p>\n\n\n\n<figure class=\"wp-block-image size-large\"><img loading=\"lazy\" decoding=\"async\" width=\"1200\" height=\"800\" src=\"https:\/\/tvtecjundiai.com.br\/news\/wp-content\/uploads\/sites\/2\/2022\/08\/GOOGLE-MEU-NEGOCIO_30.08-1200x800.jpg\" alt=\"\" class=\"wp-image-97350\" srcset=\"https:\/\/tvtecjundiai.com.br\/news\/wp-content\/uploads\/sites\/2\/2022\/08\/GOOGLE-MEU-NEGOCIO_30.08-1200x800.jpg 1200w, https:\/\/tvtecjundiai.com.br\/news\/wp-content\/uploads\/sites\/2\/2022\/08\/GOOGLE-MEU-NEGOCIO_30.08-300x200.jpg 300w, https:\/\/tvtecjundiai.com.br\/news\/wp-content\/uploads\/sites\/2\/2022\/08\/GOOGLE-MEU-NEGOCIO_30.08-768x512.jpg 768w, https:\/\/tvtecjundiai.com.br\/news\/wp-content\/uploads\/sites\/2\/2022\/08\/GOOGLE-MEU-NEGOCIO_30.08.jpg 1278w\" sizes=\"auto, (max-width: 1200px) 100vw, 1200px\" \/><figcaption>As inscri\u00e7\u00f5es ser\u00e3o abertas no site da TVTEC dia 24 de agosto, ao meio-dia.<\/figcaption><\/figure>\n\n\n\n<p>\u201cFoi anunciada recentemente um reposicionamento da ferramenta, que agora passou a ser \u2018Perfil da Empresa no Google\u2019. Essa funcionalidade \u00e9 importante, pois al\u00e9m de ser gratuita, facilita que empresas sejam encontradas na Rede de Pesquisa do Google e do Google Maps. Nela ficam dispon\u00edveis informa\u00e7\u00f5es como localiza\u00e7\u00e3o, hor\u00e1rio de funcionamento, produtos, servi\u00e7os, fotos e promo\u00e7\u00f5es. Quem est\u00e1 inserido certamente sai na frente em rela\u00e7\u00e3o \u00e0 concorr\u00eancia\u201d, explica a professora Mariana Munarolo.<\/p>\n\n\n\n<p>Tamb\u00e9m na \u00faltima semana do m\u00eas acontece a <em>Oficina de Tsuru<\/em>, uma aula que al\u00e9m de exercitar a mem\u00f3ria e o racioc\u00ednio l\u00f3gico, tem como foco apoiar o evento anual da Prefeitura de Jundia\u00ed em preven\u00e7\u00e3o ao suic\u00eddio, que acontece dia 28 de setembro no Teatro Polytheama.<\/p>\n\n\n\n<figure class=\"wp-block-image size-large\"><img loading=\"lazy\" decoding=\"async\" width=\"1200\" height=\"900\" src=\"https:\/\/tvtecjundiai.com.br\/news\/wp-content\/uploads\/sites\/2\/2022\/08\/OFICINA-DE-TSURU_30.08_2-1200x900.jpg\" alt=\"\" class=\"wp-image-97351\" srcset=\"https:\/\/tvtecjundiai.com.br\/news\/wp-content\/uploads\/sites\/2\/2022\/08\/OFICINA-DE-TSURU_30.08_2-1200x900.jpg 1200w, https:\/\/tvtecjundiai.com.br\/news\/wp-content\/uploads\/sites\/2\/2022\/08\/OFICINA-DE-TSURU_30.08_2-300x225.jpg 300w, https:\/\/tvtecjundiai.com.br\/news\/wp-content\/uploads\/sites\/2\/2022\/08\/OFICINA-DE-TSURU_30.08_2-768x576.jpg 768w, https:\/\/tvtecjundiai.com.br\/news\/wp-content\/uploads\/sites\/2\/2022\/08\/OFICINA-DE-TSURU_30.08_2.jpg 1280w\" sizes=\"auto, (max-width: 1200px) 100vw, 1200px\" \/><figcaption>Tamb\u00e9m na \u00faltima semana do m\u00eas de agosto acontece a Oficina de Tsuru.<\/figcaption><\/figure>\n\n\n\n<p>As inscri\u00e7\u00f5es ser\u00e3o abertas no site da TVTEC dia 24 de agosto, ao meio-dia. A participa\u00e7\u00e3o \u00e9 aberta ao p\u00fablico geral e tem idade m\u00ednima de 16 anos. Interessados podem se inscrever em mais de um curso na semana, desde que os dias e hor\u00e1rios n\u00e3o coincidam.<\/p>\n\n\n\n<p>Confira a programa\u00e7\u00e3o:<\/p>\n\n\n\n<p><strong>GOOGLE MEU NEG\u00d3CIO<\/strong><br>Professora: Mariana Batista<br>Modalidade: <strong>online<\/strong><br>Datas: <strong>30\/08 e 01\/09<\/strong><br>Hor\u00e1rio: <strong>14h \u00e0s 16h<\/strong><\/p>\n\n\n\n<p><strong>OFICINA DE TSURU<\/strong><br>Professora: Fabi Pincinato<br>Modalidade: <strong>presencial<\/strong><br>Dias: <strong>30\/08<\/strong><br>Hor\u00e1rio: <strong>19h \u00e0s 22h<\/strong><\/p>\n","protected":false},"excerpt":{"rendered":"<p>No eixo da economia criativa, outro destaque da semana \u00e9 a Oficina de Tsuru<\/p>\n","protected":false},"author":17,"featured_media":97350,"comment_status":"closed","ping_status":"0","sticky":false,"template":"","format":"standard","meta":{"footnotes":""},"categories":[8356,1],"tags":[],"class_list":["post-97349","post","type-post","status-publish","format-standard","has-post-thumbnail","hentry","category-jundiai","category-noticias"],"_links":{"self":[{"href":"https:\/\/tvtecjundiai.com.br\/news\/wp-json\/wp\/v2\/posts\/97349","targetHints":{"allow":["GET"]}}],"collection":[{"href":"https:\/\/tvtecjundiai.com.br\/news\/wp-json\/wp\/v2\/posts"}],"about":[{"href":"https:\/\/tvtecjundiai.com.br\/news\/wp-json\/wp\/v2\/types\/post"}],"author":[{"embeddable":true,"href":"https:\/\/tvtecjundiai.com.br\/news\/wp-json\/wp\/v2\/users\/17"}],"replies":[{"embeddable":true,"href":"https:\/\/tvtecjundiai.com.br\/news\/wp-json\/wp\/v2\/comments?post=97349"}],"version-history":[{"count":1,"href":"https:\/\/tvtecjundiai.com.br\/news\/wp-json\/wp\/v2\/posts\/97349\/revisions"}],"predecessor-version":[{"id":97352,"href":"https:\/\/tvtecjundiai.com.br\/news\/wp-json\/wp\/v2\/posts\/97349\/revisions\/97352"}],"wp:featuredmedia":[{"embeddable":true,"href":"https:\/\/tvtecjundiai.com.br\/news\/wp-json\/wp\/v2\/media\/97350"}],"wp:attachment":[{"href":"https:\/\/tvtecjundiai.com.br\/news\/wp-json\/wp\/v2\/media?parent=97349"}],"wp:term":[{"taxonomy":"category","embeddable":true,"href":"https:\/\/tvtecjundiai.com.br\/news\/wp-json\/wp\/v2\/categories?post=97349"},{"taxonomy":"post_tag","embeddable":true,"href":"https:\/\/tvtecjundiai.com.br\/news\/wp-json\/wp\/v2\/tags?post=97349"}],"curies":[{"name":"wp","href":"https:\/\/api.w.org\/{rel}","templated":true}]}}