{"id":97375,"date":"2022-08-20T15:21:21","date_gmt":"2022-08-20T18:21:21","guid":{"rendered":"https:\/\/tvtecjundiai.com.br\/news\/?p=97375"},"modified":"2022-08-20T15:21:24","modified_gmt":"2022-08-20T18:21:24","slug":"sexta-no-museu-esquenta-o-publico-no-solar-do-barao-em-final-de-tarde-gelado-no-centro","status":"publish","type":"post","link":"https:\/\/tvtecjundiai.com.br\/news\/2022\/08\/20\/sexta-no-museu-esquenta-o-publico-no-solar-do-barao-em-final-de-tarde-gelado-no-centro\/","title":{"rendered":"\u2018Sexta no Museu\u2019 esquenta o p\u00fablico no Solar do Bar\u00e3o em final de tarde gelado no Centro"},"content":{"rendered":"\n<p>Em mais uma edi\u00e7\u00e3o na Sala Jahyr Accioly de Souza do Museu Hist\u00f3rico Solar do Bar\u00e3o, a \u201cSexta no Museu\u201d, al\u00e9m da tradicional programa\u00e7\u00e3o musical gratuita e diversificada, trouxe para o fim de tarde desta sexta-feira (19) um ref\u00fagio contra o frio e o vento para dezenas de pessoas que passaram pelo Centro.<\/p>\n\n\n\n<p>A programa\u00e7\u00e3o trouxe, na abertura, o primeiro show ac\u00fastico da cantora e compositora Ana D\u2019Abreu, que apresentou repert\u00f3rio nacional e internacional, al\u00e9m de composi\u00e7\u00f5es autorais. Na sequ\u00eancia, foi a vez do duo paulistano Olam Ein Sof, que trouxe para Jundia\u00ed o resultado de suas pesquisas sobre cantigas de reis trovadores e m\u00fasica medieval francesa. J\u00e1 o encerramento ficou a cargo do show \u201cThis is Shelly Simon\u201d, em que a cantora, acompanhada do trio ac\u00fastico composto por Thiago Louren\u00e7o, Pedro Ivo e Samuka Pisse, apresentou um passeio pelos ritmos de sucessos nacionais e estrangeiros.<\/p>\n\n\n\n<figure class=\"wp-block-image\"><img decoding=\"async\" src=\"https:\/\/jundiai.sp.gov.br\/noticias\/wp-content\/uploads\/sites\/32\/2022\/08\/sexta-no-museu_fm_-38.jpg\" alt=\"\" class=\"wp-image-299648\" \/><figcaption>Programa\u00e7\u00e3o da noite trouxe o show ac\u00fastico de Ana D\u2019Abreu (esquerda) e, na sequ\u00eancia, o duo Olam Ein Sof (direita) e Shelly Simon e Trio<\/figcaption><\/figure>\n\n\n\n<p>\u201cA realiza\u00e7\u00e3o da \u2018Sexta no Museu\u2019 vem ao encontro da proposta da Unidade de Gest\u00e3o de Cultura (UGC) de ocupar os diversos pontos da cidade, incluindo o Centro, com programa\u00e7\u00e3o cultural de qualidade e \u00e9 realizada sempre que n\u00e3o est\u00e3o em andamentos outros grandes festivais propostos pela Unidade. A ideia \u00e9, por meio da contrata\u00e7\u00e3o de artistas atrav\u00e9s dos nossos editais, como o CulturaMais e o Cultura Negra, contratar esses artistas para a realiza\u00e7\u00e3o desses shows neste ambiente do Museu que prop\u00f5e uma experi\u00eancia bastante intimista com o p\u00fablico. Especialmente hoje, numa edi\u00e7\u00e3o que veio at\u00e9 mesmo para aquecer os cora\u00e7\u00f5es\u201d, comentou o diretor do Departamento de Cultura da UGC, Jo\u00e3o Carlos De Luca.<\/p>\n\n\n\n<p>Os amigos Lucas da Silva, de 22 anos, e Talissa Silva, de 19, comp\u00f5em a equipe do programa municipal \u201cPosso Ajudar?\u201d da UBS Hortol\u00e2ndia e, em passeio pelo Centro para fazer compras em um sebo, escutaram a m\u00fasica que vinha do Museu e decidiram entrar para conferir. \u201cE que bom que entramos. Ela (Ana D\u2019Abreu) cantou minha can\u00e7\u00e3o favorita da Elis Regina, \u2018Como nossos pais\u2019\u201d, comentou o jovem, que mora no Retiro.<\/p>\n\n\n\n<p>A decis\u00e3o tamb\u00e9m foi aprovada por Talissa. \u201cQuero procurar a artista nas redes sociais e conhecer mais sobre suas obras autorais\u201d, comentou a jovem, que reside em V\u00e1rzea Paulista.<\/p>\n\n\n\n<figure class=\"wp-block-image\"><img decoding=\"async\" src=\"https:\/\/jundiai.sp.gov.br\/noticias\/wp-content\/uploads\/sites\/32\/2022\/08\/sexta-no-museu_fm_-43.jpg\" alt=\"\" class=\"wp-image-299649\" \/><figcaption>Al\u00e9m das compras no sebo, Lucas e Talissa aproveitaram a ida ao Centro para prestigiar os shows no Solar<\/figcaption><\/figure>\n","protected":false},"excerpt":{"rendered":"<p>Em mais uma edi\u00e7\u00e3o na Sala Jahyr Accioly de Souza do Museu Hist\u00f3rico Solar do Bar\u00e3o, a \u201cSexta no Museu\u201d, al\u00e9m da tradicional programa\u00e7\u00e3o musical gratuita e diversificada, trouxe para o fim de tarde desta sexta-feira (19) um ref\u00fagio contra o frio e o vento para dezenas de pessoas que passaram pelo Centro.<\/p>\n","protected":false},"author":19,"featured_media":97376,"comment_status":"closed","ping_status":"0","sticky":false,"template":"","format":"standard","meta":{"footnotes":""},"categories":[2833,1],"tags":[],"class_list":["post-97375","post","type-post","status-publish","format-standard","has-post-thumbnail","hentry","category-cultura","category-noticias"],"_links":{"self":[{"href":"https:\/\/tvtecjundiai.com.br\/news\/wp-json\/wp\/v2\/posts\/97375","targetHints":{"allow":["GET"]}}],"collection":[{"href":"https:\/\/tvtecjundiai.com.br\/news\/wp-json\/wp\/v2\/posts"}],"about":[{"href":"https:\/\/tvtecjundiai.com.br\/news\/wp-json\/wp\/v2\/types\/post"}],"author":[{"embeddable":true,"href":"https:\/\/tvtecjundiai.com.br\/news\/wp-json\/wp\/v2\/users\/19"}],"replies":[{"embeddable":true,"href":"https:\/\/tvtecjundiai.com.br\/news\/wp-json\/wp\/v2\/comments?post=97375"}],"version-history":[{"count":1,"href":"https:\/\/tvtecjundiai.com.br\/news\/wp-json\/wp\/v2\/posts\/97375\/revisions"}],"predecessor-version":[{"id":97377,"href":"https:\/\/tvtecjundiai.com.br\/news\/wp-json\/wp\/v2\/posts\/97375\/revisions\/97377"}],"wp:featuredmedia":[{"embeddable":true,"href":"https:\/\/tvtecjundiai.com.br\/news\/wp-json\/wp\/v2\/media\/97376"}],"wp:attachment":[{"href":"https:\/\/tvtecjundiai.com.br\/news\/wp-json\/wp\/v2\/media?parent=97375"}],"wp:term":[{"taxonomy":"category","embeddable":true,"href":"https:\/\/tvtecjundiai.com.br\/news\/wp-json\/wp\/v2\/categories?post=97375"},{"taxonomy":"post_tag","embeddable":true,"href":"https:\/\/tvtecjundiai.com.br\/news\/wp-json\/wp\/v2\/tags?post=97375"}],"curies":[{"name":"wp","href":"https:\/\/api.w.org\/{rel}","templated":true}]}}