{"id":97400,"date":"2022-08-24T09:00:00","date_gmt":"2022-08-24T12:00:00","guid":{"rendered":"https:\/\/tvtecjundiai.com.br\/news\/?p=97400"},"modified":"2022-08-24T10:09:50","modified_gmt":"2022-08-24T13:09:50","slug":"dia-da-infancia-veja-o-que-fazer-em-jundiai-cidade-das-criancas","status":"publish","type":"post","link":"https:\/\/tvtecjundiai.com.br\/news\/2022\/08\/24\/dia-da-infancia-veja-o-que-fazer-em-jundiai-cidade-das-criancas\/","title":{"rendered":"Dia da Inf\u00e2ncia: veja o que fazer em Jundia\u00ed, Cidade das Crian\u00e7as"},"content":{"rendered":"\n<p><strong>O Dia da Inf\u00e2ncia, celebrado em 24 de agosto no Brasil,<\/strong> serve para conscientizar a import\u00e2ncia de a\u00e7\u00f5es, espa\u00e7os e atividades voltadas para o desenvolvimento das crian\u00e7as e adolescentes. Em Jundia\u00ed, conhecida como <strong>Cidade das Crian\u00e7as<\/strong>, as iniciativas s\u00e3o muitas para a primeira inf\u00e2ncia. Veja o que fazer e onde se divertir com os pequenos na cidade:<\/p>\n\n\n\n<p><strong>Cine em Cena &#8211; Complexo Fepasa<\/strong><\/p>\n\n\n\n<p>Com passagem tempor\u00e1ria em Jundia\u00ed at\u00e9 25 de agosto, o projeto Cine em Cena consiste em um cinema itinerante gratuito que circula pelo Brasil, parecido com um cinema convencional. A participa\u00e7\u00e3o \u00e9 garantida por ordem de chegada, no Complexo Fepasa. Veja filmes e hor\u00e1rios:<\/p>\n\n\n<div class=\"wp-block-image\">\n<figure class=\"aligncenter size-full is-resized\"><img loading=\"lazy\" decoding=\"async\" src=\"https:\/\/tvtecjundiai.com.br\/news\/wp-content\/uploads\/sites\/2\/2022\/08\/cinecena-1.jpg\" alt=\"\" class=\"wp-image-97321\" width=\"653\" height=\"435\" srcset=\"https:\/\/tvtecjundiai.com.br\/news\/wp-content\/uploads\/sites\/2\/2022\/08\/cinecena-1.jpg 1024w, https:\/\/tvtecjundiai.com.br\/news\/wp-content\/uploads\/sites\/2\/2022\/08\/cinecena-1-300x200.jpg 300w, https:\/\/tvtecjundiai.com.br\/news\/wp-content\/uploads\/sites\/2\/2022\/08\/cinecena-1-768x512.jpg 768w\" sizes=\"auto, (max-width: 653px) 100vw, 653px\" \/><figcaption>Foto: Divulga\u00e7\u00e3o\/Cine em Cena Brasil<\/figcaption><\/figure>\n<\/div>\n\n\n<p><strong>24\/08 \u2013 Quarta<\/strong><\/p>\n\n\n\n<ul class=\"wp-block-list\"><li>8h \u2013 Hist\u00f3ria antes de uma Hist\u00f3ria (Livre)<\/li><li>9h30 \u2013 Raya e o \u00faltimo Drag\u00e3o (Livre)<\/li><li>13h \u2013 Hist\u00f3ria antes de uma Hist\u00f3ria (Livre)<\/li><li>14h30 \u2013 Homem Aranha \u2013 Sem volta para casa (12 anos)<\/li><\/ul>\n\n\n\n<p><strong>25\/08 \u2013 Quinta<\/strong><\/p>\n\n\n\n<ul class=\"wp-block-list\"><li>7h30 \u2013 Homem Aranha \u2013 Sem volta para casa (12 anos) \u2013 Dura\u00e7\u00e3o: 2h30min<\/li><li>10h15 \u2013 Hist\u00f3ria antes de uma Hist\u00f3ria (Livre) \u2013 1h20min<\/li><li>13h30 \u2013 Raya e o \u00faltimo Drag\u00e3o (Livre) \u2013 1h47min<\/li><li>16h \u2013 Um Crime entre n\u00f3s \u2013 Document\u00e1rio (14 anos) \u2013 Dura\u00e7\u00e3o: 59min<\/li><\/ul>\n\n\n\n<p><strong>Mundo das Crian\u00e7as<\/strong><\/p>\n\n\n\n<p>O Mundo das Crian\u00e7as&nbsp;\u00e9 a extens\u00e3o da \u00e1rea de preserva\u00e7\u00e3o da represa&nbsp;da DAE, que administra o parque. Nele, as crian\u00e7as podem brincar nas paredes de escalada, casa na \u00e1rvore, foguete, parquinho com pista de skate e fontes com jatos de \u00e1gua. Localizado na rodovia Jo\u00e3o Cereser, Pista Sul \u2013 Km 64+400, Pinheirinhos, o espa\u00e7o funciona de ter\u00e7a a domingo, das 7h \u00e0s 17h.<\/p>\n\n\n<div class=\"wp-block-image\">\n<figure class=\"aligncenter size-full is-resized\"><img loading=\"lazy\" decoding=\"async\" src=\"https:\/\/tvtecjundiai.com.br\/news\/wp-content\/uploads\/sites\/2\/2022\/08\/mundo-das-criancas-sp-edited.jpg\" alt=\"\" class=\"wp-image-97407\" width=\"666\" height=\"443\" srcset=\"https:\/\/tvtecjundiai.com.br\/news\/wp-content\/uploads\/sites\/2\/2022\/08\/mundo-das-criancas-sp-edited.jpg 900w, https:\/\/tvtecjundiai.com.br\/news\/wp-content\/uploads\/sites\/2\/2022\/08\/mundo-das-criancas-sp-edited-300x200.jpg 300w, https:\/\/tvtecjundiai.com.br\/news\/wp-content\/uploads\/sites\/2\/2022\/08\/mundo-das-criancas-sp-edited-768x511.jpg 768w\" sizes=\"auto, (max-width: 666px) 100vw, 666px\" \/><figcaption>Foto: Prefeitura de Jundia\u00ed<\/figcaption><\/figure>\n<\/div>\n\n\n<p><strong>Parque da Cidade<\/strong><\/p>\n\n\n\n<p>Tamb\u00e9m administrado pela DAE Jundia\u00ed e localizado na rodovia Jo\u00e3o Cereser, Km 66 &#8211; Pinheirinhos, o Parque da Cidade j\u00e1 tem mais de 18 anos. Possui espa\u00e7o verde urbano para descansar e fazer piqueniques, al\u00e9m quadras de v\u00f4lei e futebol, pista de corrida e ciclismo \u00e0 beira-rio e um jardim japon\u00eas. O espa\u00e7o funciona de segunda a sexta, das 6h30 \u00e0s 19h, e aos s\u00e1bados e domingos, das 6h30 \u00e0s 18h.<\/p>\n\n\n<div class=\"wp-block-image\">\n<figure class=\"aligncenter size-large is-resized\"><img loading=\"lazy\" decoding=\"async\" src=\"https:\/\/tvtecjundiai.com.br\/news\/wp-content\/uploads\/sites\/2\/2022\/08\/parque-da-cidade_trilhas-das-aguas-1200x800.jpg\" alt=\"\" class=\"wp-image-97408\" width=\"687\" height=\"458\" srcset=\"https:\/\/tvtecjundiai.com.br\/news\/wp-content\/uploads\/sites\/2\/2022\/08\/parque-da-cidade_trilhas-das-aguas-1200x800.jpg 1200w, https:\/\/tvtecjundiai.com.br\/news\/wp-content\/uploads\/sites\/2\/2022\/08\/parque-da-cidade_trilhas-das-aguas-300x200.jpg 300w, https:\/\/tvtecjundiai.com.br\/news\/wp-content\/uploads\/sites\/2\/2022\/08\/parque-da-cidade_trilhas-das-aguas-768x512.jpg 768w, https:\/\/tvtecjundiai.com.br\/news\/wp-content\/uploads\/sites\/2\/2022\/08\/parque-da-cidade_trilhas-das-aguas.jpg 1280w\" sizes=\"auto, (max-width: 687px) 100vw, 687px\" \/><figcaption>Foto: Prefeitura de Jundia\u00ed<\/figcaption><\/figure>\n<\/div>\n\n\n<p><strong>F\u00e1brica das Inf\u00e2ncias Japy<\/strong><\/p>\n\n\n\n<p>Em sete meses de funcionamento, a F\u00e1brica das Inf\u00e2ncias j\u00e1 recebeu oito mil crian\u00e7as e mais de 80 oficinas e 50 apresenta\u00e7\u00f5es culturais. Localizado na rua Lacerda Franco, 175, Vila Arens, e Sede do Comit\u00ea das Crian\u00e7as, o espa\u00e7o tem 1,2 mil m\u00b2 de \u00e1rea constru\u00edda e outros 2,4 mil m\u00b2 de \u00e1rea verde. A F\u00e1brica conta com novo mobili\u00e1rio c\u00eanico, baseado no conceito de Rios Flutuantes. O hor\u00e1rio de funcionamento \u00e9 de ter\u00e7a a sexta-feira, das 9h \u00e0s 17h; e aos s\u00e1bados, domingos e feriados, das 9h \u00e0s 13h.<\/p>\n\n\n<div class=\"wp-block-image\">\n<figure class=\"aligncenter size-large is-resized\"><img loading=\"lazy\" decoding=\"async\" src=\"https:\/\/tvtecjundiai.com.br\/news\/wp-content\/uploads\/sites\/2\/2022\/08\/Instagrimm_Fabrica_das_Infancias_Japy-379-1200x800.jpg\" alt=\"\" class=\"wp-image-97413\" width=\"696\" height=\"464\" srcset=\"https:\/\/tvtecjundiai.com.br\/news\/wp-content\/uploads\/sites\/2\/2022\/08\/Instagrimm_Fabrica_das_Infancias_Japy-379-1200x800.jpg 1200w, https:\/\/tvtecjundiai.com.br\/news\/wp-content\/uploads\/sites\/2\/2022\/08\/Instagrimm_Fabrica_das_Infancias_Japy-379-300x200.jpg 300w, https:\/\/tvtecjundiai.com.br\/news\/wp-content\/uploads\/sites\/2\/2022\/08\/Instagrimm_Fabrica_das_Infancias_Japy-379-768x512.jpg 768w, https:\/\/tvtecjundiai.com.br\/news\/wp-content\/uploads\/sites\/2\/2022\/08\/Instagrimm_Fabrica_das_Infancias_Japy-379.jpg 1280w\" sizes=\"auto, (max-width: 696px) 100vw, 696px\" \/><figcaption>Foto: Prefeitura de Jundia\u00ed<\/figcaption><\/figure>\n<\/div>\n\n\n<p><strong>Teatro Polythema &#8211; Programa\u00e7\u00e3o para as crian\u00e7as<\/strong><\/p>\n\n\n\n<p>Um dos principais patrim\u00f4nios hist\u00f3ricos, culturais e arquitet\u00f4nicos de Jundia\u00ed, o Teatro Polytheama tem pe\u00e7as teatrais para as crian\u00e7as nos pr\u00f3ximos dias. Confira a programa\u00e7\u00e3o:<\/p>\n\n\n\n<p><strong>&#8220;O M\u00e1gico de Oz&#8221; &#8211; 24 de agosto<\/strong><\/p>\n\n\n\n<ul class=\"wp-block-list\"><li>Das 10h \u00e0s 11h05 e das 14h30 \u00e0s 15h35<\/li><li>Plateia e frisa: R$ 50<\/li><\/ul>\n\n\n\n<p><strong>&#8220;Cinderela&#8221; &#8211; 31 de agosto<\/strong><\/p>\n\n\n\n<ul class=\"wp-block-list\"><li>Das 10h \u00e0s 10h50 e das 14h30 \u00e0s 15h25<\/li><li>Plateia e frisa: R$ 40<\/li><\/ul>\n\n\n<div class=\"wp-block-image\">\n<figure class=\"aligncenter size-large is-resized\"><img loading=\"lazy\" decoding=\"async\" src=\"https:\/\/tvtecjundiai.com.br\/news\/wp-content\/uploads\/sites\/2\/2022\/08\/peca-3-porquinhos-teatro-polytheama_c_-9-1200x800.jpg\" alt=\"\" class=\"wp-image-97457\" width=\"711\" height=\"474\" srcset=\"https:\/\/tvtecjundiai.com.br\/news\/wp-content\/uploads\/sites\/2\/2022\/08\/peca-3-porquinhos-teatro-polytheama_c_-9-1200x800.jpg 1200w, https:\/\/tvtecjundiai.com.br\/news\/wp-content\/uploads\/sites\/2\/2022\/08\/peca-3-porquinhos-teatro-polytheama_c_-9-300x200.jpg 300w, https:\/\/tvtecjundiai.com.br\/news\/wp-content\/uploads\/sites\/2\/2022\/08\/peca-3-porquinhos-teatro-polytheama_c_-9-768x512.jpg 768w, https:\/\/tvtecjundiai.com.br\/news\/wp-content\/uploads\/sites\/2\/2022\/08\/peca-3-porquinhos-teatro-polytheama_c_-9.jpg 1280w\" sizes=\"auto, (max-width: 711px) 100vw, 711px\" \/><figcaption>Foto: Prefeitura de Jundia\u00ed<\/figcaption><\/figure>\n<\/div>\n\n\n<p><strong>Pracinha da Cultura do Vista Alegre<\/strong><\/p>\n\n\n\n<p>A Pracinha da Cultura do Vista Alegre \u2013 antigo Centro de Artes e Esportes Unificados (CEU) \u2013 abriga atividades culturais, esportivas, educacionais e servi\u00e7os socioassistenciais. O espa\u00e7o tem um audit\u00f3rio com capacidade para 60 pessoas, biblioteca, Espa\u00e7o Acessa Jundia\u00ed com computadores e internet, pista de skate, quadra de futsal coberta, parque infantil e \u00e1rea para a pr\u00e1tica de esportes e caminhada. O hor\u00e1rio de funcionamento \u00e9 de segunda a sexta-feira, das 8h \u00e0s 17h.<\/p>\n\n\n<div class=\"wp-block-image\">\n<figure class=\"aligncenter size-large is-resized\"><img loading=\"lazy\" decoding=\"async\" src=\"https:\/\/tvtecjundiai.com.br\/news\/wp-content\/uploads\/sites\/2\/2022\/08\/panorama_ceu_das_artes-1200x623.jpg\" alt=\"\" class=\"wp-image-97464\" width=\"713\" height=\"370\" srcset=\"https:\/\/tvtecjundiai.com.br\/news\/wp-content\/uploads\/sites\/2\/2022\/08\/panorama_ceu_das_artes-1200x623.jpg 1200w, https:\/\/tvtecjundiai.com.br\/news\/wp-content\/uploads\/sites\/2\/2022\/08\/panorama_ceu_das_artes-300x156.jpg 300w, https:\/\/tvtecjundiai.com.br\/news\/wp-content\/uploads\/sites\/2\/2022\/08\/panorama_ceu_das_artes-768x399.jpg 768w, https:\/\/tvtecjundiai.com.br\/news\/wp-content\/uploads\/sites\/2\/2022\/08\/panorama_ceu_das_artes.jpg 1280w\" sizes=\"auto, (max-width: 713px) 100vw, 713px\" \/><\/figure>\n<\/div>\n\n\n<p><strong>Parques em diferentes bairros<\/strong><\/p>\n\n\n\n<p>Al\u00e9m do Mundo das Crian\u00e7as e do Parque da Cidade, Jundia\u00ed tem muitos outros parques para divertir as crian\u00e7as. Eles oferecem tipos de lazer diferentes, como pistas de caminhada e ciclismo, quiosques, playgrounds, quadras poliesportivas, \u00e1reas de descanso e muito mais. A lista \u00e9 grande: Parque Bot\u00e2nico Eloy Chaves, Parque Bot\u00e2nico Tulipas, Parque do Engordadouro, Parque do Jardim do Lago, Parque Ecol\u00f3gico Morada das Vinhas, Parque do Trabalhador &#8211; Corrupira e Bosque do Jardim Copacabana. Os parques funcionam diariamente, das 6h \u00e0s 17h.<\/p>\n\n\n<div class=\"wp-block-image\">\n<figure class=\"aligncenter size-full is-resized\"><img loading=\"lazy\" decoding=\"async\" src=\"https:\/\/tvtecjundiai.com.br\/news\/wp-content\/uploads\/sites\/2\/2022\/08\/parque_engordadouro_P36g.jpg\" alt=\"\" class=\"wp-image-97478\" width=\"712\" height=\"482\" srcset=\"https:\/\/tvtecjundiai.com.br\/news\/wp-content\/uploads\/sites\/2\/2022\/08\/parque_engordadouro_P36g.jpg 680w, https:\/\/tvtecjundiai.com.br\/news\/wp-content\/uploads\/sites\/2\/2022\/08\/parque_engordadouro_P36g-300x203.jpg 300w\" sizes=\"auto, (max-width: 712px) 100vw, 712px\" \/><figcaption>Parque do Engordadouro\/Foto: Prefeitura de Jundia\u00ed<\/figcaption><\/figure>\n<\/div>\n\n\n<p><strong>Pra\u00e7as Fam\u00edlia &amp; Espa\u00e7o Pet<\/strong> <strong>em diferentes bairros<\/strong><\/p>\n\n\n\n<p>As Pra\u00e7as Fam\u00edlia Jundia\u00ed &amp; Espa\u00e7o Pet de Jundia\u00ed s\u00e3o dedicadas a receber toda a fam\u00edlia e com espa\u00e7o pet friendly para os animais de estima\u00e7\u00e3o. Os espa\u00e7os contam com estacionamento, bebedouros para pessoas e para animais, piso emborrachado, playground com brinquedos em madeira para as crian\u00e7as, \u00e1rea para brincadeiras infantis e \u00e1rea com espa\u00e7o agility para os c\u00e3es. Ao todo, s\u00e3o cinco espalhadas pela cidade, nos bairros Ponte S\u00e3o Jo\u00e3o, Jardim Merci, Col\u00f4nia, Cidade Jardim e na avenida 9 de Julho.<\/p>\n\n\n<div class=\"wp-block-image\">\n<figure class=\"aligncenter size-large is-resized\"><img loading=\"lazy\" decoding=\"async\" src=\"https:\/\/tvtecjundiai.com.br\/news\/wp-content\/uploads\/sites\/2\/2022\/08\/pracas_pet_familia-326-1200x800.jpg\" alt=\"\" class=\"wp-image-97477\" width=\"718\" height=\"478\" srcset=\"https:\/\/tvtecjundiai.com.br\/news\/wp-content\/uploads\/sites\/2\/2022\/08\/pracas_pet_familia-326-1200x800.jpg 1200w, https:\/\/tvtecjundiai.com.br\/news\/wp-content\/uploads\/sites\/2\/2022\/08\/pracas_pet_familia-326-300x200.jpg 300w, https:\/\/tvtecjundiai.com.br\/news\/wp-content\/uploads\/sites\/2\/2022\/08\/pracas_pet_familia-326-768x512.jpg 768w, https:\/\/tvtecjundiai.com.br\/news\/wp-content\/uploads\/sites\/2\/2022\/08\/pracas_pet_familia-326.jpg 1280w\" sizes=\"auto, (max-width: 718px) 100vw, 718px\" \/><figcaption>Pra\u00e7a Fam\u00edlia &amp; Espa\u00e7o Pet Cidade Jardim\/Foto: Prefeitura de Jundia\u00ed<\/figcaption><\/figure>\n<\/div>\n\n\n<p><em><strong>(Fonte: TVTEC Jundia\u00ed\/Imagem: Divulga\u00e7\u00e3o e Prefeitura de Jundia\u00ed)<\/strong><\/em><\/p>\n","protected":false},"excerpt":{"rendered":"<p>Cidade oferece diferentes espa\u00e7os e atividades para a crian\u00e7ada se divertir<\/p>\n","protected":false},"author":30,"featured_media":97407,"comment_status":"closed","ping_status":"0","sticky":false,"template":"","format":"standard","meta":{"footnotes":""},"categories":[2833,29,8356,8354,1],"tags":[],"class_list":["post-97400","post","type-post","status-publish","format-standard","has-post-thumbnail","hentry","category-cultura","category-destaque","category-jundiai","category-lazer","category-noticias"],"_links":{"self":[{"href":"https:\/\/tvtecjundiai.com.br\/news\/wp-json\/wp\/v2\/posts\/97400","targetHints":{"allow":["GET"]}}],"collection":[{"href":"https:\/\/tvtecjundiai.com.br\/news\/wp-json\/wp\/v2\/posts"}],"about":[{"href":"https:\/\/tvtecjundiai.com.br\/news\/wp-json\/wp\/v2\/types\/post"}],"author":[{"embeddable":true,"href":"https:\/\/tvtecjundiai.com.br\/news\/wp-json\/wp\/v2\/users\/30"}],"replies":[{"embeddable":true,"href":"https:\/\/tvtecjundiai.com.br\/news\/wp-json\/wp\/v2\/comments?post=97400"}],"version-history":[{"count":11,"href":"https:\/\/tvtecjundiai.com.br\/news\/wp-json\/wp\/v2\/posts\/97400\/revisions"}],"predecessor-version":[{"id":97509,"href":"https:\/\/tvtecjundiai.com.br\/news\/wp-json\/wp\/v2\/posts\/97400\/revisions\/97509"}],"wp:featuredmedia":[{"embeddable":true,"href":"https:\/\/tvtecjundiai.com.br\/news\/wp-json\/wp\/v2\/media\/97407"}],"wp:attachment":[{"href":"https:\/\/tvtecjundiai.com.br\/news\/wp-json\/wp\/v2\/media?parent=97400"}],"wp:term":[{"taxonomy":"category","embeddable":true,"href":"https:\/\/tvtecjundiai.com.br\/news\/wp-json\/wp\/v2\/categories?post=97400"},{"taxonomy":"post_tag","embeddable":true,"href":"https:\/\/tvtecjundiai.com.br\/news\/wp-json\/wp\/v2\/tags?post=97400"}],"curies":[{"name":"wp","href":"https:\/\/api.w.org\/{rel}","templated":true}]}}