{"id":97403,"date":"2022-08-22T11:20:54","date_gmt":"2022-08-22T14:20:54","guid":{"rendered":"https:\/\/tvtecjundiai.com.br\/news\/?p=97403"},"modified":"2022-08-22T11:20:54","modified_gmt":"2022-08-22T14:20:54","slug":"guarda-municipal-de-jundiai-vence-a-16a-corrida-da-unimed","status":"publish","type":"post","link":"https:\/\/tvtecjundiai.com.br\/news\/2022\/08\/22\/guarda-municipal-de-jundiai-vence-a-16a-corrida-da-unimed\/","title":{"rendered":"Guarda municipal de Jundia\u00ed vence a 16\u00aa corrida da UNIMED"},"content":{"rendered":"\n<p>O guarda municipal Tiago Sampaio, de 40 anos, venceu no \u00faltimo domingo (21) a 16\u00aa Corrida da Unimed em Jundia\u00ed. A prova de 10 km aconteceu na avenida Uni\u00e3o dos Ferrovi\u00e1rios e contou com corrida e caminhada (adulto e infantil).<\/p>\n\n\n\n<p>Sampaio venceu a prova com o tempo de 33m08s. O GM, que j\u00e1 venceu diversas competi\u00e7\u00f5es, comenta que o frio e o vento prejudicaram seu desempenho na corrida. \u201cJ\u00e1 fiz tempos melhores, certamente o vento e o ar frio prejudicaram n\u00e3o s\u00f3 a mim, mas todos os competidores. Mesmo assim, estou feliz pela vit\u00f3ria\u201d, explica.<\/p>\n\n\n<div class=\"wp-block-image\">\n<figure class=\"aligncenter size-large is-resized\"><img loading=\"lazy\" decoding=\"async\" src=\"https:\/\/tvtecjundiai.com.br\/news\/wp-content\/uploads\/sites\/2\/2022\/08\/WhatsApp-Image-2022-08-22-at-07.44.46-972x960.jpeg\" alt=\"\" class=\"wp-image-97404\" width=\"613\" height=\"605\" srcset=\"https:\/\/tvtecjundiai.com.br\/news\/wp-content\/uploads\/sites\/2\/2022\/08\/WhatsApp-Image-2022-08-22-at-07.44.46-972x960.jpeg 972w, https:\/\/tvtecjundiai.com.br\/news\/wp-content\/uploads\/sites\/2\/2022\/08\/WhatsApp-Image-2022-08-22-at-07.44.46-300x296.jpeg 300w, https:\/\/tvtecjundiai.com.br\/news\/wp-content\/uploads\/sites\/2\/2022\/08\/WhatsApp-Image-2022-08-22-at-07.44.46-100x100.jpeg 100w, https:\/\/tvtecjundiai.com.br\/news\/wp-content\/uploads\/sites\/2\/2022\/08\/WhatsApp-Image-2022-08-22-at-07.44.46-768x759.jpeg 768w, https:\/\/tvtecjundiai.com.br\/news\/wp-content\/uploads\/sites\/2\/2022\/08\/WhatsApp-Image-2022-08-22-at-07.44.46.jpeg 1080w\" sizes=\"auto, (max-width: 613px) 100vw, 613px\" \/><\/figure>\n<\/div>\n\n\n<p>H\u00e1 seis anos na GM, o atleta que atua no patrulhamento comunit\u00e1rio da corpora\u00e7\u00e3o conta que j\u00e1 participou de cinco edi\u00e7\u00f5es da corrida de S\u00e3o Silvestre. \u201cEm 2013 consegui minha melhor coloca\u00e7\u00e3o, ficando em 55\u00ba lugar\u201d, disse ele, que tamb\u00e9m participou da Maratona de Curitiba e alcan\u00e7ou a 15\u00aa coloca\u00e7\u00e3o.<\/p>\n\n\n\n<p>Em meio aos plant\u00f5es, Tiago aproveita os hor\u00e1rios de folga para treinar e se manter em forma para as diversas provas que compete.<\/p>\n\n\n\n<p>As pr\u00f3ximas corridas em que o GM Sampaio ir\u00e1 participar j\u00e1 t\u00eam data marcada: dias 11 e 18 de setembro com as etapas do Circuito do Bem &#8211; Grendacc e a 5\u00aa Corrida do Cora\u00e7\u00e3o em Jundia\u00ed.<\/p>\n\n\n\n<p><strong><em>(Fonte\/Imagem: Guarda Municipal de Jundia\u00ed)<\/em><\/strong><\/p>\n","protected":false},"excerpt":{"rendered":"<p>Sampaio venceu a prova com o tempo de 33m08s, na avenida Uni\u00e3o dos Ferrovi\u00e1rios<\/p>\n","protected":false},"author":30,"featured_media":97404,"comment_status":"closed","ping_status":"0","sticky":false,"template":"","format":"standard","meta":{"footnotes":""},"categories":[2827,8356,1],"tags":[],"class_list":["post-97403","post","type-post","status-publish","format-standard","has-post-thumbnail","hentry","category-esportes-e-lazer","category-jundiai","category-noticias"],"_links":{"self":[{"href":"https:\/\/tvtecjundiai.com.br\/news\/wp-json\/wp\/v2\/posts\/97403","targetHints":{"allow":["GET"]}}],"collection":[{"href":"https:\/\/tvtecjundiai.com.br\/news\/wp-json\/wp\/v2\/posts"}],"about":[{"href":"https:\/\/tvtecjundiai.com.br\/news\/wp-json\/wp\/v2\/types\/post"}],"author":[{"embeddable":true,"href":"https:\/\/tvtecjundiai.com.br\/news\/wp-json\/wp\/v2\/users\/30"}],"replies":[{"embeddable":true,"href":"https:\/\/tvtecjundiai.com.br\/news\/wp-json\/wp\/v2\/comments?post=97403"}],"version-history":[{"count":1,"href":"https:\/\/tvtecjundiai.com.br\/news\/wp-json\/wp\/v2\/posts\/97403\/revisions"}],"predecessor-version":[{"id":97405,"href":"https:\/\/tvtecjundiai.com.br\/news\/wp-json\/wp\/v2\/posts\/97403\/revisions\/97405"}],"wp:featuredmedia":[{"embeddable":true,"href":"https:\/\/tvtecjundiai.com.br\/news\/wp-json\/wp\/v2\/media\/97404"}],"wp:attachment":[{"href":"https:\/\/tvtecjundiai.com.br\/news\/wp-json\/wp\/v2\/media?parent=97403"}],"wp:term":[{"taxonomy":"category","embeddable":true,"href":"https:\/\/tvtecjundiai.com.br\/news\/wp-json\/wp\/v2\/categories?post=97403"},{"taxonomy":"post_tag","embeddable":true,"href":"https:\/\/tvtecjundiai.com.br\/news\/wp-json\/wp\/v2\/tags?post=97403"}],"curies":[{"name":"wp","href":"https:\/\/api.w.org\/{rel}","templated":true}]}}