{"id":97562,"date":"2022-08-25T09:01:43","date_gmt":"2022-08-25T12:01:43","guid":{"rendered":"https:\/\/tvtecjundiai.com.br\/news\/?p=97562"},"modified":"2022-08-25T11:09:31","modified_gmt":"2022-08-25T14:09:31","slug":"jundiai-cidade-das-criancas-debate-seguranca-no-transito-e-mobilidade-no-dia-da-infancia","status":"publish","type":"post","link":"https:\/\/tvtecjundiai.com.br\/news\/2022\/08\/25\/jundiai-cidade-das-criancas-debate-seguranca-no-transito-e-mobilidade-no-dia-da-infancia\/","title":{"rendered":"Cidade das Crian\u00e7as: Jundia\u00ed debate seguran\u00e7a no tr\u00e2nsito e mobilidade"},"content":{"rendered":"\n<p>No dia da Inf\u00e2ncia, comemorado nesta quarta-feira (24), a Prefeitura de Jundia\u00ed promoveu para equipe intersetorial de diversas Unidades de Gest\u00e3o uma forma\u00e7\u00e3o de sensibiliza\u00e7\u00e3o sobre \u201cVis\u00e3o Zero\u201d, conceito que busca reduzir a zero o n\u00famero de mortes no tr\u00e2nsito.<\/p>\n\n\n\n<p>O encontro, realizado no audit\u00f3rio do Pa\u00e7o Municipal, foi promovido pela Unidade de Gest\u00e3o de Mobilidade e Transporte (UGMT), e contou com as apresenta\u00e7\u00f5es de representantes da WRI Brasil, bra\u00e7o nacional do \u201cWorld Resources Institute\u201d, e da Iniciativa Bloomberg para Seguran\u00e7a Vi\u00e1ria Global.<\/p>\n\n\n\n<p>Tais organiza\u00e7\u00f5es s\u00e3o parcerias da Prefeitura desde o ano passado para a viabiliza\u00e7\u00e3o do conceito de Ruas Completas, que consiste na cria\u00e7\u00e3o de vias que contemplem confortavelmente todos os usu\u00e1rios, principalmente crian\u00e7as, idosos e pedestres em geral, incluindo tamb\u00e9m os meios de transporte e a vegeta\u00e7\u00e3o.<\/p>\n\n\n\n<p>\u201cJundia\u00ed \u00e9 a Cidade das Crian\u00e7as, pois aqui elas s\u00e3o prioridade nas pol\u00edticas p\u00fablicas e s\u00e3o escutadas com muito carinho e aten\u00e7\u00e3o. Um dos pedidos do documento que nosso primeiro Comit\u00ea das Crian\u00e7as me entregou, em dezembro de 2019, era com a seguran\u00e7a no tr\u00e2nsito, pois elas estavam preocupadas com a velocidade dos ve\u00edculos em frente \u00e0 escola em que estudavam. E esse tema tem sido tratado de modo intersetorial pela Prefeitura em iniciativas como esta, proposta para os t\u00e9cnicos dos servi\u00e7os ao longo desta semana\u201d, comentou o prefeito, Luiz Fernando Machado.<\/p>\n\n\n<div class=\"wp-block-image\">\n<figure class=\"aligncenter size-large\"><img loading=\"lazy\" decoding=\"async\" width=\"1200\" height=\"801\" src=\"https:\/\/tvtecjundiai.com.br\/news\/wp-content\/uploads\/sites\/2\/2022\/08\/escuta_emeb_ramiro_fabrica_japy-152-1200x801.jpg\" alt=\"\" class=\"wp-image-97563\" srcset=\"https:\/\/tvtecjundiai.com.br\/news\/wp-content\/uploads\/sites\/2\/2022\/08\/escuta_emeb_ramiro_fabrica_japy-152-1200x801.jpg 1200w, https:\/\/tvtecjundiai.com.br\/news\/wp-content\/uploads\/sites\/2\/2022\/08\/escuta_emeb_ramiro_fabrica_japy-152-300x200.jpg 300w, https:\/\/tvtecjundiai.com.br\/news\/wp-content\/uploads\/sites\/2\/2022\/08\/escuta_emeb_ramiro_fabrica_japy-152-768x512.jpg 768w, https:\/\/tvtecjundiai.com.br\/news\/wp-content\/uploads\/sites\/2\/2022\/08\/escuta_emeb_ramiro_fabrica_japy-152.jpg 1280w\" sizes=\"auto, (max-width: 1200px) 100vw, 1200px\" \/><figcaption>Proposta est\u00e1 alinhada com as redes das quais Jundia\u00ed faz parte, como a Latino-Americana de Cidade das Crian\u00e7as e Urban95<\/figcaption><\/figure>\n<\/div>\n\n\n<p>Segundo o gestor da UGMT, Aloysio Queiroz, propostas da sensibiliza\u00e7\u00e3o refor\u00e7am o que as equipes j\u00e1 realizam na pr\u00e1tica. \u201cEste treinamento tem o objetivo de formar multiplicadores com base em conceitos que, de certa forma, j\u00e1 fazem parte do dia a dia e das pr\u00e1ticas das equipes. Inspirados nos exemplos positivos de cidades como Oslo e Helsinque, Jundia\u00ed tamb\u00e9m trabalha para reduzir a zero os acidentes letais e, ainda que os acidentes de percurso, resultados de fatores diversos, que ningu\u00e9m pague com a vida\u201d.<\/p>\n\n\n\n<p>Para o gestor de Cultura, Marcelo Peroni, um dos interlocutores da Prefeitura para as pol\u00edticas p\u00fablicas voltadas para a Inf\u00e2ncia, o encontro est\u00e1 alinhado com as iniciativas internacionais \u00e0s quais Jundia\u00ed tem ades\u00e3o. \u201cUm dos temas mais refor\u00e7ados pelo professor Tonucci, idealizador da Rede de Cidades das Crian\u00e7as, \u00e9 o de devolver as cidades para crian\u00e7as. E isso s\u00f3 \u00e9 poss\u00edvel com a garantia de autonomia delas nas ruas, por meio da prioriza\u00e7\u00e3o dos pedestres. A proposta vai ao encontro tamb\u00e9m do conceito Urban95, outra rede de que Jundia\u00ed faz parte, que est\u00e1 preocupada com a cidade vivida e enxergada por uma crian\u00e7a de at\u00e9 95 cent\u00edmetros, altura m\u00e9dia m\u00e1xima de uma crian\u00e7a de at\u00e9 seis anos\u201d.<\/p>\n\n\n\n<p>As apresenta\u00e7\u00f5es ficaram a cargo de Diogo Lemos e Rafaella Basile, que s\u00e3o, respectivamente, coordenador e analista de Mobilidade e Ruas Seguras da Iniciativa Bloomberg, e Reynaldo Mello Neto, analista de Mobilidade Ativa da WRI Brasil. Al\u00e9m da apresenta\u00e7\u00e3o para as equipes, intercaladas para que n\u00e3o houvesse interrup\u00e7\u00e3o nos servi\u00e7os, o grupo tamb\u00e9m ir\u00e1 realizar, nesta quinta-feira (25), visitas a diversos pontos da cidade.<\/p>\n\n\n\n<p>Al\u00e9m dos servidores t\u00e9cnicos da UGMT, tamb\u00e9m participam das atividades servidores das Unidades de Gest\u00e3o de Planejamento Urbano e Meio Ambiente (UGPUMA) e de Infraestrutura e Servi\u00e7os P\u00fablico (UGISP).<\/p>\n\n\n<div class=\"wp-block-image\">\n<figure class=\"aligncenter size-large\"><img loading=\"lazy\" decoding=\"async\" width=\"1200\" height=\"800\" src=\"https:\/\/tvtecjundiai.com.br\/news\/wp-content\/uploads\/sites\/2\/2022\/08\/palestra-para-os-tecnicos-do-transito_fm_-7-1200x800.jpg\" alt=\"\" class=\"wp-image-97564\" srcset=\"https:\/\/tvtecjundiai.com.br\/news\/wp-content\/uploads\/sites\/2\/2022\/08\/palestra-para-os-tecnicos-do-transito_fm_-7-1200x800.jpg 1200w, https:\/\/tvtecjundiai.com.br\/news\/wp-content\/uploads\/sites\/2\/2022\/08\/palestra-para-os-tecnicos-do-transito_fm_-7-300x200.jpg 300w, https:\/\/tvtecjundiai.com.br\/news\/wp-content\/uploads\/sites\/2\/2022\/08\/palestra-para-os-tecnicos-do-transito_fm_-7-768x512.jpg 768w, https:\/\/tvtecjundiai.com.br\/news\/wp-content\/uploads\/sites\/2\/2022\/08\/palestra-para-os-tecnicos-do-transito_fm_-7.jpg 1280w\" sizes=\"auto, (max-width: 1200px) 100vw, 1200px\" \/><figcaption>Forma\u00e7\u00e3o com as equipes foi realizada ao longo desta quarta (24) e segue tamb\u00e9m com atividade de campo nesta quinta-feira (25)<\/figcaption><\/figure>\n<\/div>\n\n\n<p><em><strong>(Fonte\/Imagens: Prefeitura de Jundia\u00ed)<\/strong><\/em><\/p>\n","protected":false},"excerpt":{"rendered":"<p>Proposta est\u00e1 alinhada com as redes das quais a cidade faz parte, como a de Cidade das Crian\u00e7as e Urban95<\/p>\n","protected":false},"author":30,"featured_media":97563,"comment_status":"closed","ping_status":"0","sticky":false,"template":"","format":"standard","meta":{"footnotes":""},"categories":[8356,5697,1,6151],"tags":[],"class_list":["post-97562","post","type-post","status-publish","format-standard","has-post-thumbnail","hentry","category-jundiai","category-mobilidade-noticias","category-noticias","category-transito"],"_links":{"self":[{"href":"https:\/\/tvtecjundiai.com.br\/news\/wp-json\/wp\/v2\/posts\/97562","targetHints":{"allow":["GET"]}}],"collection":[{"href":"https:\/\/tvtecjundiai.com.br\/news\/wp-json\/wp\/v2\/posts"}],"about":[{"href":"https:\/\/tvtecjundiai.com.br\/news\/wp-json\/wp\/v2\/types\/post"}],"author":[{"embeddable":true,"href":"https:\/\/tvtecjundiai.com.br\/news\/wp-json\/wp\/v2\/users\/30"}],"replies":[{"embeddable":true,"href":"https:\/\/tvtecjundiai.com.br\/news\/wp-json\/wp\/v2\/comments?post=97562"}],"version-history":[{"count":3,"href":"https:\/\/tvtecjundiai.com.br\/news\/wp-json\/wp\/v2\/posts\/97562\/revisions"}],"predecessor-version":[{"id":97573,"href":"https:\/\/tvtecjundiai.com.br\/news\/wp-json\/wp\/v2\/posts\/97562\/revisions\/97573"}],"wp:featuredmedia":[{"embeddable":true,"href":"https:\/\/tvtecjundiai.com.br\/news\/wp-json\/wp\/v2\/media\/97563"}],"wp:attachment":[{"href":"https:\/\/tvtecjundiai.com.br\/news\/wp-json\/wp\/v2\/media?parent=97562"}],"wp:term":[{"taxonomy":"category","embeddable":true,"href":"https:\/\/tvtecjundiai.com.br\/news\/wp-json\/wp\/v2\/categories?post=97562"},{"taxonomy":"post_tag","embeddable":true,"href":"https:\/\/tvtecjundiai.com.br\/news\/wp-json\/wp\/v2\/tags?post=97562"}],"curies":[{"name":"wp","href":"https:\/\/api.w.org\/{rel}","templated":true}]}}