{"id":97590,"date":"2022-08-25T15:51:30","date_gmt":"2022-08-25T18:51:30","guid":{"rendered":"https:\/\/tvtecjundiai.com.br\/news\/?p=97590"},"modified":"2022-08-25T15:51:36","modified_gmt":"2022-08-25T18:51:36","slug":"prefeitura-de-jundiai-e-tvtec-vao-oferecer-mais-de-600-vagas-gratuitas-em-setembro","status":"publish","type":"post","link":"https:\/\/tvtecjundiai.com.br\/news\/2022\/08\/25\/prefeitura-de-jundiai-e-tvtec-vao-oferecer-mais-de-600-vagas-gratuitas-em-setembro\/","title":{"rendered":"Prefeitura de Jundia\u00ed e TVTEC v\u00e3o oferecer mais de 600 vagas gratuitas em setembro"},"content":{"rendered":"\n<p>O m\u00eas de setembro chega na FTVTEC com quatro semanas intensas de capacita\u00e7\u00f5es gratuitas, al\u00e9m do retorno das mentorias voltadas para marketing digital. A partir da pr\u00f3xima quarta-feira (31), a Prefeitura de Jundia\u00ed, por meio da Escola de Inova\u00e7\u00e3o, Coisas e Neg\u00f3cios, vai oferecer seus cursos voltados para os eixos da economia criativa, empreendedorismo, audiovisual e m\u00eddias sociais.<\/p>\n\n\n\n<p>\u201cNossa voca\u00e7\u00e3o \u00e9 oferecer oportunidades di\u00e1rias para empreendedores, influenciadores, entusiastas e profissionais que procuram uma recoloca\u00e7\u00e3o no mercado de trabalho. Por meio do conhecimento, a TVTEC Jundia\u00ed quer conectar pessoas a um futuro inovador que inclua todas as camadas da sociedade. N\u00e3o \u00e9 atoa que, por meio de nossas aulas virtuais, alcan\u00e7amos 22 estados brasileiros e 173 cidades\u201d, destaca a superintendente da funda\u00e7\u00e3o, M\u00f4nica Gropelo.<\/p>\n\n\n\n<p>A participa\u00e7\u00e3o \u00e9 aberta para p\u00fablico geral acima de 16 anos. A programa\u00e7\u00e3o est\u00e1 sujeita a altera\u00e7\u00e3o. Alunos que se inscreverem no <a href=\"https:\/\/tvtecjundiai.com.br\/inscricoes-cursos-jundiai\/\" data-type=\"URL\" data-id=\"https:\/\/tvtecjundiai.com.br\/inscricoes-cursos-jundiai\/\">site<\/a> e n\u00e3o justificarem suas faltas com 24 horas de anteced\u00eancia n\u00e3o poder\u00e3o participar dos cursos no prazo de 30 dias. Para mais detalhes, acompanhe a divulga\u00e7\u00e3o pelo <a href=\"https:\/\/www.facebook.com\/escoladeinovacaojundiai\">Facebook<\/a> e <a href=\"https:\/\/www.instagram.com\/escoladeinovacaojundiai\/\">Instagram<\/a>.<\/p>\n\n\n\n<figure class=\"wp-block-image size-large\"><img loading=\"lazy\" decoding=\"async\" width=\"1200\" height=\"900\" src=\"https:\/\/tvtecjundiai.com.br\/news\/wp-content\/uploads\/sites\/2\/2022\/08\/IMG_3369-1200x900.jpg\" alt=\"\" class=\"wp-image-97595\" srcset=\"https:\/\/tvtecjundiai.com.br\/news\/wp-content\/uploads\/sites\/2\/2022\/08\/IMG_3369-1200x900.jpg 1200w, https:\/\/tvtecjundiai.com.br\/news\/wp-content\/uploads\/sites\/2\/2022\/08\/IMG_3369-300x225.jpg 300w, https:\/\/tvtecjundiai.com.br\/news\/wp-content\/uploads\/sites\/2\/2022\/08\/IMG_3369-768x576.jpg 768w, https:\/\/tvtecjundiai.com.br\/news\/wp-content\/uploads\/sites\/2\/2022\/08\/IMG_3369.jpg 1280w\" sizes=\"auto, (max-width: 1200px) 100vw, 1200px\" \/><figcaption>Al\u00e9m do retorno das mentorias, o m\u00eas na Escola de Inova\u00e7\u00e3o, Coisas e Neg\u00f3cios vai contar com 24 cursos<\/figcaption><\/figure>\n\n\n\n<p>As primeiras inscri\u00e7\u00f5es come\u00e7am dia 31 de agosto, para os seguintes cursos: <em>Introdu\u00e7\u00e3o \u00e0 Inform\u00e1tica<\/em>, com Alan Meira; <em>Produza v\u00eddeos criativos<\/em>, com Leonardo Gonzaga; <em>Organiza\u00e7\u00e3o financeira<\/em>, com Nayara Santos; <em>Conte\u00fado criativo para m\u00eddias sociais<\/em>, com Mariana Munarolo; <em>Oficina de Tsuru<\/em>, com Fabi Pincinato; al\u00e9m da novidade <em>Desenvolvimento pessoal para empreender<\/em>, com Cibele Querino.<\/p>\n\n\n\n<p>Por conta do feriado de 07 de setembro acontecer em uma quarta-feira, as inscri\u00e7\u00f5es da segunda semana ser\u00e3o realizadas no dia 06 (ter\u00e7a-feira). Incluem a novidade <em>Live Shopping<\/em>, com Moniele Nogueira, e tamb\u00e9m os cursos: <em>Gest\u00e3o de tempo e produtividade<\/em>, com Bruno Lan\u00e7oni; <em>Roteiro para produ\u00e7\u00e3o de v\u00eddeo<\/em>, com Silvio Rom\u00e3o; <em>Planejamento para m\u00eddias sociais<\/em>, com Mariana Munarolo; <em>Fotografia de rua<\/em>, com Grace Sanches; <em>Aul\u00e3o de Reels<\/em>, com Anderson Muller; e <em>Planejamento fotogr\u00e1fico<\/em>, com Lucas Casale.<\/p>\n\n\n\n<p>J\u00e1 na terceira semana, as inscri\u00e7\u00f5es abrem normalmente na quarta-feira (14) com os cursos: <em>Google meu neg\u00f3cio<\/em>, com Mariana Munarolo; <em>Oficina de Tsuru<\/em>, com Fabi Pincinato; <em>Grava\u00e7\u00e3o de v\u00eddeo para seu neg\u00f3cio<\/em>, com Kalico Sprocatte; <em>Edi\u00e7\u00e3o de \u00e1udio para podcast<\/em>, tamb\u00e9m com o professor Kalico Sprocatte; e os in\u00e9ditos <em>Trade marketing<\/em>, com Suzi Gomes, e <em>Marketing de influ\u00eancia<\/em>, com Let\u00edcia Moreno.<\/p>\n\n\n\n<p>Para encerrar o m\u00eas, dia 21 ser\u00e3o ofertadas as \u00faltimas vagas do m\u00eas para: <em>Introdu\u00e7\u00e3o \u00e0 Inform\u00e1tica<\/em>, com Alan Meira; <em>Aprenda a falar em seus v\u00eddeos<\/em>, com Moniele Nogueira; <em>Crie um perfil atraente no LinkedIn<\/em>; com Mariana Munarolo; al\u00e9m das edi\u00e7\u00f5es especiais de <em>Lettering: fonte e escrita criativa<\/em>, com Mauro Taschetto, e <em>Fotografia e edi\u00e7\u00e3o de foto para evento<\/em>, com Lucas Casale, que contar\u00e3o com aulas pr\u00e1ticas diretamente do centen\u00e1rio Teatro Polytheama.<\/p>\n","protected":false},"excerpt":{"rendered":"<p>Al\u00e9m do retorno das mentorias, o m\u00eas na Escola de Inova\u00e7\u00e3o, Coisas e Neg\u00f3cios vai contar com 24 cursos<\/p>\n","protected":false},"author":17,"featured_media":97595,"comment_status":"closed","ping_status":"0","sticky":false,"template":"","format":"standard","meta":{"footnotes":""},"categories":[8356,1],"tags":[],"class_list":["post-97590","post","type-post","status-publish","format-standard","has-post-thumbnail","hentry","category-jundiai","category-noticias"],"_links":{"self":[{"href":"https:\/\/tvtecjundiai.com.br\/news\/wp-json\/wp\/v2\/posts\/97590","targetHints":{"allow":["GET"]}}],"collection":[{"href":"https:\/\/tvtecjundiai.com.br\/news\/wp-json\/wp\/v2\/posts"}],"about":[{"href":"https:\/\/tvtecjundiai.com.br\/news\/wp-json\/wp\/v2\/types\/post"}],"author":[{"embeddable":true,"href":"https:\/\/tvtecjundiai.com.br\/news\/wp-json\/wp\/v2\/users\/17"}],"replies":[{"embeddable":true,"href":"https:\/\/tvtecjundiai.com.br\/news\/wp-json\/wp\/v2\/comments?post=97590"}],"version-history":[{"count":1,"href":"https:\/\/tvtecjundiai.com.br\/news\/wp-json\/wp\/v2\/posts\/97590\/revisions"}],"predecessor-version":[{"id":97596,"href":"https:\/\/tvtecjundiai.com.br\/news\/wp-json\/wp\/v2\/posts\/97590\/revisions\/97596"}],"wp:featuredmedia":[{"embeddable":true,"href":"https:\/\/tvtecjundiai.com.br\/news\/wp-json\/wp\/v2\/media\/97595"}],"wp:attachment":[{"href":"https:\/\/tvtecjundiai.com.br\/news\/wp-json\/wp\/v2\/media?parent=97590"}],"wp:term":[{"taxonomy":"category","embeddable":true,"href":"https:\/\/tvtecjundiai.com.br\/news\/wp-json\/wp\/v2\/categories?post=97590"},{"taxonomy":"post_tag","embeddable":true,"href":"https:\/\/tvtecjundiai.com.br\/news\/wp-json\/wp\/v2\/tags?post=97590"}],"curies":[{"name":"wp","href":"https:\/\/api.w.org\/{rel}","templated":true}]}}