{"id":97591,"date":"2022-08-25T15:30:33","date_gmt":"2022-08-25T18:30:33","guid":{"rendered":"https:\/\/tvtecjundiai.com.br\/news\/?p=97591"},"modified":"2022-08-25T15:30:38","modified_gmt":"2022-08-25T18:30:38","slug":"dia-do-feirante-homenageia-quem-acorda-cedo-para-vender-produtos-frescos-e-de-qualidade","status":"publish","type":"post","link":"https:\/\/tvtecjundiai.com.br\/news\/2022\/08\/25\/dia-do-feirante-homenageia-quem-acorda-cedo-para-vender-produtos-frescos-e-de-qualidade\/","title":{"rendered":"Dia do Feirante homenageia quem acorda cedo para vender produtos frescos e de qualidade"},"content":{"rendered":"\n<p>Acordar cedo para buscar as mercadorias fresquinhas, organizar e abrir a banca na feira e continuar pelo resto do dia com o sorriso no rosto, vencendo muitas vezes o calor, a chuva e as adversidades que os dias trazem para sempre proporcionar o melhor atendimento poss\u00edvel. O feirante tem uma das profiss\u00f5es mais antigas e conhecidas e, neste dia 25 de agosto, \u00e9 comemorado o seu dia.<\/p>\n\n\n\n<p>Em Jundia\u00ed, muitas vezes o trabalho \u00e9 realizado em fam\u00edlia, como no caso de Leandro In\u00e1cio Pereira, que \u00e9 feirante juntamente com a esposa, Marina Fernandes dos Santos. \u201cTrabalho como feirante h\u00e1 mais de 13 anos, mas um ano e meio atr\u00e1s passei a ter a minha pr\u00f3pria barraca, de frutas, e trabalhar por conta pr\u00f3pria\u201d, comenta Leandro.<\/p>\n\n\n\n<figure class=\"wp-block-image size-large\"><img loading=\"lazy\" decoding=\"async\" width=\"1200\" height=\"800\" src=\"https:\/\/tvtecjundiai.com.br\/news\/wp-content\/uploads\/sites\/2\/2022\/08\/dia-do-feirante_fm_-3-1200x800.jpg\" alt=\"\" class=\"wp-image-97592\" srcset=\"https:\/\/tvtecjundiai.com.br\/news\/wp-content\/uploads\/sites\/2\/2022\/08\/dia-do-feirante_fm_-3-1200x800.jpg 1200w, https:\/\/tvtecjundiai.com.br\/news\/wp-content\/uploads\/sites\/2\/2022\/08\/dia-do-feirante_fm_-3-300x200.jpg 300w, https:\/\/tvtecjundiai.com.br\/news\/wp-content\/uploads\/sites\/2\/2022\/08\/dia-do-feirante_fm_-3-768x512.jpg 768w, https:\/\/tvtecjundiai.com.br\/news\/wp-content\/uploads\/sites\/2\/2022\/08\/dia-do-feirante_fm_-3.jpg 1280w\" sizes=\"auto, (max-width: 1200px) 100vw, 1200px\" \/><figcaption>Leandro In\u00e1cio est\u00e1 no ramo de feirante h\u00e1 13 anos<\/figcaption><\/figure>\n\n\n\n<p>O 25 de agosto marca o Dia do Feirante em alus\u00e3o \u00e0 data em que ocorreu a primeira feira livre moderna, em S\u00e3o Paulo, em 1941, a partir da regulamenta\u00e7\u00e3o dos antigos \u201cmercados francos\u201d em homenagem a todos os profissionais espalhados pelo Pa\u00eds. A pr\u00e1tica partiu dos produtores rurais, que n\u00e3o conheciam o destino de seus produtos e passaram a buscar um contato mais direto com os clientes.<\/p>\n\n\n\n<p>Hoje, o munic\u00edpio conta com 36 feiras, distribu\u00eddas em diversos pontos da cidade, al\u00e9m de um total de 310 cadastros de feirantes no departamento de Abastecimento. \u201cCom muito empenho e dedica\u00e7\u00e3o, o feirante faz parte da nossa hist\u00f3ria, trazendo produtos fresquinhos para a nossa mesa\u201d, comenta o Gestor de Agroneg\u00f3cio, Abastecimento e Turismo,Eduardo Alvarez. \u201cAl\u00e9m dos hortifrutis, nas feiras livres encontramos tamb\u00e9m uma variedade de produtos aliment\u00edcios, utilidades, roupas, beleza e outros que facilitam o dia a dia\u201d, afirma Georgea Carla Leite Casoti, diretora do Departamento de Abastecimento.<\/p>\n\n\n\n<p>As feiras livres s\u00e3o equipamentos de abastecimento cujo objetivo principal \u00e9 o escoamento da Safra por produtores do munic\u00edpio. Para solicitar um ponto em feira no Munic\u00edpio, basta enviar ao Departamento os documentos necess\u00e1rios para an\u00e1lise e a aprova\u00e7\u00e3o. Para demais d\u00favidas acesse o site:\u00a0<a href=\"https:\/\/abastecimento.jundiai.sp.gov.br\/\">abastecimento.jundiai.sp.gov.br<\/a>.<\/p>\n\n\n\n<figure class=\"wp-block-image size-large\"><img loading=\"lazy\" decoding=\"async\" width=\"1200\" height=\"800\" src=\"https:\/\/tvtecjundiai.com.br\/news\/wp-content\/uploads\/sites\/2\/2022\/08\/feirante-1200x800.jpg\" alt=\"\" class=\"wp-image-97593\" srcset=\"https:\/\/tvtecjundiai.com.br\/news\/wp-content\/uploads\/sites\/2\/2022\/08\/feirante-1200x800.jpg 1200w, https:\/\/tvtecjundiai.com.br\/news\/wp-content\/uploads\/sites\/2\/2022\/08\/feirante-300x200.jpg 300w, https:\/\/tvtecjundiai.com.br\/news\/wp-content\/uploads\/sites\/2\/2022\/08\/feirante-768x512.jpg 768w, https:\/\/tvtecjundiai.com.br\/news\/wp-content\/uploads\/sites\/2\/2022\/08\/feirante.jpg 1280w\" sizes=\"auto, (max-width: 1200px) 100vw, 1200px\" \/><\/figure>\n\n\n\n<p><em><strong>(Fonte\/Imagens: Prefeitura de Jundia\u00ed)<\/strong><\/em><\/p>\n","protected":false},"excerpt":{"rendered":"<p>Hoje, Jundia\u00ed conta com 36 feiras e 310 cadastros de feirantes no departamento de Abastecimento da Prefeitura.<\/p>\n","protected":false},"author":30,"featured_media":97593,"comment_status":"closed","ping_status":"0","sticky":false,"template":"","format":"standard","meta":{"footnotes":""},"categories":[2834,8356,1],"tags":[],"class_list":["post-97591","post","type-post","status-publish","format-standard","has-post-thumbnail","hentry","category-cidades","category-jundiai","category-noticias"],"_links":{"self":[{"href":"https:\/\/tvtecjundiai.com.br\/news\/wp-json\/wp\/v2\/posts\/97591","targetHints":{"allow":["GET"]}}],"collection":[{"href":"https:\/\/tvtecjundiai.com.br\/news\/wp-json\/wp\/v2\/posts"}],"about":[{"href":"https:\/\/tvtecjundiai.com.br\/news\/wp-json\/wp\/v2\/types\/post"}],"author":[{"embeddable":true,"href":"https:\/\/tvtecjundiai.com.br\/news\/wp-json\/wp\/v2\/users\/30"}],"replies":[{"embeddable":true,"href":"https:\/\/tvtecjundiai.com.br\/news\/wp-json\/wp\/v2\/comments?post=97591"}],"version-history":[{"count":1,"href":"https:\/\/tvtecjundiai.com.br\/news\/wp-json\/wp\/v2\/posts\/97591\/revisions"}],"predecessor-version":[{"id":97594,"href":"https:\/\/tvtecjundiai.com.br\/news\/wp-json\/wp\/v2\/posts\/97591\/revisions\/97594"}],"wp:featuredmedia":[{"embeddable":true,"href":"https:\/\/tvtecjundiai.com.br\/news\/wp-json\/wp\/v2\/media\/97593"}],"wp:attachment":[{"href":"https:\/\/tvtecjundiai.com.br\/news\/wp-json\/wp\/v2\/media?parent=97591"}],"wp:term":[{"taxonomy":"category","embeddable":true,"href":"https:\/\/tvtecjundiai.com.br\/news\/wp-json\/wp\/v2\/categories?post=97591"},{"taxonomy":"post_tag","embeddable":true,"href":"https:\/\/tvtecjundiai.com.br\/news\/wp-json\/wp\/v2\/tags?post=97591"}],"curies":[{"name":"wp","href":"https:\/\/api.w.org\/{rel}","templated":true}]}}