{"id":97658,"date":"2022-08-26T16:01:46","date_gmt":"2022-08-26T19:01:46","guid":{"rendered":"https:\/\/tvtecjundiai.com.br\/news\/?p=97658"},"modified":"2022-08-26T16:01:50","modified_gmt":"2022-08-26T19:01:50","slug":"cultura-vai-selecionar-arte-educadores-para-oficinas-culturais-gratuitas-na-cidade","status":"publish","type":"post","link":"https:\/\/tvtecjundiai.com.br\/news\/2022\/08\/26\/cultura-vai-selecionar-arte-educadores-para-oficinas-culturais-gratuitas-na-cidade\/","title":{"rendered":"Cultura vai selecionar Arte Educadores para oficinas culturais gratuitas na cidade"},"content":{"rendered":"\n<p>A partir de segunda-feira (29), a Prefeitura de Jundia\u00ed, por meio da Unidade de Gest\u00e3o de Cultura (UGC), abre as inscri\u00e7\u00f5es gratuitas para Arte Educadores interessados em participar do processo de sele\u00e7\u00e3o para a realiza\u00e7\u00e3o de oficinas culturais presenciais nos equipamentos sob sua administra\u00e7\u00e3o, a saber: Biblioteca Municipal Prof. Nelson Foot, Complexo Fepasa, F\u00e1brica das Inf\u00e2ncias Japy, Pracinha da Cultura do Vista Alegre, bem como em outros equipamentos p\u00fablicos, conforme necessidade da UGC.<\/p>\n\n\n\n<p>A proposta tem como objetivo selecionar para a fun\u00e7\u00e3o de Arte Educadores, profissionais que possuam condi\u00e7\u00f5es de desenvolver metodologias de car\u00e1ter de inicializa\u00e7\u00e3o para realizar Oficinas Culturais gratuitas para crian\u00e7as de at\u00e9 tr\u00eas anos a adultos acima de 65 anos, proporcionando desta forma o desenvolvimento s\u00f3cio-educativo-cultural dos participantes.<\/p>\n\n\n\n<figure class=\"wp-block-image\"><img decoding=\"async\" src=\"https:\/\/jundiai.sp.gov.br\/noticias\/wp-content\/uploads\/sites\/32\/2022\/08\/oficinas_cultural_esculturas_cb_-10-1280x854-1.jpg\" alt=\"\" class=\"wp-image-300108\" \/><figcaption>As oficinas culturais gratuitas v\u00e3o atender crian\u00e7as, jovens e adultos<\/figcaption><\/figure>\n\n\n\n<p>No processo de sele\u00e7\u00e3o de profissionais para Arte Educadores, ser\u00e1 poss\u00edvel ao interessado se inscrever em at\u00e9 duas modalidades art\u00edsticas, dos seguintes segmentos:&nbsp;<strong>Arte Urbana<\/strong>&nbsp;(Grafite),&nbsp;<strong>Artes Visuais<\/strong>&nbsp;( Desenho, Fotografia e Pintura),&nbsp;<strong>Audiovisual&nbsp;<\/strong>(introdu\u00e7\u00e3o ao Cinema, edi\u00e7\u00e3o de v\u00eddeo pelo celular e produ\u00e7\u00e3o de v\u00eddeos),&nbsp;<strong>Circo<\/strong>&nbsp;(Malabares e Palha\u00e7aria),&nbsp;<strong>Cultura Popular<\/strong>&nbsp;(Capoeira e Maracatu),&nbsp;<strong>Dan\u00e7a<\/strong>&nbsp;(Ballet Cl\u00e1ssico, Dan\u00e7as de Rua e Jazz),&nbsp;<strong>Literatura<\/strong>&nbsp;(Escrita Criativa: Poesia, Contos e Cr\u00f4nica, Media\u00e7\u00e3o de Hist\u00f3rias para est\u00edmulo leitura, elabora\u00e7\u00e3o de HQs, Slam, Fanzines e Lambes),&nbsp;<strong>M\u00fasica<\/strong>&nbsp;(Canto Coral, Canto Popular, DJ, Flauta Doce, Teclado, Viol\u00e3o, Ukelele e Percuss\u00e3o) e&nbsp;<strong>Teatro<\/strong>&nbsp;(Jogos Teatrais, Corpo, Voz e Improvisa\u00e7\u00e3o).<\/p>\n\n\n\n<p>As inscri\u00e7\u00f5es ser\u00e3o realizadas at\u00e9 o dia 12 de outubro e s\u00f3 por meio do Formul\u00e1rio Google Online, acess\u00edvel atrav\u00e9s do endere\u00e7o eletr\u00f4nico:&nbsp;<a href=\"https:\/\/forms.gle\/VMa77BdBzni7UxQ77\" target=\"_blank\" rel=\"noreferrer noopener\">https:\/\/forms.gle\/VMa77BdBzni7UxQ77<\/a><\/p>\n\n\n\n<p>As aulas das Oficinas Culturais ter\u00e3o dura\u00e7\u00e3o de 12 meses, uma oficina por semana, quatro oficinas por m\u00eas, observando que cada aula poder\u00e1 possuir dura\u00e7\u00e3o de at\u00e9 90 minutos e cada hora\/aula ter\u00e1 o valor de R$120,00, com pagamento realizado mensalmente, mediante a apresenta\u00e7\u00e3o de Nota Fiscal ou Recibo de Profissional Aut\u00f4nomo (RPA) e todo material necess\u00e1rio para a execu\u00e7\u00e3o da oficina ser\u00e1 de inteira responsabilidade do contratado.<\/p>\n\n\n\n<p>O Edital completo do Concurso 005\/22 \u201c Sele\u00e7\u00e3o de Arte Educadores para as Oficinas Culturais 2022\u201d pode ser conferido no site da&nbsp;<a href=\"https:\/\/cultura.jundiai.sp.gov.br\/editais-e-regulamentos\/\" target=\"_blank\" rel=\"noreferrer noopener\">Cultura: www.cultura.jundiai.sp.gov.br\/editais-e-regulamentos\/<\/a>&nbsp;ou adquirido no Departamento de Compras Governamentais \u2013 4\u00ba andar do Pa\u00e7o Municipal, de segunda a sexta-feira, das 9h \u00e0s 18h, mediante o pagamento de dez reais.<\/p>\n\n\n\n<p><strong><em>(Fonte \/ Imagem: Prefeitura de Jundia\u00ed)<\/em><\/strong><\/p>\n","protected":false},"excerpt":{"rendered":"<p>Os profissionais poder\u00e3o se inscrever  em at\u00e9 duas modalidades art\u00edsticas. <\/p>\n","protected":false},"author":19,"featured_media":97659,"comment_status":"closed","ping_status":"0","sticky":false,"template":"","format":"standard","meta":{"footnotes":""},"categories":[1],"tags":[],"class_list":["post-97658","post","type-post","status-publish","format-standard","has-post-thumbnail","hentry","category-noticias"],"_links":{"self":[{"href":"https:\/\/tvtecjundiai.com.br\/news\/wp-json\/wp\/v2\/posts\/97658","targetHints":{"allow":["GET"]}}],"collection":[{"href":"https:\/\/tvtecjundiai.com.br\/news\/wp-json\/wp\/v2\/posts"}],"about":[{"href":"https:\/\/tvtecjundiai.com.br\/news\/wp-json\/wp\/v2\/types\/post"}],"author":[{"embeddable":true,"href":"https:\/\/tvtecjundiai.com.br\/news\/wp-json\/wp\/v2\/users\/19"}],"replies":[{"embeddable":true,"href":"https:\/\/tvtecjundiai.com.br\/news\/wp-json\/wp\/v2\/comments?post=97658"}],"version-history":[{"count":1,"href":"https:\/\/tvtecjundiai.com.br\/news\/wp-json\/wp\/v2\/posts\/97658\/revisions"}],"predecessor-version":[{"id":97660,"href":"https:\/\/tvtecjundiai.com.br\/news\/wp-json\/wp\/v2\/posts\/97658\/revisions\/97660"}],"wp:featuredmedia":[{"embeddable":true,"href":"https:\/\/tvtecjundiai.com.br\/news\/wp-json\/wp\/v2\/media\/97659"}],"wp:attachment":[{"href":"https:\/\/tvtecjundiai.com.br\/news\/wp-json\/wp\/v2\/media?parent=97658"}],"wp:term":[{"taxonomy":"category","embeddable":true,"href":"https:\/\/tvtecjundiai.com.br\/news\/wp-json\/wp\/v2\/categories?post=97658"},{"taxonomy":"post_tag","embeddable":true,"href":"https:\/\/tvtecjundiai.com.br\/news\/wp-json\/wp\/v2\/tags?post=97658"}],"curies":[{"name":"wp","href":"https:\/\/api.w.org\/{rel}","templated":true}]}}