{"id":97661,"date":"2022-08-26T16:42:30","date_gmt":"2022-08-26T19:42:30","guid":{"rendered":"https:\/\/tvtecjundiai.com.br\/news\/?p=97661"},"modified":"2022-08-26T16:42:34","modified_gmt":"2022-08-26T19:42:34","slug":"comitiva-vai-a-sao-jose-dos-campos-conhecer-tecnologia-para-novo-complexo-de-seguranca","status":"publish","type":"post","link":"https:\/\/tvtecjundiai.com.br\/news\/2022\/08\/26\/comitiva-vai-a-sao-jose-dos-campos-conhecer-tecnologia-para-novo-complexo-de-seguranca\/","title":{"rendered":"Comitiva vai \u00e0 S\u00e3o Jose dos Campos conhecer tecnologia para novo Complexo de Seguran\u00e7a"},"content":{"rendered":"\n<p>Com o objetivo de conhecer tecnologias de alto n\u00edvel para serem instaladas no Complexo de Seguran\u00e7a e Urg\u00eancia e Emerg\u00eancia, que contar\u00e1 com a nova sede da Guarda Municipal de Jundia\u00ed (GMJ), o SAMU\/SAEC, a Defesa Civil e o Centro de Controle Operacional (CCO) da Unidade de Gest\u00e3o de Mobilidade e Transporte (UGMT), na Vila Rami, uma comitiva de Jundia\u00ed visitou na \u00faltima quinta-feira (25) o Centro de Opera\u00e7\u00f5es Integrado (COI) da empresa EDP, em S\u00e3o Jos\u00e9 dos Campos.<\/p>\n\n\n\n<p>Iniciada em maio deste ano, a obra alcan\u00e7a 24% da execu\u00e7\u00e3o, de acordo com relat\u00f3rio de monitoramento da Prefeitura, dispon\u00edvel no Observat\u00f3rio Jundia\u00ed. Os investimentos previstos s\u00e3o de aproximadamente R$ 32 milh\u00f5es, provenientes de financiamento junto ao BNDES, por meio do Programa Munic\u00edpio Seguro. O terreno fica na avenida Quatorze de Dezembro e possui 9.180m\u00b2.<br><br>\u201cEstamos conhecendo modelos j\u00e1 estruturados e que possam ser implantados nesse novo espa\u00e7o que dar\u00e1 efici\u00eancia maior aos atendimentos de urg\u00eancia e emerg\u00eancia do Munic\u00edpio, a partir da integra\u00e7\u00e3o das for\u00e7as e com o uso de tecnologia de ponta. \u00c9 importante ver de perto as boas pr\u00e1ticas\u201d, comentou o gestor de Promo\u00e7\u00e3o da Sa\u00fade, Tiago Texera.<\/p>\n\n\n\n<figure class=\"wp-block-image\"><img decoding=\"async\" src=\"https:\/\/jundiai.sp.gov.br\/noticias\/wp-content\/uploads\/sites\/32\/2022\/08\/comitiva-jundiai.jpg\" alt=\"\" class=\"wp-image-300161\" \/><figcaption>A comitiva conheceu detalhes do funcionamento do COI<\/figcaption><\/figure>\n\n\n\n<p>A visita tamb\u00e9m contou com a presen\u00e7a do gestor adjunto de Governo, Jones Martins, do gestor de Mobilidade e Transporte, Aloysio Alberto de Queiroz Junior e do diretor do setor de Intelig\u00eancia e Assuntos de Seguran\u00e7a Municipal da Unidade de Gest\u00e3o de Seguran\u00e7a Municipal, Di\u00f3genes Torqueto Salas J\u00fanior.<\/p>\n\n\n\n<p>\u201cO lugar conta com diversas inova\u00e7\u00f5es em suas instala\u00e7\u00f5es, que buscam harmonizar tecnologia de alto n\u00edvel, seguran\u00e7a e conforto aos colaboradores. Conhecemos alguns protocolos t\u00e9cnicos que poder\u00e3o ser utilizados. Jundia\u00ed trilha o caminho de Cidade Inteligente em tecnologia em todos os setores\u201d, destacou Martins.<\/p>\n\n\n\n<p>As obras do Complexo de Seguran\u00e7a e Urg\u00eancia e Emerg\u00eancia podem ser visualizados, em tempo real, atrav\u00e9s do link \u201cObservat\u00f3rio Jundia\u00ed\u201d \u2013 que est\u00e1 na p\u00e1gina da Prefeitura \u2013na aba Seguran\u00e7a Municipal\/entregas.<\/p>\n\n\n\n<p><strong><em>(Fonte \/ Imagem: Prefeitura de Jundia\u00ed)<\/em><\/strong><\/p>\n","protected":false},"excerpt":{"rendered":"<p>A visita tem como proposta  conhecer tecnologias de alto n\u00edvel para serem instaladas no Complexo de Seguran\u00e7a e Urg\u00eancia e Emerg\u00eancia, que contar\u00e1 com a nova sede da Guarda Municipal de Jundia\u00ed <\/p>\n","protected":false},"author":19,"featured_media":97662,"comment_status":"closed","ping_status":"0","sticky":false,"template":"","format":"standard","meta":{"footnotes":""},"categories":[1],"tags":[],"class_list":["post-97661","post","type-post","status-publish","format-standard","has-post-thumbnail","hentry","category-noticias"],"_links":{"self":[{"href":"https:\/\/tvtecjundiai.com.br\/news\/wp-json\/wp\/v2\/posts\/97661","targetHints":{"allow":["GET"]}}],"collection":[{"href":"https:\/\/tvtecjundiai.com.br\/news\/wp-json\/wp\/v2\/posts"}],"about":[{"href":"https:\/\/tvtecjundiai.com.br\/news\/wp-json\/wp\/v2\/types\/post"}],"author":[{"embeddable":true,"href":"https:\/\/tvtecjundiai.com.br\/news\/wp-json\/wp\/v2\/users\/19"}],"replies":[{"embeddable":true,"href":"https:\/\/tvtecjundiai.com.br\/news\/wp-json\/wp\/v2\/comments?post=97661"}],"version-history":[{"count":1,"href":"https:\/\/tvtecjundiai.com.br\/news\/wp-json\/wp\/v2\/posts\/97661\/revisions"}],"predecessor-version":[{"id":97663,"href":"https:\/\/tvtecjundiai.com.br\/news\/wp-json\/wp\/v2\/posts\/97661\/revisions\/97663"}],"wp:featuredmedia":[{"embeddable":true,"href":"https:\/\/tvtecjundiai.com.br\/news\/wp-json\/wp\/v2\/media\/97662"}],"wp:attachment":[{"href":"https:\/\/tvtecjundiai.com.br\/news\/wp-json\/wp\/v2\/media?parent=97661"}],"wp:term":[{"taxonomy":"category","embeddable":true,"href":"https:\/\/tvtecjundiai.com.br\/news\/wp-json\/wp\/v2\/categories?post=97661"},{"taxonomy":"post_tag","embeddable":true,"href":"https:\/\/tvtecjundiai.com.br\/news\/wp-json\/wp\/v2\/tags?post=97661"}],"curies":[{"name":"wp","href":"https:\/\/api.w.org\/{rel}","templated":true}]}}