{"id":97678,"date":"2022-08-27T10:00:03","date_gmt":"2022-08-27T13:00:03","guid":{"rendered":"https:\/\/tvtecjundiai.com.br\/news\/?p=97678"},"modified":"2022-08-27T10:00:10","modified_gmt":"2022-08-27T13:00:10","slug":"prefeitura-de-jundiai-participa-de-encontro-no-tribunal-de-contas-do-estado-sobre-a-nova-lei-de-licitacoes","status":"publish","type":"post","link":"https:\/\/tvtecjundiai.com.br\/news\/2022\/08\/27\/prefeitura-de-jundiai-participa-de-encontro-no-tribunal-de-contas-do-estado-sobre-a-nova-lei-de-licitacoes\/","title":{"rendered":"Prefeitura de Jundia\u00ed participa de encontro no Tribunal de Contas do Estado sobre a nova Lei de Licita\u00e7\u00f5es"},"content":{"rendered":"\n<p>A Prefeitura de Jundia\u00ed, por meio da Unidade de Administra\u00e7\u00e3o e Gest\u00e3o de Pessoas, participou nessa quinta-feira, dia 25\/08, do 1\u00ba Encontro do Tribunal de Contas do Estado de S\u00e3o Paulo sobre a nova Lei de Licita\u00e7\u00f5es e Contratos, realizado no Audit\u00f3rio Nobre, na Capital. O evento teve como objetivo debater as altera\u00e7\u00f5es impostas pela nova legisla\u00e7\u00e3o. Foi o primeiro de uma s\u00e9rie de cinco encontros sobre o tema.<\/p>\n\n\n\n<p>O evento contou com as palestras de especialistas do Tribunal na \u00e1rea, como os Drs. Guilherme Jardim Jurksaitis, Bruno Mitsuo Nagata e Robson Luis Correia, sendo conduzido pelo Presidente do Tribunal, Dr. Dimas Ramalho, e mediado pelo Dr. Rafael Hamze Issa.<\/p>\n\n\n\n<p>Na pauta, foram tratados temas como governan\u00e7a nas contrata\u00e7\u00f5es p\u00fablicas, fase preparat\u00f3ria das licita\u00e7\u00f5es, contrata\u00e7\u00f5es diretas e reequil\u00edbrio econ\u00f4mico-financeiro de contratos.<\/p>\n\n\n\n<p>Representando o Munic\u00edpio de Jundia\u00ed, a Gestora de Administra\u00e7\u00e3o e Gest\u00e3o de Pessoas, Simone Zanotello de Oliveira, e a Diretora de Contrata\u00e7\u00f5es, Darlene Santiago Poletto, puderam colocar em an\u00e1lise as experi\u00eancias do munic\u00edpio.<\/p>\n\n\n\n<figure class=\"wp-block-image\"><img decoding=\"async\" src=\"https:\/\/jundiai.sp.gov.br\/noticias\/wp-content\/uploads\/sites\/32\/2022\/08\/encontro_lei_licitacoes_tribunal_de_contas.jpeg\" alt=\"\" class=\"wp-image-300223\" \/><figcaption>Representando o Munic\u00edpio, a Gestora Simone Zanotello de Oliveira destacou a import\u00e2ncia do debate sobre a aplica\u00e7\u00e3o da nova lei<\/figcaption><\/figure>\n\n\n\n<p>\u201c\u00c9 muito importante a promo\u00e7\u00e3o de discuss\u00f5es com os \u00f3rg\u00e3os de controle sobre a aplica\u00e7\u00e3o da nova Lei de Licita\u00e7\u00f5es e Contratos, para dar suporte aos trabalhos de implanta\u00e7\u00e3o que est\u00e3o sendo realizados pelo munic\u00edpio, sempre com o objetivo de efetuarmos contrata\u00e7\u00f5es que atendam ao interesse p\u00fablico, com efici\u00eancia e efic\u00e1cia\u201d, ressalta Simone Zanotello.<\/p>\n\n\n\n<p>O munic\u00edpio est\u00e1 se preparando, com sua equipe t\u00e9cnica, com previs\u00e3o de implanta\u00e7\u00e3o da nova Lei, por meio do Sistema Compra Aberta, a partir de janeiro de 2023.<\/p>\n\n\n\n<p><em>(Fonte\/Imagem: Prefeitura de Jundia\u00ed)<\/em><\/p>\n","protected":false},"excerpt":{"rendered":"<p>Evento teve como objetivo debater as altera\u00e7\u00f5es impostas pela nova Lei de Licita\u00e7\u00f5es e Contratos<\/p>\n","protected":false},"author":17,"featured_media":97679,"comment_status":"closed","ping_status":"0","sticky":false,"template":"","format":"standard","meta":{"footnotes":""},"categories":[8356,1],"tags":[],"class_list":["post-97678","post","type-post","status-publish","format-standard","has-post-thumbnail","hentry","category-jundiai","category-noticias"],"_links":{"self":[{"href":"https:\/\/tvtecjundiai.com.br\/news\/wp-json\/wp\/v2\/posts\/97678","targetHints":{"allow":["GET"]}}],"collection":[{"href":"https:\/\/tvtecjundiai.com.br\/news\/wp-json\/wp\/v2\/posts"}],"about":[{"href":"https:\/\/tvtecjundiai.com.br\/news\/wp-json\/wp\/v2\/types\/post"}],"author":[{"embeddable":true,"href":"https:\/\/tvtecjundiai.com.br\/news\/wp-json\/wp\/v2\/users\/17"}],"replies":[{"embeddable":true,"href":"https:\/\/tvtecjundiai.com.br\/news\/wp-json\/wp\/v2\/comments?post=97678"}],"version-history":[{"count":1,"href":"https:\/\/tvtecjundiai.com.br\/news\/wp-json\/wp\/v2\/posts\/97678\/revisions"}],"predecessor-version":[{"id":97680,"href":"https:\/\/tvtecjundiai.com.br\/news\/wp-json\/wp\/v2\/posts\/97678\/revisions\/97680"}],"wp:featuredmedia":[{"embeddable":true,"href":"https:\/\/tvtecjundiai.com.br\/news\/wp-json\/wp\/v2\/media\/97679"}],"wp:attachment":[{"href":"https:\/\/tvtecjundiai.com.br\/news\/wp-json\/wp\/v2\/media?parent=97678"}],"wp:term":[{"taxonomy":"category","embeddable":true,"href":"https:\/\/tvtecjundiai.com.br\/news\/wp-json\/wp\/v2\/categories?post=97678"},{"taxonomy":"post_tag","embeddable":true,"href":"https:\/\/tvtecjundiai.com.br\/news\/wp-json\/wp\/v2\/tags?post=97678"}],"curies":[{"name":"wp","href":"https:\/\/api.w.org\/{rel}","templated":true}]}}