{"id":97740,"date":"2022-08-29T15:12:01","date_gmt":"2022-08-29T18:12:01","guid":{"rendered":"https:\/\/tvtecjundiai.com.br\/news\/?p=97740"},"modified":"2022-08-29T15:12:31","modified_gmt":"2022-08-29T18:12:31","slug":"astra-esta-com-vagas-de-emprego-abertas-para-diferentes-areas-em-jundiai","status":"publish","type":"post","link":"https:\/\/tvtecjundiai.com.br\/news\/2022\/08\/29\/astra-esta-com-vagas-de-emprego-abertas-para-diferentes-areas-em-jundiai\/","title":{"rendered":"Astra est\u00e1 com vagas de emprego abertas para diferentes \u00e1reas em Jundia\u00ed"},"content":{"rendered":"\n<p>A Astra, empresa brasileira especializada que atua no segmento de materiais de constru\u00e7\u00e3o, est\u00e1 contratando para diferentes \u00e1reas em Jundia\u00ed. As oportunidades s\u00e3o para aprendiz, estagi\u00e1rio, pessoas rec\u00e9m-formadas e com ensino superior completo. <\/p>\n\n\n\n<p>Os interessados podem se inscrever pelo site <a href=\"https:\/\/www.astra-sa.com\/\">https:\/\/www.astra-sa.com\/<\/a>, basta clicar na aba &#8220;Trabalhe Conosco&#8221; e selecionar a \u00e1rea de interesse.<\/p>\n\n\n<div class=\"wp-block-image\">\n<figure class=\"aligncenter size-full is-resized\"><img loading=\"lazy\" decoding=\"async\" src=\"https:\/\/tvtecjundiai.com.br\/news\/wp-content\/uploads\/sites\/2\/2022\/08\/emprego-astra-jundiai.jpg\" alt=\"\" class=\"wp-image-97741\" width=\"638\" height=\"426\" srcset=\"https:\/\/tvtecjundiai.com.br\/news\/wp-content\/uploads\/sites\/2\/2022\/08\/emprego-astra-jundiai.jpg 673w, https:\/\/tvtecjundiai.com.br\/news\/wp-content\/uploads\/sites\/2\/2022\/08\/emprego-astra-jundiai-300x200.jpg 300w\" sizes=\"auto, (max-width: 638px) 100vw, 638px\" \/><figcaption>Foto: Divulga\u00e7\u00e3o\/Astra<\/figcaption><\/figure>\n<\/div>\n\n\n<p><strong>Vagas &#8211; Astra<\/strong><\/p>\n\n\n\n<ul class=\"wp-block-list\"><li>Ajudante de cozinha<\/li><li>\u00c1rea de produ\u00e7\u00e3o (para nascidos em 2006)<\/li><li>Analista de Trade Marketing Junior<\/li><li>Aprendiz<\/li><li>Promotor de vendas<\/li><li>Rec\u00e9m-formados &#8211; Ensino superior (diversas \u00e1reas)<\/li><li>Estagi\u00e1rio &#8211; Ensino superior<\/li><li>Estagi\u00e1rio &#8211; Jornalismo<\/li><li>Estagi\u00e1rio &#8211; Comunica\u00e7\u00e3o<\/li><li>Estagi\u00e1rio &#8211; Educa\u00e7\u00e3o f\u00edsica<\/li><li>Ajudante geral<\/li><li>(H\u00e1 vagas tamb\u00e9m para pessoas com defici\u00eancia)<\/li><\/ul>\n\n\n\n<p><strong><em>(Fonte: TVTEC Jundia\u00ed\/Imagem: Divulga\u00e7\u00e3o\/Astra)<\/em><\/strong><\/p>\n","protected":false},"excerpt":{"rendered":"<p>Oportunidades s\u00e3o para aprendiz, estagi\u00e1rio, pessoas rec\u00e9m-formadas e com ensino superior completo<\/p>\n","protected":false},"author":30,"featured_media":97741,"comment_status":"closed","ping_status":"0","sticky":false,"template":"","format":"standard","meta":{"footnotes":""},"categories":[5038,8363,8356,1],"tags":[],"class_list":["post-97740","post","type-post","status-publish","format-standard","has-post-thumbnail","hentry","category-emprego","category-emprego-2","category-jundiai","category-noticias"],"_links":{"self":[{"href":"https:\/\/tvtecjundiai.com.br\/news\/wp-json\/wp\/v2\/posts\/97740","targetHints":{"allow":["GET"]}}],"collection":[{"href":"https:\/\/tvtecjundiai.com.br\/news\/wp-json\/wp\/v2\/posts"}],"about":[{"href":"https:\/\/tvtecjundiai.com.br\/news\/wp-json\/wp\/v2\/types\/post"}],"author":[{"embeddable":true,"href":"https:\/\/tvtecjundiai.com.br\/news\/wp-json\/wp\/v2\/users\/30"}],"replies":[{"embeddable":true,"href":"https:\/\/tvtecjundiai.com.br\/news\/wp-json\/wp\/v2\/comments?post=97740"}],"version-history":[{"count":2,"href":"https:\/\/tvtecjundiai.com.br\/news\/wp-json\/wp\/v2\/posts\/97740\/revisions"}],"predecessor-version":[{"id":97743,"href":"https:\/\/tvtecjundiai.com.br\/news\/wp-json\/wp\/v2\/posts\/97740\/revisions\/97743"}],"wp:featuredmedia":[{"embeddable":true,"href":"https:\/\/tvtecjundiai.com.br\/news\/wp-json\/wp\/v2\/media\/97741"}],"wp:attachment":[{"href":"https:\/\/tvtecjundiai.com.br\/news\/wp-json\/wp\/v2\/media?parent=97740"}],"wp:term":[{"taxonomy":"category","embeddable":true,"href":"https:\/\/tvtecjundiai.com.br\/news\/wp-json\/wp\/v2\/categories?post=97740"},{"taxonomy":"post_tag","embeddable":true,"href":"https:\/\/tvtecjundiai.com.br\/news\/wp-json\/wp\/v2\/tags?post=97740"}],"curies":[{"name":"wp","href":"https:\/\/api.w.org\/{rel}","templated":true}]}}