{"id":97761,"date":"2022-08-30T09:07:03","date_gmt":"2022-08-30T12:07:03","guid":{"rendered":"https:\/\/tvtecjundiai.com.br\/news\/?p=97761"},"modified":"2022-08-30T09:07:03","modified_gmt":"2022-08-30T12:07:03","slug":"esportes-radicais-ganham-novos-espacos-e-mais-adeptos-em-jundiai","status":"publish","type":"post","link":"https:\/\/tvtecjundiai.com.br\/news\/2022\/08\/30\/esportes-radicais-ganham-novos-espacos-e-mais-adeptos-em-jundiai\/","title":{"rendered":"Esportes Radicais ganham novos espa\u00e7os e mais adeptos em Jundia\u00ed"},"content":{"rendered":"\n<p>Os amantes do skate, BMX e demais esportes radicais ganhar\u00e3o, em breve, um novo e excelente espa\u00e7o para a pr\u00e1tica dessas modalidades em Jundia\u00ed. O Centro Educacional, Cultural e Esportivo (CECE) Helena Cestari, localizado na Vila Comercial, ter\u00e1 uma pista de skate, cuja constru\u00e7\u00e3o j\u00e1 come\u00e7ou a ser realizada pela Unidade de Gest\u00e3o de Esporte e Lazer (UGEL), da Prefeitura de Jundia\u00ed. Al\u00e9m desse espa\u00e7o, a gest\u00e3o do Prefeito Luiz Fernando Machado, investe cerca de R$ 1,4 mi para a remodela\u00e7\u00e3o e constru\u00e7\u00e3o de outras pistas espalhadas no CECE Jos\u00e9 Brenna, CECE Francisco \u00c1lvaro Siqueira Neto e CECE Vanderlei Sperandio.<\/p>\n\n\n\n<p>Ainda h\u00e1 demais espa\u00e7os como o Parque do Cerrado e o Mundo das Crian\u00e7as, que tamb\u00e9m contam com pistas espec\u00edficas para os esportes radicais e ser\u00e1 constru\u00edda nova pista no CECE Vanderlei Sperandio.<\/p>\n\n\n\n<p>Ao todo, ser\u00e3o investidos outros R$ 415 mil para a constru\u00e7\u00e3o na Vila Comercial e o projeto conta ainda com sistema de drenagem, instala\u00e7\u00e3o de guarda-corpo e a pintura final. Nesta primeira fase, est\u00e3o em andamentos os servi\u00e7os referentes \u00e0 escava\u00e7\u00e3o do local. \u201cNovos locais ajudam as crian\u00e7as e jovens que n\u00e3o t\u00eam muito acesso ao esporte a ter esse contato, al\u00e9m de ganharem um novo e \u00f3timo local para a pr\u00e1tica e treino\u201d, comenta o skatista Marcelo Bueno do Prado, o \u201cLobinho\u201d.<\/p>\n\n\n\n<p>Segundo ele, o skate tamb\u00e9m tem um importante papel social para os jovens. \u201cO skate \u00e9 uma ferramenta de transforma\u00e7\u00e3o social. Ele ajuda no desenvolvimento local e traz uma nova cara para os bairros atrav\u00e9s da pr\u00e1tica do esporte. Tamb\u00e9m ajuda no intelecto individual fazendo com que crian\u00e7as mais t\u00edmidas aprendam a interagir no ambiente do skate e a fazer novas amizades\u201d, completa.<\/p>\n\n\n\n<p>O designer Rodrigo Manfredi tem incentivado os filhos Luca, de 5 anos, e Eduardo, de 9, a praticarem a modalidade desde cedo. \u201cO ponto mais relevante dessa nova pista \u00e9 seu formato, muito pr\u00f3ximo dos parques ol\u00edmpicos e de competi\u00e7\u00f5es internacionais. Ainda n\u00e3o temos pistas com esse porte na regi\u00e3o e sua constru\u00e7\u00e3o trar\u00e1 benef\u00edcios como a forma\u00e7\u00e3o de novos atletas da cidade para nos representar mundo afora e at\u00e9 atrair skatistas profissionais para servirem de inspira\u00e7\u00e3o para a garotada\u201d, afirma.<\/p>\n\n\n\n<figure class=\"wp-block-image size-large\"><img loading=\"lazy\" decoding=\"async\" width=\"1200\" height=\"675\" src=\"https:\/\/tvtecjundiai.com.br\/news\/wp-content\/uploads\/sites\/2\/2022\/08\/obra-helena-trator-1200x675.jpeg\" alt=\"\" class=\"wp-image-97764\" srcset=\"https:\/\/tvtecjundiai.com.br\/news\/wp-content\/uploads\/sites\/2\/2022\/08\/obra-helena-trator-1200x675.jpeg 1200w, https:\/\/tvtecjundiai.com.br\/news\/wp-content\/uploads\/sites\/2\/2022\/08\/obra-helena-trator-300x169.jpeg 300w, https:\/\/tvtecjundiai.com.br\/news\/wp-content\/uploads\/sites\/2\/2022\/08\/obra-helena-trator-768x432.jpeg 768w, https:\/\/tvtecjundiai.com.br\/news\/wp-content\/uploads\/sites\/2\/2022\/08\/obra-helena-trator.jpeg 1280w\" sizes=\"auto, (max-width: 1200px) 100vw, 1200px\" \/><figcaption>Escava\u00e7\u00e3o para a constru\u00e7\u00e3o da nova pista de skate j\u00e1 come\u00e7ou no CECE Helena Cestari<\/figcaption><\/figure>\n\n\n\n<p><strong>Esportes<\/strong><\/p>\n\n\n\n<p>Criado no in\u00edcio da d\u00e9cada de 1960 e promovido a verdadeiro estilo de vida por muitos de seus adeptos, o skate influencia moda, m\u00fasica e arte, a agora tamb\u00e9m \u00e9 um esporte ol\u00edmpico desde T\u00f3quio 2020, quando brasileiros trouxeram v\u00e1rias medalhas para o Brasil na modalidade. No Brasil, sua popularidade s\u00f3 aumentou ao longo das \u00faltimas duas d\u00e9cadas.<\/p>\n\n\n\n<p>\u201cA nova pista de skate \u00e9 mais uma entrega da gest\u00e3o Luiz Fernando Machado que visa fomentar a pr\u00e1tica de todas as modalidades esportivas na cidade. A obra vem a contribuir para que os praticantes tenham mais um espa\u00e7o de qualidade e que o skate tenha cada vez mais adeptos em todas as camadas da sociedade\u201d, afirma o gestor da Unidade de Gest\u00e3o de Esporte e Lazer, Cl\u00e1udio Tarallo.<\/p>\n\n\n\n<p>Hoje, a pr\u00e1tica destas modalidades em locais p\u00fablicos se concentra nos CECEs Jos\u00e9 Brenna (Sororoca) e no Mundo das Crian\u00e7as.<\/p>\n\n\n<div class=\"wp-block-image\">\n<figure class=\"aligncenter size-full is-resized\"><img loading=\"lazy\" decoding=\"async\" src=\"https:\/\/tvtecjundiai.com.br\/news\/wp-content\/uploads\/sites\/2\/2022\/08\/lobinho.jpg\" alt=\"\" class=\"wp-image-97765\" width=\"629\" height=\"675\" srcset=\"https:\/\/tvtecjundiai.com.br\/news\/wp-content\/uploads\/sites\/2\/2022\/08\/lobinho.jpg 864w, https:\/\/tvtecjundiai.com.br\/news\/wp-content\/uploads\/sites\/2\/2022\/08\/lobinho-300x322.jpg 300w, https:\/\/tvtecjundiai.com.br\/news\/wp-content\/uploads\/sites\/2\/2022\/08\/lobinho-768x825.jpg 768w\" sizes=\"auto, (max-width: 629px) 100vw, 629px\" \/><figcaption>Marcelo Bueno, o \u201cLobinho\u201d, costuma praticar o skate na pista do Sororoca<\/figcaption><\/figure>\n<\/div>\n\n\n<p><strong>Mundo das Crian\u00e7as<\/strong><\/p>\n\n\n\n<p>No \u00faltimo dia 21 de agosto a pista de skate do Mundo das Crian\u00e7as completou um anos desde sua inaugura\u00e7\u00e3o. Com 1.250m\u00b2 de \u00e1rea constru\u00edda, o local conta com dois banks e uma \u00e1rea de street com diversos obst\u00e1culos e rampas. Al\u00e9m disso, possui arquibancadas e quiosques e \u00e9 liberada para bicicletas, patins e patinetes. \u00c9 necess\u00e1rio usar t\u00eanis e recomenda-se o uso de equipamentos de prote\u00e7\u00e3o, como capacete e joelheira. Assim como as demais atra\u00e7\u00f5es do parque, a pista leva o nome de um dos animais da Serra do Japi: o Macaco Sau\u00e1, que \u00e9 conhecido por sua pelagem vermelha e estripulias.<\/p>\n\n\n\n<p><strong>Bicicross<\/strong><\/p>\n\n\n\n<p>O Bicicross \u00e9 um esporte que tem se destacado e trazido medalhas a Jundia\u00ed. Luca Grigoletto, de 14 anos, e Andrey Toledo, de apenas 7, representar\u00e3o o munic\u00edpio e o Brasil em torneios internacionais em 2022. O garoto Andrey sagrou-se campe\u00e3o brasileiro de Bicicross (temporada 2022) e utiliza a pista localizada na Vila Maring\u00e1 para treinar. \u201cTreino aqui em Jundia\u00ed uma vez por semana, e mais duas ou tr\u00eas vezes em outras pistas, onde acontecem as competi\u00e7\u00f5es. \u201d, comenta Andrey,\u00a0campe\u00e3o brasileiro\u00a0na categoria Boys 8, ao chegar em primeiro lugar nas etapas classificat\u00f3rias e finais.<\/p>\n\n\n\n<p>A pista onde os garotos treinam, localizada no Complexo Educacional, Cultural e Esportivo (CECE) Francisco \u00c1lvaro Siqueira Neto, na Vila Maring\u00e1, foi entregue em 2019, exatamente para o atendimento aos esportes radicais. \u00a0Com 244 metros de extens\u00e3o, a pista agrega a pr\u00e1tica de v\u00e1rios Esportes Radicais atendendo f\u00e3s das modalidades com bicicleta, patins, patinete, longboard, skate e slackline.<\/p>\n\n\n\n<figure class=\"wp-block-image size-large\"><img loading=\"lazy\" decoding=\"async\" width=\"1200\" height=\"900\" src=\"https:\/\/tvtecjundiai.com.br\/news\/wp-content\/uploads\/sites\/2\/2022\/08\/bike-1200x900.jpg\" alt=\"\" class=\"wp-image-97766\" srcset=\"https:\/\/tvtecjundiai.com.br\/news\/wp-content\/uploads\/sites\/2\/2022\/08\/bike-1200x900.jpg 1200w, https:\/\/tvtecjundiai.com.br\/news\/wp-content\/uploads\/sites\/2\/2022\/08\/bike-300x225.jpg 300w, https:\/\/tvtecjundiai.com.br\/news\/wp-content\/uploads\/sites\/2\/2022\/08\/bike-768x576.jpg 768w, https:\/\/tvtecjundiai.com.br\/news\/wp-content\/uploads\/sites\/2\/2022\/08\/bike.jpg 1280w\" sizes=\"auto, (max-width: 1200px) 100vw, 1200px\" \/><figcaption>Luca e Andrey representam Jundia\u00ed e o Brasil em competi\u00e7\u00f5es nacionais e internacionais<\/figcaption><\/figure>\n\n\n\n<p><em><strong>(Fonte: Prefeitura de Jundia\u00ed\/Imagens: Fot\u00f3grafo Sid @sidpicsfotografoskt)<\/strong><\/em><\/p>\n","protected":false},"excerpt":{"rendered":"<p>Amantes do skate, BMX e outros esportes radicais podem treinar em diferentes \u00e1reas da cidade<\/p>\n","protected":false},"author":30,"featured_media":97766,"comment_status":"closed","ping_status":"0","sticky":false,"template":"","format":"standard","meta":{"footnotes":""},"categories":[2827,8356,8354,1],"tags":[],"class_list":["post-97761","post","type-post","status-publish","format-standard","has-post-thumbnail","hentry","category-esportes-e-lazer","category-jundiai","category-lazer","category-noticias"],"_links":{"self":[{"href":"https:\/\/tvtecjundiai.com.br\/news\/wp-json\/wp\/v2\/posts\/97761","targetHints":{"allow":["GET"]}}],"collection":[{"href":"https:\/\/tvtecjundiai.com.br\/news\/wp-json\/wp\/v2\/posts"}],"about":[{"href":"https:\/\/tvtecjundiai.com.br\/news\/wp-json\/wp\/v2\/types\/post"}],"author":[{"embeddable":true,"href":"https:\/\/tvtecjundiai.com.br\/news\/wp-json\/wp\/v2\/users\/30"}],"replies":[{"embeddable":true,"href":"https:\/\/tvtecjundiai.com.br\/news\/wp-json\/wp\/v2\/comments?post=97761"}],"version-history":[{"count":2,"href":"https:\/\/tvtecjundiai.com.br\/news\/wp-json\/wp\/v2\/posts\/97761\/revisions"}],"predecessor-version":[{"id":97768,"href":"https:\/\/tvtecjundiai.com.br\/news\/wp-json\/wp\/v2\/posts\/97761\/revisions\/97768"}],"wp:featuredmedia":[{"embeddable":true,"href":"https:\/\/tvtecjundiai.com.br\/news\/wp-json\/wp\/v2\/media\/97766"}],"wp:attachment":[{"href":"https:\/\/tvtecjundiai.com.br\/news\/wp-json\/wp\/v2\/media?parent=97761"}],"wp:term":[{"taxonomy":"category","embeddable":true,"href":"https:\/\/tvtecjundiai.com.br\/news\/wp-json\/wp\/v2\/categories?post=97761"},{"taxonomy":"post_tag","embeddable":true,"href":"https:\/\/tvtecjundiai.com.br\/news\/wp-json\/wp\/v2\/tags?post=97761"}],"curies":[{"name":"wp","href":"https:\/\/api.w.org\/{rel}","templated":true}]}}