{"id":97769,"date":"2022-08-30T09:38:15","date_gmt":"2022-08-30T12:38:15","guid":{"rendered":"https:\/\/tvtecjundiai.com.br\/news\/?p=97769"},"modified":"2022-08-30T09:38:16","modified_gmt":"2022-08-30T12:38:16","slug":"fundo-social-convoca-entidades-interessadas-em-participar-do-projeto-aconchego","status":"publish","type":"post","link":"https:\/\/tvtecjundiai.com.br\/news\/2022\/08\/30\/fundo-social-convoca-entidades-interessadas-em-participar-do-projeto-aconchego\/","title":{"rendered":"Fundo Social convoca entidades interessadas em participar do projeto &#8216;Aconchego&#8217;"},"content":{"rendered":"\n<p>O Fundo Social de Solidariedade de Jundia\u00ed (Funss) convoca, para a quinta-feira, dia 8 de setembro, das 9h \u00e0s 11h, em seu audit\u00f3rio, as entidades interessadas em participar da lista de espera do Projeto Aconchego.<\/p>\n\n\n\n<p>Poder\u00e3o participar deste encontro os representantes das institui\u00e7\u00f5es, igrejas e associa\u00e7\u00f5es de moradores de bairro com cadastro atualizado na unidade. Para isso, a entidade dever\u00e1 preencher o Formul\u00e1rio Google dispon\u00edvel:&nbsp;<a rel=\"noreferrer noopener\" href=\"https:\/\/forms.gle\/dHtdWyaXrDsCbVmu5\" target=\"_blank\">https:\/\/forms.gle\/dHtdWyaXrDsCbVmu5<\/a><\/p>\n\n\n\n<p>A Oficina Escola \u201cProjeto Aconchego\u201d \u00e9 uma iniciativa desenvolvida entre a Secretaria da Administra\u00e7\u00e3o Penitenci\u00e1ria (SAP), por meio do CDP de Jundia\u00ed, o Hospital de Caridade S\u00e3o Vicente de Paulo e a Funda\u00e7\u00e3o \u201cProf. Dr. Manoel Pedro Pimentel\u201d \u2013 Funap.<\/p>\n\n\n<div class=\"wp-block-image\">\n<figure class=\"aligncenter size-large is-resized\"><img loading=\"lazy\" decoding=\"async\" src=\"https:\/\/tvtecjundiai.com.br\/news\/wp-content\/uploads\/sites\/2\/2022\/08\/projeto_aconchego-8-1-1200x800.jpg\" alt=\"\" class=\"wp-image-97770\" width=\"649\" height=\"432\" srcset=\"https:\/\/tvtecjundiai.com.br\/news\/wp-content\/uploads\/sites\/2\/2022\/08\/projeto_aconchego-8-1-1200x800.jpg 1200w, https:\/\/tvtecjundiai.com.br\/news\/wp-content\/uploads\/sites\/2\/2022\/08\/projeto_aconchego-8-1-300x200.jpg 300w, https:\/\/tvtecjundiai.com.br\/news\/wp-content\/uploads\/sites\/2\/2022\/08\/projeto_aconchego-8-1-768x512.jpg 768w, https:\/\/tvtecjundiai.com.br\/news\/wp-content\/uploads\/sites\/2\/2022\/08\/projeto_aconchego-8-1.jpg 1280w\" sizes=\"auto, (max-width: 649px) 100vw, 649px\" \/><\/figure>\n<\/div>\n\n\n<p>Camas antigas que seriam descartadas com a revitaliza\u00e7\u00e3o do Hospital S\u00e3o Vicente, foram transformadas e recuperadas pelos detentos do Centro de Deten\u00e7\u00e3o Provis\u00f3ria de Jundia\u00ed. O empr\u00e9stimo ser\u00e1 organizado pelo Hospital e o destino at\u00e9 a fam\u00edlia que precisa do equipamento ocorrer\u00e1 por interm\u00e9dio de uma institui\u00e7\u00e3o cadastrada no Fundo Social. Quando o paciente estiver com a sa\u00fade reestabelecida, a cama ser\u00e1 devolvida para a institui\u00e7\u00e3o e encaminhada a outro paciente que tenha a necessidade.<\/p>\n\n\n\n<p>O endere\u00e7o do Fundo Social \u00e9 o Parque da Uva. O acesso \u00e9 pela avenida Dona Manoela Lacerda de Vergueiro, s\/n, port\u00e3o 03, bairro Anhangaba\u00fa. Informa\u00e7\u00f5es: (11) 4589-6319 ou 4589-6320.<\/p>\n\n\n\n<p><strong><em>(Fonte\/Imagem: Prefeitura de Jundia\u00ed)<\/em><\/strong><\/p>\n","protected":false},"excerpt":{"rendered":"<p>Podem participar do encontro representantes de institui\u00e7\u00f5es, igrejas e associa\u00e7\u00f5es de moradores de bairro<\/p>\n","protected":false},"author":30,"featured_media":97770,"comment_status":"closed","ping_status":"0","sticky":false,"template":"","format":"standard","meta":{"footnotes":""},"categories":[8392,8356,1],"tags":[],"class_list":["post-97769","post","type-post","status-publish","format-standard","has-post-thumbnail","hentry","category-assistencia-social","category-jundiai","category-noticias"],"_links":{"self":[{"href":"https:\/\/tvtecjundiai.com.br\/news\/wp-json\/wp\/v2\/posts\/97769","targetHints":{"allow":["GET"]}}],"collection":[{"href":"https:\/\/tvtecjundiai.com.br\/news\/wp-json\/wp\/v2\/posts"}],"about":[{"href":"https:\/\/tvtecjundiai.com.br\/news\/wp-json\/wp\/v2\/types\/post"}],"author":[{"embeddable":true,"href":"https:\/\/tvtecjundiai.com.br\/news\/wp-json\/wp\/v2\/users\/30"}],"replies":[{"embeddable":true,"href":"https:\/\/tvtecjundiai.com.br\/news\/wp-json\/wp\/v2\/comments?post=97769"}],"version-history":[{"count":2,"href":"https:\/\/tvtecjundiai.com.br\/news\/wp-json\/wp\/v2\/posts\/97769\/revisions"}],"predecessor-version":[{"id":97772,"href":"https:\/\/tvtecjundiai.com.br\/news\/wp-json\/wp\/v2\/posts\/97769\/revisions\/97772"}],"wp:featuredmedia":[{"embeddable":true,"href":"https:\/\/tvtecjundiai.com.br\/news\/wp-json\/wp\/v2\/media\/97770"}],"wp:attachment":[{"href":"https:\/\/tvtecjundiai.com.br\/news\/wp-json\/wp\/v2\/media?parent=97769"}],"wp:term":[{"taxonomy":"category","embeddable":true,"href":"https:\/\/tvtecjundiai.com.br\/news\/wp-json\/wp\/v2\/categories?post=97769"},{"taxonomy":"post_tag","embeddable":true,"href":"https:\/\/tvtecjundiai.com.br\/news\/wp-json\/wp\/v2\/tags?post=97769"}],"curies":[{"name":"wp","href":"https:\/\/api.w.org\/{rel}","templated":true}]}}