{"id":97778,"date":"2022-08-30T11:34:52","date_gmt":"2022-08-30T14:34:52","guid":{"rendered":"https:\/\/tvtecjundiai.com.br\/news\/?p=97778"},"modified":"2022-08-30T11:34:53","modified_gmt":"2022-08-30T14:34:53","slug":"podtrampo-rede-de-inovadores-impulsiona-o-empreendedorismo-em-jundiai","status":"publish","type":"post","link":"https:\/\/tvtecjundiai.com.br\/news\/2022\/08\/30\/podtrampo-rede-de-inovadores-impulsiona-o-empreendedorismo-em-jundiai\/","title":{"rendered":"PodTrampo: Rede de Inovadores impulsiona o empreendedorismo em Jundia\u00ed"},"content":{"rendered":"\n<p>O 18\u00b0 epis\u00f3dio do PodTrampo, podcast da TVTEC Jundia\u00ed sobre empregabilidade, mercado de trabalho e empreendedorismo, teve como convidadas a fundadora da CEEU Assessoria em Sa\u00fade, Janete Lima da Silva, e a propriet\u00e1ria da loja online DG Boutique Plus Size, D\u00e9bora Gibello, empreendedoras que participaram da <a href=\"https:\/\/tvtecjundiai.com.br\/news\/2022\/08\/26\/2a-edicao-da-rede-de-inovadores-possibilita-parcerias-e-inclusao-no-empreendedorismo\/\" data-type=\"URL\" data-id=\"https:\/\/tvtecjundiai.com.br\/news\/2022\/08\/26\/2a-edicao-da-rede-de-inovadores-possibilita-parcerias-e-inclusao-no-empreendedorismo\/\">2\u00aa edi\u00e7\u00e3o da Rede de Inovadores, que aconteceu na \u00faltima sexta-feira (26), na TVTEC Jundia\u00ed.<\/a><\/p>\n\n\n\n<p>Apresentado pela jornalista Tayana Konrath, o bate-papo foi sobre como a Rede de Inovadores est\u00e1 apoiando o empreendedorismo e o desenvolvimento econ\u00f4mico em Jundia\u00ed. O pr\u00f3ximo encontro est\u00e1 marcado para o dia 23 de setembro.<\/p>\n\n\n\n<p>O podcast foi ao ar nesta ter\u00e7a-feira (30), \u00e0s 9h, com transmiss\u00e3o pelo Facebook e YouTube da TVTEC Jundia\u00ed. Para ouvir depois, \u00e9 poss\u00edvel acompanhar o PodTrampo a qualquer hora pelas plataformas de m\u00fasica.<\/p>\n\n\n<div class=\"wp-block-image\">\n<figure class=\"aligncenter size-full is-resized\"><img loading=\"lazy\" decoding=\"async\" src=\"https:\/\/tvtecjundiai.com.br\/news\/wp-content\/uploads\/sites\/2\/2022\/08\/podtrampo-1.jpg\" alt=\"\" class=\"wp-image-97779\" width=\"722\" height=\"420\" srcset=\"https:\/\/tvtecjundiai.com.br\/news\/wp-content\/uploads\/sites\/2\/2022\/08\/podtrampo-1.jpg 871w, https:\/\/tvtecjundiai.com.br\/news\/wp-content\/uploads\/sites\/2\/2022\/08\/podtrampo-1-300x175.jpg 300w, https:\/\/tvtecjundiai.com.br\/news\/wp-content\/uploads\/sites\/2\/2022\/08\/podtrampo-1-768x448.jpg 768w\" sizes=\"auto, (max-width: 722px) 100vw, 722px\" \/><\/figure>\n<\/div>\n\n\n<p><strong>PodTrampo \u2013 O podcast sobre empregabilidade da TVTEC Jundia\u00ed<\/strong><\/p>\n\n\n\n<p><a href=\"https:\/\/www.facebook.com\/tvtecjundiai\/videos\/909361023800168\" data-type=\"URL\" data-id=\"https:\/\/www.facebook.com\/tvtecjundiai\/videos\/909361023800168\">Assista no Facebook<\/a><\/p>\n\n\n\n<p><a href=\"https:\/\/www.youtube.com\/watch?v=q254ySjviCs\" data-type=\"URL\" data-id=\"https:\/\/www.youtube.com\/watch?v=q254ySjviCs\">Assista no YouTube<\/a><\/p>\n\n\n\n<p><a href=\"https:\/\/open.spotify.com\/show\/7z6svX7eOSDP0ro1CLadv9\">Ou\u00e7a no Spotify<\/a><\/p>\n\n\n\n<p><a href=\"https:\/\/www.deezer.com\/br\/show\/3705277\">Ou\u00e7a no Deezer<\/a><\/p>\n\n\n\n<p><a href=\"https:\/\/podcasts.apple.com\/br\/podcast\/podtrampo\/id1624539227\">Ou\u00e7a no iTunes<\/a><\/p>\n\n\n\n<p><strong><em>(Fonte\/Imagens: TVTEC Jundia\u00ed)<\/em><\/strong><\/p>\n\n\n\n<p><\/p>\n","protected":false},"excerpt":{"rendered":"<p>O podcast foi ao ar nesta ter\u00e7a (30) e est\u00e1 dispon\u00edvel no Facebook e YouTube da TVTEC<\/p>\n","protected":false},"author":30,"featured_media":97780,"comment_status":"closed","ping_status":"0","sticky":false,"template":"","format":"standard","meta":{"footnotes":""},"categories":[8362,8356,1],"tags":[],"class_list":["post-97778","post","type-post","status-publish","format-standard","has-post-thumbnail","hentry","category-empreendedorismo","category-jundiai","category-noticias"],"_links":{"self":[{"href":"https:\/\/tvtecjundiai.com.br\/news\/wp-json\/wp\/v2\/posts\/97778","targetHints":{"allow":["GET"]}}],"collection":[{"href":"https:\/\/tvtecjundiai.com.br\/news\/wp-json\/wp\/v2\/posts"}],"about":[{"href":"https:\/\/tvtecjundiai.com.br\/news\/wp-json\/wp\/v2\/types\/post"}],"author":[{"embeddable":true,"href":"https:\/\/tvtecjundiai.com.br\/news\/wp-json\/wp\/v2\/users\/30"}],"replies":[{"embeddable":true,"href":"https:\/\/tvtecjundiai.com.br\/news\/wp-json\/wp\/v2\/comments?post=97778"}],"version-history":[{"count":1,"href":"https:\/\/tvtecjundiai.com.br\/news\/wp-json\/wp\/v2\/posts\/97778\/revisions"}],"predecessor-version":[{"id":97782,"href":"https:\/\/tvtecjundiai.com.br\/news\/wp-json\/wp\/v2\/posts\/97778\/revisions\/97782"}],"wp:featuredmedia":[{"embeddable":true,"href":"https:\/\/tvtecjundiai.com.br\/news\/wp-json\/wp\/v2\/media\/97780"}],"wp:attachment":[{"href":"https:\/\/tvtecjundiai.com.br\/news\/wp-json\/wp\/v2\/media?parent=97778"}],"wp:term":[{"taxonomy":"category","embeddable":true,"href":"https:\/\/tvtecjundiai.com.br\/news\/wp-json\/wp\/v2\/categories?post=97778"},{"taxonomy":"post_tag","embeddable":true,"href":"https:\/\/tvtecjundiai.com.br\/news\/wp-json\/wp\/v2\/tags?post=97778"}],"curies":[{"name":"wp","href":"https:\/\/api.w.org\/{rel}","templated":true}]}}