{"id":97793,"date":"2022-08-30T15:03:20","date_gmt":"2022-08-30T18:03:20","guid":{"rendered":"https:\/\/tvtecjundiai.com.br\/news\/?p=97793"},"modified":"2022-08-30T15:04:01","modified_gmt":"2022-08-30T18:04:01","slug":"trabalhos-em-prol-da-casa-neemias-sao-expostos-no-espaco-maxi-comunidade-2","status":"publish","type":"post","link":"https:\/\/tvtecjundiai.com.br\/news\/2022\/08\/30\/trabalhos-em-prol-da-casa-neemias-sao-expostos-no-espaco-maxi-comunidade-2\/","title":{"rendered":"Trabalhos em prol da Casa Neemias s\u00e3o expostos no Espa\u00e7o Maxi Comunidade"},"content":{"rendered":"\n<p>O Espa\u00e7o Maxi Comunidade, especialmente idealizado para expor e comercializar trabalhos de institui\u00e7\u00f5es e funda\u00e7\u00f5es de Jundia\u00ed, conta com a exposi\u00e7\u00e3o e venda de artesanatos em prol da <strong>Casa Neemias at\u00e9 o dia 30 de setembro.<\/strong><\/p>\n\n\n\n<p>No local, estar\u00e3o expostos mosaicos, pe\u00e7as para organizar e decorar, costura criativa, pe\u00e7as confeccionadas com entrela\u00e7amento de pedraria, tape\u00e7aria, terr\u00e1rios, vidros decorados, panos de copa e muito mais, com pre\u00e7os a partir de R$ 7. \u00c9 uma boa oportunidade para decorar, presentear e ajudar.<\/p>\n\n\n<div class=\"wp-block-image\">\n<figure class=\"aligncenter size-full is-resized\"><img loading=\"lazy\" decoding=\"async\" src=\"https:\/\/tvtecjundiai.com.br\/news\/wp-content\/uploads\/sites\/2\/2022\/08\/casa-neemias-maxi.jpg\" alt=\"\" class=\"wp-image-97794\" width=\"708\" height=\"362\" srcset=\"https:\/\/tvtecjundiai.com.br\/news\/wp-content\/uploads\/sites\/2\/2022\/08\/casa-neemias-maxi.jpg 731w, https:\/\/tvtecjundiai.com.br\/news\/wp-content\/uploads\/sites\/2\/2022\/08\/casa-neemias-maxi-300x153.jpg 300w\" sizes=\"auto, (max-width: 708px) 100vw, 708px\" \/><\/figure>\n<\/div>\n\n\n<p>A comunidade terap\u00eautica Casa Neemias \u00e9 uma associa\u00e7\u00e3o sem fins lucrativos que atua a mais de 10 anos em Jundia\u00ed. Sua finalidade \u00e9 prestar atendimento e tratamento \u00e0s pessoas do sexo masculino dependentes de subst\u00e2ncias psicoativas e psicotr\u00f3picas que se encontram em situa\u00e7\u00e3o de risco de vida e vulnerabilidade social.<\/p>\n\n\n\n<p>A Casa abriga de forma volunt\u00e1ria os portadores do v\u00edcio de \u00e1lcool e outras drogas, a fim de ajud\u00e1-los na recupera\u00e7\u00e3o dos v\u00ednculos, reabilita\u00e7\u00e3o e reinser\u00e7\u00e3o social. Disp\u00f5e de programas socioeducativos, cursos profissionalizantes aos adolescentes e adultos, qualificando para o mercado de trabalho e gera\u00e7\u00e3o de renda pr\u00f3pria. Conta, tamb\u00e9m, com uma rede de apoio junto aos \u00f3rg\u00e3os de assist\u00eancia e sa\u00fade locais para fortalecer os projetos da entidade. Sua miss\u00e3o \u00e9 restaurar vidas.<\/p>\n\n\n\n<p>O Espa\u00e7o Maxi Comunidade, onde os trabalhos estar\u00e3o expostos, est\u00e1 localizado no Piso 2 G3 Leste do Maxi Shopping Jundia\u00ed.<\/p>\n\n\n\n<p><em><strong>(Fonte\/Imagens: Assessoria Maxi Shopping Jundia\u00ed)<\/strong><\/em><\/p>\n","protected":false},"excerpt":{"rendered":"<p>Artesanatos e pe\u00e7as decorativas ter\u00e3o pre\u00e7os a partir de R$ 7<\/p>\n","protected":false},"author":30,"featured_media":97794,"comment_status":"closed","ping_status":"0","sticky":false,"template":"","format":"standard","meta":{"footnotes":""},"categories":[8356,1],"tags":[],"class_list":["post-97793","post","type-post","status-publish","format-standard","has-post-thumbnail","hentry","category-jundiai","category-noticias"],"_links":{"self":[{"href":"https:\/\/tvtecjundiai.com.br\/news\/wp-json\/wp\/v2\/posts\/97793","targetHints":{"allow":["GET"]}}],"collection":[{"href":"https:\/\/tvtecjundiai.com.br\/news\/wp-json\/wp\/v2\/posts"}],"about":[{"href":"https:\/\/tvtecjundiai.com.br\/news\/wp-json\/wp\/v2\/types\/post"}],"author":[{"embeddable":true,"href":"https:\/\/tvtecjundiai.com.br\/news\/wp-json\/wp\/v2\/users\/30"}],"replies":[{"embeddable":true,"href":"https:\/\/tvtecjundiai.com.br\/news\/wp-json\/wp\/v2\/comments?post=97793"}],"version-history":[{"count":1,"href":"https:\/\/tvtecjundiai.com.br\/news\/wp-json\/wp\/v2\/posts\/97793\/revisions"}],"predecessor-version":[{"id":97795,"href":"https:\/\/tvtecjundiai.com.br\/news\/wp-json\/wp\/v2\/posts\/97793\/revisions\/97795"}],"wp:featuredmedia":[{"embeddable":true,"href":"https:\/\/tvtecjundiai.com.br\/news\/wp-json\/wp\/v2\/media\/97794"}],"wp:attachment":[{"href":"https:\/\/tvtecjundiai.com.br\/news\/wp-json\/wp\/v2\/media?parent=97793"}],"wp:term":[{"taxonomy":"category","embeddable":true,"href":"https:\/\/tvtecjundiai.com.br\/news\/wp-json\/wp\/v2\/categories?post=97793"},{"taxonomy":"post_tag","embeddable":true,"href":"https:\/\/tvtecjundiai.com.br\/news\/wp-json\/wp\/v2\/tags?post=97793"}],"curies":[{"name":"wp","href":"https:\/\/api.w.org\/{rel}","templated":true}]}}