{"id":97799,"date":"2022-08-30T15:58:54","date_gmt":"2022-08-30T18:58:54","guid":{"rendered":"https:\/\/tvtecjundiai.com.br\/news\/?p=97799"},"modified":"2022-08-30T17:30:16","modified_gmt":"2022-08-30T20:30:16","slug":"jundiai-ganha-museu-dedicado-a-anatomia-humana1","status":"publish","type":"post","link":"https:\/\/tvtecjundiai.com.br\/news\/2022\/08\/30\/jundiai-ganha-museu-dedicado-a-anatomia-humana1\/","title":{"rendered":"Jundia\u00ed ganha museu dedicado \u00e0 anatomia humana"},"content":{"rendered":"\n<p>Nesta quarta-feira (31), o diretor da Faculdade de Medicina de Jundia\u00ed (FMJ), Evaldo Marchi, autoridades locais, convidados, o artista pl\u00e1stico, Sergio Prata e o curador do museu, Cesar Fabrega Carvalho inauguram o Museu do Corpo Humano na Unidade 01 da FMJ.<\/p>\n\n\n\n<p><br>Desde 2005 vem sendo constru\u00edda a ideia de um museu anat\u00f4mico permanente na FMJ. Em 2010 iniciou-se o Projeto Semana do Corpo Humano que tornou-se refer\u00eancia para as escolas p\u00fablicas e particulares de Jundia\u00ed e regi\u00e3o. A partir dessa iniciativa de sucesso, ficou mais intenso de planejar, criar e compartilhar com o p\u00fablico externo, algumas pe\u00e7as anat\u00f4micas plastinadas, verdadeiras obras de arte, produzidas no laborat\u00f3rio da institui\u00e7\u00e3o.<\/p>\n\n\n\n<figure class=\"wp-block-image size-large\"><img loading=\"lazy\" decoding=\"async\" width=\"1200\" height=\"675\" src=\"https:\/\/tvtecjundiai.com.br\/news\/wp-content\/uploads\/sites\/2\/2022\/08\/WhatsApp-Image-2022-08-30-at-15.39.42-1200x675.jpeg\" alt=\"\" class=\"wp-image-97800\" srcset=\"https:\/\/tvtecjundiai.com.br\/news\/wp-content\/uploads\/sites\/2\/2022\/08\/WhatsApp-Image-2022-08-30-at-15.39.42-1200x675.jpeg 1200w, https:\/\/tvtecjundiai.com.br\/news\/wp-content\/uploads\/sites\/2\/2022\/08\/WhatsApp-Image-2022-08-30-at-15.39.42-300x169.jpeg 300w, https:\/\/tvtecjundiai.com.br\/news\/wp-content\/uploads\/sites\/2\/2022\/08\/WhatsApp-Image-2022-08-30-at-15.39.42-768x432.jpeg 768w, https:\/\/tvtecjundiai.com.br\/news\/wp-content\/uploads\/sites\/2\/2022\/08\/WhatsApp-Image-2022-08-30-at-15.39.42.jpeg 1280w\" sizes=\"auto, (max-width: 1200px) 100vw, 1200px\" \/><\/figure>\n\n\n\n<p><br>A ideia \u00e9 promover visitas escolares ao longo do ano todo, apresentando o corpo humano por dentro de forma diferente e curiosa. O curador e organizador do Museu \u00e9 o Professor e Anatomista, Prof. Dr. Cesar Alexandre Fabrega Carvalho.<\/p>\n\n\n\n<p><br>O Museu do Corpo Humano \u00e9 \u00danico e moderno. O objetivo \u00e9 ser um local de difus\u00e3o de conhecimento cientifico, tendo como plano de fundo a educa\u00e7\u00e3o e a arte. Consta no acervo do museu pinturas trif\u00e1sicas, pe\u00e7as anat\u00f4micas reais que variam de acordo com a ilumina\u00e7\u00e3o, al\u00e9m disso, desenhos de partes do corpo humano que foram doados pelo artista pl\u00e1stico, S\u00e9rgio Prata.<br>Nos quadros pintados pelo S\u00e9rgio com uma t\u00e9cnica in\u00e9dita de pinturas trif\u00e1sicas, ser\u00e1 poss\u00edvel ver tr\u00eas obras sobre a mesma tela em diferentes condi\u00e7\u00f5es de luz.<\/p>\n\n\n\n<figure class=\"wp-block-image size-large\"><img loading=\"lazy\" decoding=\"async\" width=\"1200\" height=\"675\" src=\"https:\/\/tvtecjundiai.com.br\/news\/wp-content\/uploads\/sites\/2\/2022\/08\/WhatsApp-Image-2022-08-30-at-15.39.43-1200x675.jpeg\" alt=\"\" class=\"wp-image-97801\" srcset=\"https:\/\/tvtecjundiai.com.br\/news\/wp-content\/uploads\/sites\/2\/2022\/08\/WhatsApp-Image-2022-08-30-at-15.39.43-1200x675.jpeg 1200w, https:\/\/tvtecjundiai.com.br\/news\/wp-content\/uploads\/sites\/2\/2022\/08\/WhatsApp-Image-2022-08-30-at-15.39.43-300x169.jpeg 300w, https:\/\/tvtecjundiai.com.br\/news\/wp-content\/uploads\/sites\/2\/2022\/08\/WhatsApp-Image-2022-08-30-at-15.39.43-768x432.jpeg 768w, https:\/\/tvtecjundiai.com.br\/news\/wp-content\/uploads\/sites\/2\/2022\/08\/WhatsApp-Image-2022-08-30-at-15.39.43.jpeg 1280w\" sizes=\"auto, (max-width: 1200px) 100vw, 1200px\" \/><\/figure>\n\n\n\n<p><br>As pe\u00e7as anat\u00f4micas s\u00e3o conservadas por meio da plastina\u00e7\u00e3o, outra t\u00e9cnica tamb\u00e9m inovadora e moderna. Para isso, a FMJ criou um laborat\u00f3rio de plastina\u00e7\u00e3o internamente que j\u00e1 \u00e9 refer\u00eancia para grandes universidades e \u00e9 um dos 10 que existem no Brasil.<\/p>\n\n\n\n<p><strong><em>(Fonte\/ Imagem: Faculdade de Medicina Jundia\u00ed)<\/em><\/strong><\/p>\n","protected":false},"excerpt":{"rendered":"<p>As pe\u00e7as anat\u00f4micas s\u00e3o conservadas por meio da plastina\u00e7\u00e3o, t\u00e9cnica tamb\u00e9m inovadora e moderna. <\/p>\n","protected":false},"author":27,"featured_media":97800,"comment_status":"closed","ping_status":"0","sticky":false,"template":"","format":"standard","meta":{"footnotes":""},"categories":[8356],"tags":[],"class_list":["post-97799","post","type-post","status-publish","format-standard","has-post-thumbnail","hentry","category-jundiai"],"_links":{"self":[{"href":"https:\/\/tvtecjundiai.com.br\/news\/wp-json\/wp\/v2\/posts\/97799","targetHints":{"allow":["GET"]}}],"collection":[{"href":"https:\/\/tvtecjundiai.com.br\/news\/wp-json\/wp\/v2\/posts"}],"about":[{"href":"https:\/\/tvtecjundiai.com.br\/news\/wp-json\/wp\/v2\/types\/post"}],"author":[{"embeddable":true,"href":"https:\/\/tvtecjundiai.com.br\/news\/wp-json\/wp\/v2\/users\/27"}],"replies":[{"embeddable":true,"href":"https:\/\/tvtecjundiai.com.br\/news\/wp-json\/wp\/v2\/comments?post=97799"}],"version-history":[{"count":1,"href":"https:\/\/tvtecjundiai.com.br\/news\/wp-json\/wp\/v2\/posts\/97799\/revisions"}],"predecessor-version":[{"id":97802,"href":"https:\/\/tvtecjundiai.com.br\/news\/wp-json\/wp\/v2\/posts\/97799\/revisions\/97802"}],"wp:featuredmedia":[{"embeddable":true,"href":"https:\/\/tvtecjundiai.com.br\/news\/wp-json\/wp\/v2\/media\/97800"}],"wp:attachment":[{"href":"https:\/\/tvtecjundiai.com.br\/news\/wp-json\/wp\/v2\/media?parent=97799"}],"wp:term":[{"taxonomy":"category","embeddable":true,"href":"https:\/\/tvtecjundiai.com.br\/news\/wp-json\/wp\/v2\/categories?post=97799"},{"taxonomy":"post_tag","embeddable":true,"href":"https:\/\/tvtecjundiai.com.br\/news\/wp-json\/wp\/v2\/tags?post=97799"}],"curies":[{"name":"wp","href":"https:\/\/api.w.org\/{rel}","templated":true}]}}