{"id":97805,"date":"2022-08-30T17:29:18","date_gmt":"2022-08-30T20:29:18","guid":{"rendered":"https:\/\/tvtecjundiai.com.br\/news\/?p=97805"},"modified":"2022-08-30T17:29:19","modified_gmt":"2022-08-30T20:29:19","slug":"covid-19-jundiai-inicia-vacinacao-de-criancas-de-3-a-4-anos-nesta-quarta-feira-31","status":"publish","type":"post","link":"https:\/\/tvtecjundiai.com.br\/news\/2022\/08\/30\/covid-19-jundiai-inicia-vacinacao-de-criancas-de-3-a-4-anos-nesta-quarta-feira-31\/","title":{"rendered":"COVID-19: Jundia\u00ed inicia vacina\u00e7\u00e3o de crian\u00e7as de 3 a 4 anos nesta quarta-feira (31)"},"content":{"rendered":"\n<p>Jundia\u00ed amplia a partir desta quarta-feira (31) a aplica\u00e7\u00e3o de vacinas contra COVID-19 para crian\u00e7as de 3 a 4 anos. O Munic\u00edpio conta com 1.500 doses do imunizante Coronavac e far\u00e1 a aplica\u00e7\u00e3o exclusivamente no novo Polo de Vacina\u00e7\u00e3o Hortol\u00e2ndia, na Cidade Administrativa (antiga Creche do Idoso).<\/p>\n\n\n\n<p>\u201cRecebemos esse lote encaminhado pela Secretaria de Estado da Sa\u00fade para as crian\u00e7as com comorbidades, defici\u00eancias e ind\u00edgenas, e iniciamos a aplica\u00e7\u00e3o no dia 19. A ades\u00e3o desse grupo foi pequena. Estamos ampliando para as demais crian\u00e7as aptas e no aguardo de mais lotes para atender a 100% da popula\u00e7\u00e3o de 3 a 4 anos\u201d, informa a coordenadora da Vigil\u00e2ncia Epidemiol\u00f3gica, Maria do Carmo Possidente.<\/p>\n\n\n\n<p>No Munic\u00edpio, s\u00e3o cerca de 10,5 mil crian\u00e7as de 3 a 4 anos que podem tomar a dose pedi\u00e1trica da vacina Coronavac, \u00fanica autorizada para essa faixa et\u00e1ria.<\/p>\n\n\n\n<p>O polo de vacina\u00e7\u00e3o fica avenida Alexandre Ludke, 780 (pr\u00f3ximo ao Terminal Hortol\u00e2ndia). O atendimento \u00e9 das 8h \u00e0s 16h30. No local tamb\u00e9m ocorre a aplica\u00e7\u00e3o da quarta dose em pessoas de 18 a 39 anos e que receberam a D3 h\u00e1 pelo menos quatro meses (122 dias), e das doses anteriores para o p\u00fablico a partir de cinco anos, al\u00e9m da vacina contra Influenza para pessoas a partir de 6 meses.<\/p>\n\n\n<div class=\"wp-block-image\">\n<figure class=\"aligncenter size-large\"><img loading=\"lazy\" decoding=\"async\" width=\"1200\" height=\"800\" src=\"https:\/\/tvtecjundiai.com.br\/news\/wp-content\/uploads\/sites\/2\/2022\/08\/51820892126_dd5881bfaa_o-1-1200x800.jpg\" alt=\"\" class=\"wp-image-97806\" srcset=\"https:\/\/tvtecjundiai.com.br\/news\/wp-content\/uploads\/sites\/2\/2022\/08\/51820892126_dd5881bfaa_o-1-1200x800.jpg 1200w, https:\/\/tvtecjundiai.com.br\/news\/wp-content\/uploads\/sites\/2\/2022\/08\/51820892126_dd5881bfaa_o-1-300x200.jpg 300w, https:\/\/tvtecjundiai.com.br\/news\/wp-content\/uploads\/sites\/2\/2022\/08\/51820892126_dd5881bfaa_o-1-768x512.jpg 768w, https:\/\/tvtecjundiai.com.br\/news\/wp-content\/uploads\/sites\/2\/2022\/08\/51820892126_dd5881bfaa_o-1.jpg 1280w\" sizes=\"auto, (max-width: 1200px) 100vw, 1200px\" \/><\/figure>\n<\/div>\n\n\n<p><strong><em>(Fonte\/Imagem: Prefeitura de Jundia\u00ed)<\/em><\/strong><\/p>\n","protected":false},"excerpt":{"rendered":"<p>No Munic\u00edpio, cerca de 10,5 mil crian\u00e7as de 3 a 4 anos podem tomar a dose pedi\u00e1trica da vacina Coronavac.<\/p>\n","protected":false},"author":27,"featured_media":97807,"comment_status":"closed","ping_status":"0","sticky":false,"template":"","format":"standard","meta":{"footnotes":""},"categories":[8356,8355],"tags":[],"class_list":["post-97805","post","type-post","status-publish","format-standard","has-post-thumbnail","hentry","category-jundiai","category-saude-3"],"_links":{"self":[{"href":"https:\/\/tvtecjundiai.com.br\/news\/wp-json\/wp\/v2\/posts\/97805","targetHints":{"allow":["GET"]}}],"collection":[{"href":"https:\/\/tvtecjundiai.com.br\/news\/wp-json\/wp\/v2\/posts"}],"about":[{"href":"https:\/\/tvtecjundiai.com.br\/news\/wp-json\/wp\/v2\/types\/post"}],"author":[{"embeddable":true,"href":"https:\/\/tvtecjundiai.com.br\/news\/wp-json\/wp\/v2\/users\/27"}],"replies":[{"embeddable":true,"href":"https:\/\/tvtecjundiai.com.br\/news\/wp-json\/wp\/v2\/comments?post=97805"}],"version-history":[{"count":1,"href":"https:\/\/tvtecjundiai.com.br\/news\/wp-json\/wp\/v2\/posts\/97805\/revisions"}],"predecessor-version":[{"id":97809,"href":"https:\/\/tvtecjundiai.com.br\/news\/wp-json\/wp\/v2\/posts\/97805\/revisions\/97809"}],"wp:featuredmedia":[{"embeddable":true,"href":"https:\/\/tvtecjundiai.com.br\/news\/wp-json\/wp\/v2\/media\/97807"}],"wp:attachment":[{"href":"https:\/\/tvtecjundiai.com.br\/news\/wp-json\/wp\/v2\/media?parent=97805"}],"wp:term":[{"taxonomy":"category","embeddable":true,"href":"https:\/\/tvtecjundiai.com.br\/news\/wp-json\/wp\/v2\/categories?post=97805"},{"taxonomy":"post_tag","embeddable":true,"href":"https:\/\/tvtecjundiai.com.br\/news\/wp-json\/wp\/v2\/tags?post=97805"}],"curies":[{"name":"wp","href":"https:\/\/api.w.org\/{rel}","templated":true}]}}