{"id":97817,"date":"2022-08-30T17:44:13","date_gmt":"2022-08-30T20:44:13","guid":{"rendered":"https:\/\/tvtecjundiai.com.br\/news\/?p=97817"},"modified":"2022-08-30T17:44:18","modified_gmt":"2022-08-30T20:44:18","slug":"parceria-entre-ugads-e-grupos-que-fazem-concessao-de-marmitas-chega-a-vila-maringa","status":"publish","type":"post","link":"https:\/\/tvtecjundiai.com.br\/news\/2022\/08\/30\/parceria-entre-ugads-e-grupos-que-fazem-concessao-de-marmitas-chega-a-vila-maringa\/","title":{"rendered":"Parceria entre UGADS e grupos que fazem concess\u00e3o de marmitas chega \u00e0 Vila Maring\u00e1"},"content":{"rendered":"\n<p>A Unidade de Gest\u00e3o de Assist\u00eancia e Desenvolvimento Social (UGADS) promoveu na noite de segunda-feira (29), mais uma entrega descentralizada de marmitas, para fam\u00edlias cadastradas em seus programas. Desta vez, a a\u00e7\u00e3o foi realizada no Centro Comunit\u00e1rio da Vila Maring\u00e1 e as refei\u00e7\u00f5es foram produzidas e oferecidas pelo N\u00facleo Assistencial Casa do Caminho, e destinadas \u00e0s fam\u00edlias que participam do Servi\u00e7o de Conviv\u00eancia e Fortalecimento de V\u00ednculos (SCFV) prestado pela UGADS no bairro, priorizando-se aquelas com crian\u00e7as em sua composi\u00e7\u00e3o.<\/p>\n\n\n\n<p>O objetivo da a\u00e7\u00e3o \u00e9 promover seguran\u00e7a alimentar e fazer com as institui\u00e7\u00f5es parceiras sigam atendendo quem mais precisa, por\u00e9m, de forma descentralizada e para um p\u00fablico mais amplo, fazendo com que a ajuda chegue semanalmente a outros bairros da cidade e a muito mais fam\u00edlias. Neste primeiro dia, 150 refei\u00e7\u00f5es foram preparadas e todas foram entregues \u00e0queles que compareceram para a retirada.<\/p>\n\n\n\n<figure class=\"wp-block-image\"><img decoding=\"async\" src=\"https:\/\/jundiai.sp.gov.br\/noticias\/wp-content\/uploads\/sites\/32\/2022\/08\/entrega-de-marmita-no-centro-comunitario-da-vila-maringa_fm_-2.jpg\" alt=\"Gestora Maria Brandt auxilia na entrega de refei\u00e7\u00f5es na Vila Maring\u00e1\" class=\"wp-image-300372\" \/><figcaption>Gestora Maria Brant auxilia na entrega de refei\u00e7\u00f5es na Vila Maring\u00e1<\/figcaption><\/figure>\n\n\n\n<p>Agora, a inten\u00e7\u00e3o \u00e9 repetir a a\u00e7\u00e3o semanalmente. \u201cO foco da iniciativa s\u00e3o as fam\u00edlias com filhos pequenos e nosso objetivo \u00e9 que a a\u00e7\u00e3o continue sendo realizada todas as segundas-feiras aqui na Vila Maring\u00e1. Buscamos intera\u00e7\u00e3o com as fam\u00edlias e dar apoio para que a iniciativa seja divulgada nos bairros e chegue a cada vez mais pessoas, n\u00e3o s\u00f3 na regi\u00e3o central e para moradores em situa\u00e7\u00e3o de rua, mas tamb\u00e9m nos bairros e para as fam\u00edlias\u201d, comenta a gestor da Unidade de Gest\u00e3o de Assist\u00eancia e Desenvolvimento Social (UGADS), Maria Brant.<\/p>\n\n\n\n<p>O grupo que ficou respons\u00e1vel pelas entregas \u00e0s segundas feiras na Vila Maring\u00e1 \u00e9 o N\u00facleo Assistencial Casa do Caminho, que j\u00e1 realizava esse tipo de a\u00e7\u00e3o desde antes da pandemia. \u201cRealizamos este tipo de trabalho h\u00e1 18 anos e come\u00e7amos entregando as marmitas no Centro da cidade, para moradores em situa\u00e7\u00e3o de rua. Mas l\u00e1 a oferta e muito grande por conta dos demais grupos, o que gerava desperd\u00edcio. Agora, com o projeto de entrega nos bairros, muito mais pessoas s\u00e3o atendidas. Preparamos 150 refei\u00e7\u00f5es nesta segunda, mas temos capacidade de distribuir mais de 300, dependendo da demanda\u201d, comenta Ivan Mingoti, representando do n\u00facleo.<\/p>\n\n\n\n<figure class=\"wp-block-image\"><img decoding=\"async\" src=\"https:\/\/jundiai.sp.gov.br\/noticias\/wp-content\/uploads\/sites\/32\/2022\/08\/entrega-de-marmita-no-centro-comunitario-da-vila-maringa_fm_-16.jpg\" alt=\"Grupo realiza entrega de 150 marmitex no Centro Comunit\u00e1rio Vila Maring\u00e1\" class=\"wp-image-300373\" \/><figcaption>Grupo realiza entrega de 150 marmitex no Centro Comunit\u00e1rio Vila Maring\u00e1<\/figcaption><\/figure>\n\n\n\n<p>A UGADS estima que existam na cidade cerca de 400 pessoas em situa\u00e7\u00e3o de rua. Al\u00e9m da colabora\u00e7\u00e3o de entidades, o Centro Pop e o Bom Prato fazem ofertas de refei\u00e7\u00f5es a esse p\u00fablico.&nbsp;<\/p>\n\n\n\n<p><strong>ENTRE EM CONTATO \u2013<\/strong>\u00a0Caso voc\u00ea seja de algum grupo que faz esse trabalho, entre em contato com a UGADS para entender o projeto e fazer parte dessa descentraliza\u00e7\u00e3o de iniciativas que promovem seguran\u00e7a alimentar \u00e0s pessoas em situa\u00e7\u00e3o de vulnerabilidade (11) 4589-6784.<\/p>\n\n\n\n<p><strong><em>(Fonte\/Imagem: Prefeitura de Jundia\u00ed)<\/em><\/strong><\/p>\n","protected":false},"excerpt":{"rendered":"<p>O objetivo da a\u00e7\u00e3o \u00e9 promover seguran\u00e7a alimentar.<\/p>\n","protected":false},"author":27,"featured_media":97818,"comment_status":"closed","ping_status":"0","sticky":false,"template":"","format":"standard","meta":{"footnotes":""},"categories":[8356],"tags":[],"class_list":["post-97817","post","type-post","status-publish","format-standard","has-post-thumbnail","hentry","category-jundiai"],"_links":{"self":[{"href":"https:\/\/tvtecjundiai.com.br\/news\/wp-json\/wp\/v2\/posts\/97817","targetHints":{"allow":["GET"]}}],"collection":[{"href":"https:\/\/tvtecjundiai.com.br\/news\/wp-json\/wp\/v2\/posts"}],"about":[{"href":"https:\/\/tvtecjundiai.com.br\/news\/wp-json\/wp\/v2\/types\/post"}],"author":[{"embeddable":true,"href":"https:\/\/tvtecjundiai.com.br\/news\/wp-json\/wp\/v2\/users\/27"}],"replies":[{"embeddable":true,"href":"https:\/\/tvtecjundiai.com.br\/news\/wp-json\/wp\/v2\/comments?post=97817"}],"version-history":[{"count":1,"href":"https:\/\/tvtecjundiai.com.br\/news\/wp-json\/wp\/v2\/posts\/97817\/revisions"}],"predecessor-version":[{"id":97819,"href":"https:\/\/tvtecjundiai.com.br\/news\/wp-json\/wp\/v2\/posts\/97817\/revisions\/97819"}],"wp:featuredmedia":[{"embeddable":true,"href":"https:\/\/tvtecjundiai.com.br\/news\/wp-json\/wp\/v2\/media\/97818"}],"wp:attachment":[{"href":"https:\/\/tvtecjundiai.com.br\/news\/wp-json\/wp\/v2\/media?parent=97817"}],"wp:term":[{"taxonomy":"category","embeddable":true,"href":"https:\/\/tvtecjundiai.com.br\/news\/wp-json\/wp\/v2\/categories?post=97817"},{"taxonomy":"post_tag","embeddable":true,"href":"https:\/\/tvtecjundiai.com.br\/news\/wp-json\/wp\/v2\/tags?post=97817"}],"curies":[{"name":"wp","href":"https:\/\/api.w.org\/{rel}","templated":true}]}}