{"id":97827,"date":"2022-08-31T10:18:56","date_gmt":"2022-08-31T13:18:56","guid":{"rendered":"https:\/\/tvtecjundiai.com.br\/news\/?p=97827"},"modified":"2022-08-31T10:18:57","modified_gmt":"2022-08-31T13:18:57","slug":"museu-do-ipiranga-reabre-na-proxima-semana-depois-de-nove-anos-fechado","status":"publish","type":"post","link":"https:\/\/tvtecjundiai.com.br\/news\/2022\/08\/31\/museu-do-ipiranga-reabre-na-proxima-semana-depois-de-nove-anos-fechado\/","title":{"rendered":"Museu do Ipiranga reabre na pr\u00f3xima semana depois de nove anos fechado"},"content":{"rendered":"\n<p>O Museu do Ipiranga ser\u00e1 reaberto na pr\u00f3xima semana depois de ficar nove anos fechado e de passar por uma reforma. No dia 7 de setembro, o espa\u00e7o abrir\u00e1 as portas para escolas p\u00fablicas, trabalhadores da&nbsp;obra&nbsp;e suas fam\u00edlias. J\u00e1 no dia 8 de setembro, o museu ser\u00e1 aberto ao p\u00fablico.<img decoding=\"async\" src=\"https:\/\/agenciabrasil.ebc.com.br\/ebc.png?id=1479476&amp;o=node\"><img decoding=\"async\" src=\"https:\/\/agenciabrasil.ebc.com.br\/ebc.gif?id=1479476&amp;o=node\"><\/p>\n\n\n\n<p>A institui\u00e7\u00e3o, que estava fechada desde 2013, vem passando por profundas transforma\u00e7\u00f5es, ao custo de R$ 235 milh\u00f5es, para a celebra\u00e7\u00e3o do bicenten\u00e1rio da Independ\u00eancia do Brasil.<\/p>\n\n\n\n<p>O Novo Museu do Ipiranga reabrir\u00e1 com o dobro do tamanho e ter\u00e1 capacidade para receber at\u00e9 11 exposi\u00e7\u00f5es simult\u00e2neas.\u00a0A estimativa \u00e9 que o espa\u00e7o receba de 900 mil a 1 milh\u00e3o de visitantes por ano.<\/p>\n\n\n\n<p>Do total investido, R$ 183 milh\u00f5es s\u00e3o oriundos da Lei Rouanet, ferramenta de fomento \u00e0 cultura no pa\u00eds, por meio da qual os projetos recebem uma chancela federal que se reflete em isen\u00e7\u00f5es fiscais a apoiadores da a\u00e7\u00e3o, quer sejam empresas ou cidad\u00e3os comuns.<\/p>\n\n\n\n<p>Al\u00e9m dos recursos federais, foram feitos aportes pelo governo do estado (que investiu R$ 34 milh\u00f5es) e por empresas, mas sem incentivo fiscal.&nbsp;<\/p>\n\n\n<div class=\"wp-block-image\">\n<figure class=\"aligncenter size-full is-resized\"><img loading=\"lazy\" decoding=\"async\" src=\"https:\/\/tvtecjundiai.com.br\/news\/wp-content\/uploads\/sites\/2\/2022\/08\/imagens-do-museu-do-ipiranga_46556003355_o.jpg\" alt=\"\" class=\"wp-image-97828\" width=\"753\" height=\"450\" srcset=\"https:\/\/tvtecjundiai.com.br\/news\/wp-content\/uploads\/sites\/2\/2022\/08\/imagens-do-museu-do-ipiranga_46556003355_o.jpg 1170w, https:\/\/tvtecjundiai.com.br\/news\/wp-content\/uploads\/sites\/2\/2022\/08\/imagens-do-museu-do-ipiranga_46556003355_o-300x179.jpg 300w, https:\/\/tvtecjundiai.com.br\/news\/wp-content\/uploads\/sites\/2\/2022\/08\/imagens-do-museu-do-ipiranga_46556003355_o-768x459.jpg 768w\" sizes=\"auto, (max-width: 753px) 100vw, 753px\" \/><figcaption>Foto: Diogo Moreira\/Divulga\u00e7\u00e3o Governo do Estado de SP<\/figcaption><\/figure>\n<\/div>\n\n\n<p>\u201cO Museu do Ipiranga tem um valor inestim\u00e1vel para o nosso pa\u00eds e falta muito pouco para que este importante s\u00edmbolo do processo de independ\u00eancia do Brasil, totalmente restaurado e ampliado, seja devolvido \u00e0 popula\u00e7\u00e3o. Neste m\u00eas, realizei uma visita t\u00e9cnica para acompanhar os \u00faltimos ajustes e pude verificar, de perto, a grandiosidade das obras, viabilizadas com o apoio financeiro do Minist\u00e9rio do Turismo, por meio da Lei Rouanet, para a qual aprovamos R$ 183 milh\u00f5es\u201d, afirmou o ministro do Turismo, Carlos Brito, para a\u00a0Ag\u00eancia Brasil.<\/p>\n\n\n\n<p><strong>Restauros e amplia\u00e7\u00f5es<\/strong><\/p>\n\n\n\n<p>As obras foram executadas em duas grandes frentes: restauro do Edif\u00edcio-Monumento e amplia\u00e7\u00e3o do edif\u00edcio. Com o novo espa\u00e7o criado, de 6,8 mil m\u00b2, o museu ganha entrada integrada ao Jardim Franc\u00eas, al\u00e9m de bilheteria, caf\u00e9, loja, audit\u00f3rio para 200 pessoas, espa\u00e7os e salas para atendimento educativo, e uma grande sala de exposi\u00e7\u00f5es tempor\u00e1rias, com 900m\u00b2.<\/p>\n\n\n\n<p>No Edif\u00edcio-Monumento, foram realizados reparos em todos os detalhes da refinada arquitetura, incluindo os 7,6 mil m\u00b2 das fachadas, que, pela primeira vez, passaram por limpeza, decapagem, recupera\u00e7\u00e3o dos ornamentos, aplica\u00e7\u00e3o de argamassa, tratamento de trincas e, por fim, a pintura.<\/p>\n\n\n\n<p>O Novo Museu do Ipiranga tamb\u00e9m teve restaurado o Jardim Franc\u00eas, localizado em frente ao Edif\u00edcio-Monumento. A obra incluiu restaura\u00e7\u00e3o de toda a \u00e1rea constru\u00edda e do paisagismo, reforma do espa\u00e7o da antiga administra\u00e7\u00e3o para instala\u00e7\u00e3o de um restaurante, cria\u00e7\u00e3o de infraestrutura para food bikes, restauro e moderniza\u00e7\u00e3o da ilumina\u00e7\u00e3o p\u00fablica, requalifica\u00e7\u00e3o das vias de acesso (inclusive com equipamentos de acessibilidade), reativa\u00e7\u00e3o da fonte central e recupera\u00e7\u00e3o de duas fontes presentes no projeto original do jardim, destru\u00eddas na d\u00e9cada de 1970.<\/p>\n\n\n\n<p><strong>Programa\u00e7\u00e3o da reabertura do Museu do Ipiranga<\/strong><\/p>\n\n\n\n<p><strong>Proje\u00e7\u00e3o mapeada<\/strong> <\/p>\n\n\n\n<p>Realizada na fachada do Museu do Ipiranga, dividia em oito atos de 1 minuto cada.<\/p>\n\n\n\n<ul class=\"wp-block-list\"><li>De 04\/09 a 11\/09, das 18h30 \u00e0s 22h<\/li><li>07\/09, das 21h \u00e0s 22h<\/li><\/ul>\n\n\n\n<p><strong>Espet\u00e1culo 200 anos com 200 drones<\/strong><\/p>\n\n\n\n<ul class=\"wp-block-list\"><li>07\/09, \u00e0s 21h<\/li><\/ul>\n\n\n\n<p><strong>Apresenta\u00e7\u00f5es e shows<\/strong><\/p>\n\n\n\n<p><strong>Dia 07\/0\u200b9<\/strong><\/p>\n\n\n\n<ul class=\"wp-block-list\"><li>\u00c0s 18h \u2013 DJ<\/li><\/ul>\n\n\n\n<ul class=\"wp-block-list\"><li>\u00c0s 19h \u2013 espet\u00e1culo com a participa\u00e7\u00e3o da Orquestra Jovem do Estado de S\u00e3o Paulo (Emesp), mais shows e apresenta\u00e7\u00f5es de Criolo, Leandro Lehart, Margareth Menezes, Larissa Luz Ad\u00e3o Fernandes, Chapinha da Vela, Kant, Faf\u00e1 de Bel\u00e9m, Bois de Parintins, Gaby Amarantos, maestro Jo\u00e3o Carlos Martins, \u00cdsis Testa, Juliette, Vanessa da Mata , Johnny Hooker, Mateus Carrilho, Bia Villa-\u200bChan, Daniel e Priscilla Alc\u00e2ntara.<\/li><\/ul>\n\n\n\n<p><strong>Dia 08\/\u200b09<\/strong><\/p>\n\n\n\n<ul class=\"wp-block-list\"><li>\u00c0s 17h \u2013 Apresenta\u00e7\u00e3o de DJ<\/li><li>\u00c0s 18h \u2013 Orquestra Jovem do Estado de S\u00e3o Paulo (Emesp)<\/li><\/ul>\n\n\n\n<p><strong>Dia 09\/0\u200b9<\/strong><\/p>\n\n\n\n<ul class=\"wp-block-list\"><li>\u00c0s 17h \u2013 Apresenta\u00e7\u00e3o de DJ<\/li><li>\u00c0s 18h \u2013 Brasil Jazz Sinf\u00f4nica<\/li><li>\u00c0s 19h30 \u2013 Melin<\/li><\/ul>\n\n\n\n<p><strong>Dia 10\/\u200b09<\/strong><\/p>\n\n\n\n<ul class=\"wp-block-list\"><li>\u00c0s 17h \u2013 Apresenta\u00e7\u00e3o de DJ<\/li><li>\u00c0s 18h \u2013 Brasil Jazz Sinf\u00f4nica<\/li><li>\u00c0s 19h30 \u2013 Gabriel Sater e S\u00e1, da dupla S\u00e1 e Guarabyra<\/li><\/ul>\n\n\n\n<p><strong>Dia 11\/0\u200b9<\/strong><\/p>\n\n\n\n<ul class=\"wp-block-list\"><li>\u00c0s 16h30 \u2013 Apresenta\u00e7\u00e3o de DJ<\/li><li>\u00c0s 17h30 \u2013 Orquestra Sinf\u00f4nica do Estado de S\u00e3o Paulo (Osesp)<\/li><li>\u00c0s 19h \u2013 Geraldo Azevedo<\/li><\/ul>\n\n\n\n<p><em><strong>(Fonte: Ag\u00eancia Brasil\/Imagem: Diogo Moreira\/Divulga\u00e7\u00e3o Governo do Estado de SP)<\/strong><\/em><\/p>\n","protected":false},"excerpt":{"rendered":"<p>O museu abrir\u00e1 as portas para o p\u00fablico em geral no dia 8 de setembro<\/p>\n","protected":false},"author":30,"featured_media":97828,"comment_status":"closed","ping_status":"0","sticky":false,"template":"","format":"standard","meta":{"footnotes":""},"categories":[2833,1],"tags":[],"class_list":["post-97827","post","type-post","status-publish","format-standard","has-post-thumbnail","hentry","category-cultura","category-noticias"],"_links":{"self":[{"href":"https:\/\/tvtecjundiai.com.br\/news\/wp-json\/wp\/v2\/posts\/97827","targetHints":{"allow":["GET"]}}],"collection":[{"href":"https:\/\/tvtecjundiai.com.br\/news\/wp-json\/wp\/v2\/posts"}],"about":[{"href":"https:\/\/tvtecjundiai.com.br\/news\/wp-json\/wp\/v2\/types\/post"}],"author":[{"embeddable":true,"href":"https:\/\/tvtecjundiai.com.br\/news\/wp-json\/wp\/v2\/users\/30"}],"replies":[{"embeddable":true,"href":"https:\/\/tvtecjundiai.com.br\/news\/wp-json\/wp\/v2\/comments?post=97827"}],"version-history":[{"count":1,"href":"https:\/\/tvtecjundiai.com.br\/news\/wp-json\/wp\/v2\/posts\/97827\/revisions"}],"predecessor-version":[{"id":97829,"href":"https:\/\/tvtecjundiai.com.br\/news\/wp-json\/wp\/v2\/posts\/97827\/revisions\/97829"}],"wp:featuredmedia":[{"embeddable":true,"href":"https:\/\/tvtecjundiai.com.br\/news\/wp-json\/wp\/v2\/media\/97828"}],"wp:attachment":[{"href":"https:\/\/tvtecjundiai.com.br\/news\/wp-json\/wp\/v2\/media?parent=97827"}],"wp:term":[{"taxonomy":"category","embeddable":true,"href":"https:\/\/tvtecjundiai.com.br\/news\/wp-json\/wp\/v2\/categories?post=97827"},{"taxonomy":"post_tag","embeddable":true,"href":"https:\/\/tvtecjundiai.com.br\/news\/wp-json\/wp\/v2\/tags?post=97827"}],"curies":[{"name":"wp","href":"https:\/\/api.w.org\/{rel}","templated":true}]}}