{"id":97847,"date":"2022-08-31T14:44:51","date_gmt":"2022-08-31T17:44:51","guid":{"rendered":"https:\/\/tvtecjundiai.com.br\/news\/?p=97847"},"modified":"2022-08-31T14:44:52","modified_gmt":"2022-08-31T17:44:52","slug":"album-da-copa-maxi-shopping-reserva-espaco-para-troca-de-figurinhas","status":"publish","type":"post","link":"https:\/\/tvtecjundiai.com.br\/news\/2022\/08\/31\/album-da-copa-maxi-shopping-reserva-espaco-para-troca-de-figurinhas\/","title":{"rendered":"\u00c1lbum da Copa: Maxi Shopping reserva espa\u00e7o para troca de figurinhas"},"content":{"rendered":"\n<p>Em ano de Copa do Mundo, o cl\u00e1ssico \u00e1lbum de figurinhas n\u00e3o pode faltar. E sempre tem aquelas figurinhas que se repetem e as dif\u00edceis de conseguir. Pensando nisso, o Maxi Shopping Jundia\u00ed estar\u00e1 com um espa\u00e7o reservado no Piso 1 (pr\u00f3ximo \u00e0 Pra\u00e7a das Bandeiras) para quem quer fazer trocas e completar o \u00e1lbum. O espa\u00e7o passa a funcionar a partir desta quinta-feira (1\u00b0), de segunda a s\u00e1bado, das 12h \u00e0s 21h; aos domingos e feriados, das 14h \u00e0s 20h.<\/p>\n\n\n<div class=\"wp-block-image\">\n<figure class=\"aligncenter size-large is-resized\"><img loading=\"lazy\" decoding=\"async\" src=\"https:\/\/tvtecjundiai.com.br\/news\/wp-content\/uploads\/sites\/2\/2022\/08\/Maxi-Troca-de-Figurinha-2022-960x960.jpg\" alt=\"\" class=\"wp-image-97848\" width=\"575\" height=\"575\" srcset=\"https:\/\/tvtecjundiai.com.br\/news\/wp-content\/uploads\/sites\/2\/2022\/08\/Maxi-Troca-de-Figurinha-2022-960x960.jpg 960w, https:\/\/tvtecjundiai.com.br\/news\/wp-content\/uploads\/sites\/2\/2022\/08\/Maxi-Troca-de-Figurinha-2022-300x300.jpg 300w, https:\/\/tvtecjundiai.com.br\/news\/wp-content\/uploads\/sites\/2\/2022\/08\/Maxi-Troca-de-Figurinha-2022-100x100.jpg 100w, https:\/\/tvtecjundiai.com.br\/news\/wp-content\/uploads\/sites\/2\/2022\/08\/Maxi-Troca-de-Figurinha-2022-768x768.jpg 768w, https:\/\/tvtecjundiai.com.br\/news\/wp-content\/uploads\/sites\/2\/2022\/08\/Maxi-Troca-de-Figurinha-2022.jpg 1080w\" sizes=\"auto, (max-width: 575px) 100vw, 575px\" \/><\/figure>\n<\/div>\n\n\n<p>O local, caracterizado com grama sint\u00e9tica, puffs e mesas, visa promover uma experi\u00eancia de socializa\u00e7\u00e3o.<\/p>\n\n\n\n<p>\u201cO \u00e1lbum de figurinhas faz parte da hist\u00f3ria de todas as gera\u00e7\u00f5es. Pais, filhos e netos curtem essa divers\u00e3o que, em ano de Copa do Mundo, torna-se ainda mais emocionante. Assim, o Maxi Shopping resolveu dar aquela ajuda que faltava, em ambiente confort\u00e1vel, para que todos possam efetuar as trocas, ficar por dentro das sele\u00e7\u00f5es que disputar\u00e3o os Jogos no Catar, al\u00e9m de vibrar, desde j\u00e1, pelos craques do nosso pa\u00eds\u201d, ressalta a gerente de marketing Silvia Helena Orenga Sandoval.<\/p>\n\n\n\n<p><em><strong>Fonte\/Imagem: Maxi Shopping Jundia\u00ed)<\/strong><\/em><\/p>\n","protected":false},"excerpt":{"rendered":"<p>O espa\u00e7o passa a funcionar a partir desta quinta-feira (1\u00b0)<\/p>\n","protected":false},"author":30,"featured_media":97849,"comment_status":"closed","ping_status":"0","sticky":false,"template":"","format":"standard","meta":{"footnotes":""},"categories":[8356,8354,1],"tags":[],"class_list":["post-97847","post","type-post","status-publish","format-standard","has-post-thumbnail","hentry","category-jundiai","category-lazer","category-noticias"],"_links":{"self":[{"href":"https:\/\/tvtecjundiai.com.br\/news\/wp-json\/wp\/v2\/posts\/97847","targetHints":{"allow":["GET"]}}],"collection":[{"href":"https:\/\/tvtecjundiai.com.br\/news\/wp-json\/wp\/v2\/posts"}],"about":[{"href":"https:\/\/tvtecjundiai.com.br\/news\/wp-json\/wp\/v2\/types\/post"}],"author":[{"embeddable":true,"href":"https:\/\/tvtecjundiai.com.br\/news\/wp-json\/wp\/v2\/users\/30"}],"replies":[{"embeddable":true,"href":"https:\/\/tvtecjundiai.com.br\/news\/wp-json\/wp\/v2\/comments?post=97847"}],"version-history":[{"count":1,"href":"https:\/\/tvtecjundiai.com.br\/news\/wp-json\/wp\/v2\/posts\/97847\/revisions"}],"predecessor-version":[{"id":97850,"href":"https:\/\/tvtecjundiai.com.br\/news\/wp-json\/wp\/v2\/posts\/97847\/revisions\/97850"}],"wp:featuredmedia":[{"embeddable":true,"href":"https:\/\/tvtecjundiai.com.br\/news\/wp-json\/wp\/v2\/media\/97849"}],"wp:attachment":[{"href":"https:\/\/tvtecjundiai.com.br\/news\/wp-json\/wp\/v2\/media?parent=97847"}],"wp:term":[{"taxonomy":"category","embeddable":true,"href":"https:\/\/tvtecjundiai.com.br\/news\/wp-json\/wp\/v2\/categories?post=97847"},{"taxonomy":"post_tag","embeddable":true,"href":"https:\/\/tvtecjundiai.com.br\/news\/wp-json\/wp\/v2\/tags?post=97847"}],"curies":[{"name":"wp","href":"https:\/\/api.w.org\/{rel}","templated":true}]}}