{"id":97855,"date":"2022-08-31T14:58:20","date_gmt":"2022-08-31T17:58:20","guid":{"rendered":"https:\/\/tvtecjundiai.com.br\/news\/?p=97855"},"modified":"2022-08-31T15:00:58","modified_gmt":"2022-08-31T18:00:58","slug":"7-de-setembro-comercios-que-tiverem-interesse-em-trabalhar-devem-solicitar-adesao","status":"publish","type":"post","link":"https:\/\/tvtecjundiai.com.br\/news\/2022\/08\/31\/7-de-setembro-comercios-que-tiverem-interesse-em-trabalhar-devem-solicitar-adesao\/","title":{"rendered":"7 de setembro: com\u00e9rcios que tiverem interesse em trabalhar devem solicitar ades\u00e3o"},"content":{"rendered":"\n<p>O Sindicato do Com\u00e9rcio Varejista de Jundia\u00ed e Regi\u00e3o (Sincomercio) informa que os empres\u00e1rios que tiverem interesse em trabalhar no&nbsp;feriado&nbsp;de 7 de setembro, Dia da Independ\u00eancia do Brasil, dever\u00e3o procurar a entidade patronal com anteced\u00eancia para solicitar a ades\u00e3o.<\/p>\n\n\n\n<p>A entidade ressalta que o empres\u00e1rio que optar pela abertura neste\u00a0feriado\u00a0de 7 de setembro dever\u00e1 se atentar \u00e0s normas previstas na Conven\u00e7\u00e3o Coletiva de Trabalho (CCT), como pagamento de horas-extras, concess\u00e3o de folga compensat\u00f3ria, vale-transporte e alimenta\u00e7\u00e3o. Neste dia, as lojas do com\u00e9rcio de rua do Centro e dos bairros poder\u00e3o atender at\u00e9 as 18h.<\/p>\n\n\n<div class=\"wp-block-image\">\n<figure class=\"aligncenter size-large is-resized\"><img loading=\"lazy\" decoding=\"async\" src=\"https:\/\/tvtecjundiai.com.br\/news\/wp-content\/uploads\/sites\/2\/2022\/08\/movimentacao-de-pessoas-no-calcadao-do-centro_c_-34-1280x854-1-1200x801.jpg\" alt=\"\" class=\"wp-image-97856\" width=\"666\" height=\"444\" srcset=\"https:\/\/tvtecjundiai.com.br\/news\/wp-content\/uploads\/sites\/2\/2022\/08\/movimentacao-de-pessoas-no-calcadao-do-centro_c_-34-1280x854-1-1200x801.jpg 1200w, https:\/\/tvtecjundiai.com.br\/news\/wp-content\/uploads\/sites\/2\/2022\/08\/movimentacao-de-pessoas-no-calcadao-do-centro_c_-34-1280x854-1-300x200.jpg 300w, https:\/\/tvtecjundiai.com.br\/news\/wp-content\/uploads\/sites\/2\/2022\/08\/movimentacao-de-pessoas-no-calcadao-do-centro_c_-34-1280x854-1-768x512.jpg 768w, https:\/\/tvtecjundiai.com.br\/news\/wp-content\/uploads\/sites\/2\/2022\/08\/movimentacao-de-pessoas-no-calcadao-do-centro_c_-34-1280x854-1.jpg 1280w\" sizes=\"auto, (max-width: 666px) 100vw, 666px\" \/><\/figure>\n<\/div>\n\n\n<p><strong>Como solicitar?<\/strong><\/p>\n\n\n\n<p>O pedido do Certificado de Ades\u00e3o para Trabalho em&nbsp;Feriados&nbsp;deve ser feito com anteced\u00eancia pelo site&nbsp;<a rel=\"noreferrer noopener\" href=\"http:\/\/www.sincomerciojundiai.com.br\/\" target=\"_blank\">www.sincomerciojundiai.com.br<\/a>&nbsp;(Solicita\u00e7\u00e3o de abertura no&nbsp;feriado). Em caso de d\u00favidas, informe-se pelo telefone (11) 4583-1410 ou pelos e-mails&nbsp;<a rel=\"noreferrer noopener\" href=\"mailto:cadastro@sincomerciojundiai.com.br\" target=\"_blank\">cadastro@sincomerciojundiai.com.br<\/a><\/p>\n\n\n\n<p><strong><em>(Fonte: Sincomercio Jundia\u00ed\/Imagem: Prefeitura de Jundia\u00ed)<\/em><\/strong><\/p>\n","protected":false},"excerpt":{"rendered":"<p>Quem optar pela abertura deve se atentar \u00e0s normas previstas na Conven\u00e7\u00e3o Coletiva de Trabalho<\/p>\n","protected":false},"author":30,"featured_media":97856,"comment_status":"closed","ping_status":"0","sticky":false,"template":"","format":"standard","meta":{"footnotes":""},"categories":[2834,8356,1],"tags":[],"class_list":["post-97855","post","type-post","status-publish","format-standard","has-post-thumbnail","hentry","category-cidades","category-jundiai","category-noticias"],"_links":{"self":[{"href":"https:\/\/tvtecjundiai.com.br\/news\/wp-json\/wp\/v2\/posts\/97855","targetHints":{"allow":["GET"]}}],"collection":[{"href":"https:\/\/tvtecjundiai.com.br\/news\/wp-json\/wp\/v2\/posts"}],"about":[{"href":"https:\/\/tvtecjundiai.com.br\/news\/wp-json\/wp\/v2\/types\/post"}],"author":[{"embeddable":true,"href":"https:\/\/tvtecjundiai.com.br\/news\/wp-json\/wp\/v2\/users\/30"}],"replies":[{"embeddable":true,"href":"https:\/\/tvtecjundiai.com.br\/news\/wp-json\/wp\/v2\/comments?post=97855"}],"version-history":[{"count":2,"href":"https:\/\/tvtecjundiai.com.br\/news\/wp-json\/wp\/v2\/posts\/97855\/revisions"}],"predecessor-version":[{"id":97858,"href":"https:\/\/tvtecjundiai.com.br\/news\/wp-json\/wp\/v2\/posts\/97855\/revisions\/97858"}],"wp:featuredmedia":[{"embeddable":true,"href":"https:\/\/tvtecjundiai.com.br\/news\/wp-json\/wp\/v2\/media\/97856"}],"wp:attachment":[{"href":"https:\/\/tvtecjundiai.com.br\/news\/wp-json\/wp\/v2\/media?parent=97855"}],"wp:term":[{"taxonomy":"category","embeddable":true,"href":"https:\/\/tvtecjundiai.com.br\/news\/wp-json\/wp\/v2\/categories?post=97855"},{"taxonomy":"post_tag","embeddable":true,"href":"https:\/\/tvtecjundiai.com.br\/news\/wp-json\/wp\/v2\/tags?post=97855"}],"curies":[{"name":"wp","href":"https:\/\/api.w.org\/{rel}","templated":true}]}}