{"id":97862,"date":"2022-09-01T09:07:30","date_gmt":"2022-09-01T12:07:30","guid":{"rendered":"https:\/\/tvtecjundiai.com.br\/news\/?p=97862"},"modified":"2022-09-01T09:59:42","modified_gmt":"2022-09-01T12:59:42","slug":"no-ciesp-prefeito-participa-de-evento-sobre-transformacao-digital-nas-industrias","status":"publish","type":"post","link":"https:\/\/tvtecjundiai.com.br\/news\/2022\/09\/01\/no-ciesp-prefeito-participa-de-evento-sobre-transformacao-digital-nas-industrias\/","title":{"rendered":"No Ciesp, prefeito participa de evento sobre transforma\u00e7\u00e3o digital nas ind\u00fastrias"},"content":{"rendered":"\n<p>O Prefeito Luiz Fernando Machado compareceu ao evento de lan\u00e7amento do Programa Jornada de Transforma\u00e7\u00e3o Digital, realizado na manh\u00e3 desta quarta-feira (31), no CIESP Jundia\u00ed, com mais de 200 empres\u00e1rios do munic\u00edpio e de Bragan\u00e7a Paulista. O Programa visa oferecer consultorias e treinamentos para ind\u00fastrias de todo o estado de S\u00e3o Paulo, para que elas possam se modernizar e aumentar a produtividade em at\u00e9 50%. Ele \u00e9 uma iniciativa da FIESP, Senai, Sebrae e CIESP.<\/p>\n\n\n\n<p>\u201cFortalecer a inova\u00e7\u00e3o nas ind\u00fastrias \u00e9 fundamental para o crescimento da sociedade. O aumento na produ\u00e7\u00e3o gera mais oportunidades e retorno para investir em pol\u00edticas p\u00fablicas\u201d, comentou o Prefeito. \u201cCom mais recursos para investir na primeira inf\u00e2ncia, Jundia\u00ed, a Cidade das Crian\u00e7as, est\u00e1 focada em capacitar e desenvolver m\u00e3o de obra futura, que continuar\u00e1 contribuindo com a cidade e quebrar\u00e1 o ciclo de desigualdade social que temos em nosso pa\u00eds\u201d, completou o chefe do executivo.<\/p>\n\n\n<div class=\"wp-block-image\">\n<figure class=\"aligncenter size-large is-resized\"><img loading=\"lazy\" decoding=\"async\" src=\"https:\/\/tvtecjundiai.com.br\/news\/wp-content\/uploads\/sites\/2\/2022\/09\/ciesp_jornada_de_transformacao_digital-72-1200x800.jpg\" alt=\"\" class=\"wp-image-97863\" width=\"746\" height=\"497\" srcset=\"https:\/\/tvtecjundiai.com.br\/news\/wp-content\/uploads\/sites\/2\/2022\/09\/ciesp_jornada_de_transformacao_digital-72-1200x800.jpg 1200w, https:\/\/tvtecjundiai.com.br\/news\/wp-content\/uploads\/sites\/2\/2022\/09\/ciesp_jornada_de_transformacao_digital-72-300x200.jpg 300w, https:\/\/tvtecjundiai.com.br\/news\/wp-content\/uploads\/sites\/2\/2022\/09\/ciesp_jornada_de_transformacao_digital-72-768x512.jpg 768w, https:\/\/tvtecjundiai.com.br\/news\/wp-content\/uploads\/sites\/2\/2022\/09\/ciesp_jornada_de_transformacao_digital-72.jpg 1280w\" sizes=\"auto, (max-width: 746px) 100vw, 746px\" \/><\/figure>\n<\/div>\n\n\n<p>O Programa ser\u00e1 dividido em oito etapas, que v\u00e3o do diagn\u00f3stico das necessidades at\u00e9 a consolida\u00e7\u00e3o de uma ind\u00fastria inteligente. Empresas com faturamento anual de at\u00e9 R$ 8 milh\u00f5es ter\u00e3o custo zero na ades\u00e3o. Segundo o Presidente do CIESP, Rafael Cervone, a meta \u00e9 capacitar 40 mil empresas em um per\u00edodo de 4 anos. \u201cJundia\u00ed \u00e9 uma cidade fundamental para a consolida\u00e7\u00e3o desse programa, pois tem um polo industrial muito forte, muito potencial na capta\u00e7\u00e3o de empresas e na retomada da economia. Temos em nossas m\u00e3os uma grande chance de retomar de vez a produ\u00e7\u00e3o\u201d, afirmou Cervone. O Jornada de Transforma\u00e7\u00e3o Digital j\u00e1 est\u00e1 em pr\u00e1tica desde maio.<\/p>\n\n\n\n<p>A empres\u00e1ria do ramo de massas, Marli Bulizani Silvestroni j\u00e1 aderiu ao Programa. Ela conta que passou por um aprimoramento dos colaboradores, um processo de inova\u00e7\u00e3o e j\u00e1 percebeu um aumento na produtividade e vendas. \u201cEsperamos crescer em torno de 50% em uma cidade j\u00e1 muito promissora economicamente, como \u00e9 Jundia\u00ed\u201d, projetou.<\/p>\n\n\n\n<p>Para o Gestor de Governo e Finan\u00e7as, Jos\u00e9 Antonio Parimoschi, o munic\u00edpio s\u00f3 tem a ganhar com esses Programas. \u201cO fortalecimento das nossas ind\u00fastrias agrega ainda mais valor \u00e0 nossa forte economia. Isso nos possibilita investir para melhorar a infraestrutura e os servi\u00e7os ofertados e contribuir com o desenvolvimento dos nossos mun\u00edcipes\u201d, avaliou.<\/p>\n\n\n\n<p><strong><em>(Fonte\/Imagem: Prefeitura de Jundia\u00ed)<\/em><\/strong><\/p>\n","protected":false},"excerpt":{"rendered":"<p>Programa Jornada de Transforma\u00e7\u00e3o Digital visa oferecer consultorias e treinamentos para ind\u00fastrias do estado de SP<\/p>\n","protected":false},"author":30,"featured_media":97863,"comment_status":"closed","ping_status":"0","sticky":false,"template":"","format":"standard","meta":{"footnotes":""},"categories":[8356,1,2835],"tags":[],"class_list":["post-97862","post","type-post","status-publish","format-standard","has-post-thumbnail","hentry","category-jundiai","category-noticias","category-tecnologia"],"_links":{"self":[{"href":"https:\/\/tvtecjundiai.com.br\/news\/wp-json\/wp\/v2\/posts\/97862","targetHints":{"allow":["GET"]}}],"collection":[{"href":"https:\/\/tvtecjundiai.com.br\/news\/wp-json\/wp\/v2\/posts"}],"about":[{"href":"https:\/\/tvtecjundiai.com.br\/news\/wp-json\/wp\/v2\/types\/post"}],"author":[{"embeddable":true,"href":"https:\/\/tvtecjundiai.com.br\/news\/wp-json\/wp\/v2\/users\/30"}],"replies":[{"embeddable":true,"href":"https:\/\/tvtecjundiai.com.br\/news\/wp-json\/wp\/v2\/comments?post=97862"}],"version-history":[{"count":2,"href":"https:\/\/tvtecjundiai.com.br\/news\/wp-json\/wp\/v2\/posts\/97862\/revisions"}],"predecessor-version":[{"id":97872,"href":"https:\/\/tvtecjundiai.com.br\/news\/wp-json\/wp\/v2\/posts\/97862\/revisions\/97872"}],"wp:featuredmedia":[{"embeddable":true,"href":"https:\/\/tvtecjundiai.com.br\/news\/wp-json\/wp\/v2\/media\/97863"}],"wp:attachment":[{"href":"https:\/\/tvtecjundiai.com.br\/news\/wp-json\/wp\/v2\/media?parent=97862"}],"wp:term":[{"taxonomy":"category","embeddable":true,"href":"https:\/\/tvtecjundiai.com.br\/news\/wp-json\/wp\/v2\/categories?post=97862"},{"taxonomy":"post_tag","embeddable":true,"href":"https:\/\/tvtecjundiai.com.br\/news\/wp-json\/wp\/v2\/tags?post=97862"}],"curies":[{"name":"wp","href":"https:\/\/api.w.org\/{rel}","templated":true}]}}