{"id":9787,"date":"2018-05-04T12:36:44","date_gmt":"2018-05-04T15:36:44","guid":{"rendered":"https:\/\/tvtecjundiai.com.br\/news\/?p=9787"},"modified":"2018-05-04T12:36:44","modified_gmt":"2018-05-04T15:36:44","slug":"achados-e-perdidos-tem-mais-de-480-itens-no-terminal-vila-arens","status":"publish","type":"post","link":"https:\/\/tvtecjundiai.com.br\/news\/2018\/05\/04\/achados-e-perdidos-tem-mais-de-480-itens-no-terminal-vila-arens\/","title":{"rendered":"Achados e Perdidos tem mais de 480 itens no Terminal Vila Arens"},"content":{"rendered":"<div id=\"attachment_9788\" style=\"width: 410px\" class=\"wp-caption alignright\"><a href=\"https:\/\/tvtecjundiai.com.br\/news\/wp-content\/uploads\/sites\/2\/2018\/05\/achados_e_perdidos-2.jpg\"><img loading=\"lazy\" decoding=\"async\" aria-describedby=\"caption-attachment-9788\" class=\"wp-image-9788\" src=\"https:\/\/tvtecjundiai.com.br\/news\/wp-content\/uploads\/sites\/2\/2018\/05\/achados_e_perdidos-2-300x216.jpg\" alt=\"\" width=\"400\" height=\"287\" srcset=\"https:\/\/tvtecjundiai.com.br\/news\/wp-content\/uploads\/sites\/2\/2018\/05\/achados_e_perdidos-2-300x216.jpg 300w, https:\/\/tvtecjundiai.com.br\/news\/wp-content\/uploads\/sites\/2\/2018\/05\/achados_e_perdidos-2-768x552.jpg 768w, https:\/\/tvtecjundiai.com.br\/news\/wp-content\/uploads\/sites\/2\/2018\/05\/achados_e_perdidos-2-1200x862.jpg 1200w, https:\/\/tvtecjundiai.com.br\/news\/wp-content\/uploads\/sites\/2\/2018\/05\/achados_e_perdidos-2.jpg 1240w\" sizes=\"auto, (max-width: 400px) 100vw, 400px\" \/><\/a><p id=\"caption-attachment-9788\" class=\"wp-caption-text\">Cerca de 480 itens foram cadastrados somente este ano no setor<\/p><\/div>\n<p>A Unidade de Gest\u00e3o de Mobilidade e Transporte (UGMT) disp\u00f5e, desde julho do ano passado, de um setor de Achados e Perdidos, que fica localizado no Terminal Vila Arens. Somente nos primeiros quatro meses deste ano, cerca de 480 itens foram coletados e cadastrados. A maioria \u00e9 de cart\u00f5es e documentos pessoais diversos, al\u00e9m de acess\u00f3rios, como \u00f3culos.<\/p>\n<p>Portanto, usu\u00e1rios que utilizam o sistema de transporte coletivo de Jundia\u00ed que tenham perdido algum item pessoal nos \u00f4nibus ou terminais devem procurar o setor e verificar se ele foi encontrado. Os itens localizados nos sete terminais e dentro dos coletivos s\u00e3o recebidos e cadastrados, permanecendo dispon\u00edveis para retirada pelo per\u00edodo de 30 dias.<\/p>\n<p><strong>As orienta\u00e7\u00f5es para retirada s\u00e3o as seguintes:<\/strong><\/p>\n<ul>\n<li>Em casos de documentos pessoais, o titular dever\u00e1 apresentar um documento com foto, boletim de ocorr\u00eancia e a cita\u00e7\u00e3o verbal do documento.<\/li>\n<li>Com rela\u00e7\u00e3o a objetos eletr\u00f4nicos (celulares, tablets ou notebooks) ser\u00e1 necess\u00e1rio o desbloqueio da senha do equipamento.<\/li>\n<li>Para outros pertences, a comprova\u00e7\u00e3o ser\u00e1 realizada pela descri\u00e7\u00e3o dos artigos.<\/li>\n<\/ul>\n<p>O atendimento no Terminal Vila Arens funciona de segunda a sexta-feira, das 08h \u00e0s 17h. Informa\u00e7\u00f5es podem ser obtidas pelo telefone (11) 4587-8832.<\/p>\n<p><em>Fonte: Prefeitura de Jundia\u00ed<\/em><\/p>\n","protected":false},"excerpt":{"rendered":"<p>Usu\u00e1rios que tenham perdido algum objeto devem procurar o setor e verificar se ele foi encontrado<\/p>\n","protected":false},"author":10,"featured_media":9788,"comment_status":"closed","ping_status":"closed","sticky":false,"template":"","format":"standard","meta":{"footnotes":""},"categories":[2834],"tags":[3078,5,858,15],"class_list":["post-9787","post","type-post","status-publish","format-standard","has-post-thumbnail","hentry","category-cidades","tag-achado-e-perdidos","tag-jundiai","tag-transportes","tag-tvtec"],"_links":{"self":[{"href":"https:\/\/tvtecjundiai.com.br\/news\/wp-json\/wp\/v2\/posts\/9787","targetHints":{"allow":["GET"]}}],"collection":[{"href":"https:\/\/tvtecjundiai.com.br\/news\/wp-json\/wp\/v2\/posts"}],"about":[{"href":"https:\/\/tvtecjundiai.com.br\/news\/wp-json\/wp\/v2\/types\/post"}],"author":[{"embeddable":true,"href":"https:\/\/tvtecjundiai.com.br\/news\/wp-json\/wp\/v2\/users\/10"}],"replies":[{"embeddable":true,"href":"https:\/\/tvtecjundiai.com.br\/news\/wp-json\/wp\/v2\/comments?post=9787"}],"version-history":[{"count":1,"href":"https:\/\/tvtecjundiai.com.br\/news\/wp-json\/wp\/v2\/posts\/9787\/revisions"}],"predecessor-version":[{"id":9789,"href":"https:\/\/tvtecjundiai.com.br\/news\/wp-json\/wp\/v2\/posts\/9787\/revisions\/9789"}],"wp:featuredmedia":[{"embeddable":true,"href":"https:\/\/tvtecjundiai.com.br\/news\/wp-json\/wp\/v2\/media\/9788"}],"wp:attachment":[{"href":"https:\/\/tvtecjundiai.com.br\/news\/wp-json\/wp\/v2\/media?parent=9787"}],"wp:term":[{"taxonomy":"category","embeddable":true,"href":"https:\/\/tvtecjundiai.com.br\/news\/wp-json\/wp\/v2\/categories?post=9787"},{"taxonomy":"post_tag","embeddable":true,"href":"https:\/\/tvtecjundiai.com.br\/news\/wp-json\/wp\/v2\/tags?post=9787"}],"curies":[{"name":"wp","href":"https:\/\/api.w.org\/{rel}","templated":true}]}}